{"id":492,"date":"2023-08-29T15:47:00","date_gmt":"2023-08-29T13:47:00","guid":{"rendered":"https:\/\/kampanj.expressen.se\/seafoodfromnorway\/?p=492"},"modified":"2025-04-22T15:42:49","modified_gmt":"2025-04-22T13:42:49","slug":"taco-fiesta-superenkelt-tilltugg-med-fredagskansla","status":"publish","type":"post","link":"https:\/\/kampanj.expressen.se\/seafoodfromnorway\/taco-fiesta-superenkelt-tilltugg-med-fredagskansla\/","title":{"rendered":"Taco fiesta! Superenkelt tilltugg med fredagsk\u00e4nsla"},"content":{"rendered":"<p>[et_pb_section fb_built=&#8221;1&#8243; _builder_version=&#8221;4.19.4&#8243; _module_preset=&#8221;default&#8221; background_color=&#8221;#F8F8F8&#8243; global_colors_info=&#8221;{}&#8221; theme_builder_area=&#8221;post_content&#8221;][et_pb_row _builder_version=&#8221;4.19.4&#8243; _module_preset=&#8221;default&#8221; width=&#8221;100%&#8221; max_width=&#8221;988px&#8221; custom_padding=&#8221;||0px||false|false&#8221; global_colors_info=&#8221;{}&#8221; theme_builder_area=&#8221;post_content&#8221;][et_pb_column type=&#8221;4_4&#8243; _builder_version=&#8221;4.19.4&#8243; _module_preset=&#8221;default&#8221; global_colors_info=&#8221;{}&#8221; theme_builder_area=&#8221;post_content&#8221;][et_pb_image src=&#8221;https:\/\/kampanj.expressen.se\/seafoodfromnorway\/wp-content\/uploads\/2023\/08\/full_tacofiesta-especiale.jpg&#8221; title_text=&#8221;full_tacofiesta-especiale&#8221; _builder_version=&#8221;4.22.1&#8243; _module_preset=&#8221;default&#8221; custom_margin=&#8221;||30px||false|false&#8221; custom_padding=&#8221;||||false|false&#8221; global_colors_info=&#8221;{}&#8221; theme_builder_area=&#8221;post_content&#8221;][\/et_pb_image][et_pb_text _builder_version=&#8221;4.22.1&#8243; _module_preset=&#8221;default&#8221; header_font_size=&#8221;55px&#8221; width=&#8221;100%&#8221; width_tablet=&#8221;80%&#8221; width_phone=&#8221;90%&#8221; width_last_edited=&#8221;on|phone&#8221; max_width=&#8221;648px&#8221; module_alignment=&#8221;center&#8221; custom_margin=&#8221;||10px||false|false&#8221; custom_padding=&#8221;||0px||false|false&#8221; header_font_size_tablet=&#8221;50px&#8221; header_font_size_phone=&#8221;31px&#8221; header_font_size_last_edited=&#8221;on|phone&#8221; global_colors_info=&#8221;{}&#8221; theme_builder_area=&#8221;post_content&#8221;]<\/p>\n<h1>Taco fiesta! Superenkelt tilltugg med fredagsk\u00e4nsla<\/h1>\n<p>[\/et_pb_text][et_pb_text module_class=&#8221;ingress&#8221; _builder_version=&#8221;4.22.1&#8243; _module_preset=&#8221;default&#8221; text_font=&#8221;|700|||||||&#8221; text_font_size=&#8221;22px&#8221; header_font_size=&#8221;50px&#8221; width=&#8221;100%&#8221; width_tablet=&#8221;80%&#8221; width_phone=&#8221;90%&#8221; width_last_edited=&#8221;on|phone&#8221; max_width=&#8221;648px&#8221; module_alignment=&#8221;center&#8221; custom_margin=&#8221;0px||10px||false|false&#8221; custom_padding=&#8221;0px||||false|false&#8221; global_colors_info=&#8221;{}&#8221; theme_builder_area=&#8221;post_content&#8221;]<\/p>\n<h6><b>S\u00e4tt guldkant p\u00e5 vardagen med ett festligt recept p\u00e5 r\u00e4kor. F\u00f6rutom att r\u00e4kan \u00e4r ett gott skaldjur \u00e4r det \u00e4ven n\u00e4ringsrikt och en underbar ingrediens som s\u00e4tter smak p\u00e5 vilken r\u00e4tt som helst.<\/b><\/h6>\n<p>[\/et_pb_text][et_pb_text module_class=&#8221;ingress&#8221; _builder_version=&#8221;4.22.1&#8243; _module_preset=&#8221;default&#8221; text_font=&#8221;||||||||&#8221; header_font_size=&#8221;50px&#8221; width=&#8221;100%&#8221; width_tablet=&#8221;80%&#8221; width_phone=&#8221;90%&#8221; width_last_edited=&#8221;on|phone&#8221; max_width=&#8221;648px&#8221; module_alignment=&#8221;center&#8221; custom_margin=&#8221;||0px||false|false&#8221; global_colors_info=&#8221;{}&#8221; theme_builder_area=&#8221;post_content&#8221;]<\/p>\n<p><a href=\"https:\/\/norskfisk.se\/recept\/?fishType=68&amp;utm_source=TKM-bonnier&amp;utm_medium=nativeartiklar&amp;utm_campaign=bonnier-host&amp;utm_content=rakor\" target=\"_blank\" rel=\"noopener\"><strong>EXTERN L\u00c4NK: Hitta goda recept med r\u00e4kor h\u00e4r.<\/strong><\/a><\/p>\n<p>Med f\u00e4rdigskalade, kokta r\u00e4kor i frysen kan du njuta av norska delikatesser p\u00e5 nolltid. Norska r\u00e4kor \u00e4r ett av de mest m\u00e5ngsidiga skaldjur som finns och ofta associeras r\u00e4kor med en fr\u00e4sch r\u00e4ksm\u00f6rg\u00e5s, men det finns s\u00e5 m\u00e5nga fler r\u00e4tter d\u00e4r r\u00e4kan kan vara hj\u00e4lten.<\/p>\n<p>\u2013 Testa att byta ut ett annat protein i favoritr\u00e4tterna hemma med just frysta, skalade r\u00e4kor. Kanske i pasta, tacos eller varf\u00f6r inte p\u00e5 en pizza? R\u00e4kor funkar faktiskt lika bra till vardag som till fest, s\u00e4ger Charlotte Rapp, Manager Sverige p\u00e5 Norges Sj\u00f8matr\u00e5d.<\/p>\n<p><strong>Visste du att\u2026<\/strong> F\u00f6rra \u00e5ret exporterades 3 204 ton r\u00e4kor fr\u00e5n v\u00e5rt grannland Norge till Sverige.<\/p>\n<p>[\/et_pb_text][et_pb_image src=&#8221;https:\/\/kampanj.expressen.se\/seafoodfromnorway\/wp-content\/uploads\/2023\/06\/ns-charlotte-rapp.jpg&#8221; title_text=&#8221;pasta-al-limone-cod&#8221; _builder_version=&#8221;4.22.1&#8243; _module_preset=&#8221;default&#8221; width=&#8221;100%&#8221; width_tablet=&#8221;80%&#8221; width_phone=&#8221;100%&#8221; width_last_edited=&#8221;on|phone&#8221; max_width=&#8221;648px&#8221; module_alignment=&#8221;center&#8221; custom_margin=&#8221;0px||0px||false|false&#8221; custom_padding=&#8221;30px||10px||false|false&#8221; locked=&#8221;off&#8221; global_colors_info=&#8221;{}&#8221; theme_builder_area=&#8221;post_content&#8221;][\/et_pb_image][et_pb_text module_class=&#8221;bildtext&#8221; _builder_version=&#8221;4.22.1&#8243; _module_preset=&#8221;default&#8221; text_text_color=&#8221;#666666&#8243; text_font_size=&#8221;16px&#8221; text_line_height=&#8221;1.3em&#8221; header_font_size=&#8221;50px&#8221; width=&#8221;100%&#8221; width_tablet=&#8221;80%&#8221; width_phone=&#8221;90%&#8221; width_last_edited=&#8221;on|phone&#8221; max_width=&#8221;648px&#8221; module_alignment=&#8221;center&#8221; custom_margin=&#8221;0px||||false|false&#8221; custom_padding=&#8221;0px||||false|false&#8221; locked=&#8221;off&#8221; global_colors_info=&#8221;{}&#8221; theme_builder_area=&#8221;post_content&#8221;]Charlotte Rapp om torsk fr\u00e5n Norge: \u201cTorsken \u00e4r ber\u00f6md f\u00f6r sin h\u00f6ga kvalitet\u201d.[\/et_pb_text][et_pb_image src=&#8221;https:\/\/kampanj.expressen.se\/seafoodfromnorway\/wp-content\/uploads\/2023\/05\/E107_437077_449813_SFN_Cod_Digital_Banners_620x1000px_Together_SE.jpg&#8221; title_text=&#8221;E107_437077_449813_SFN_Cod_Digital_Banners_620x1000px_Together_SE&#8221; url=&#8221;https:\/\/norskfisk.se\/sjomat-fran-norge\/torsk\/?utm_source=TKM-bonnier&#038;utm_medium=banner&#038;utm_campaign=bonnier-var&#038;utm_content=torsk&#8221; url_new_window=&#8221;on&#8221; disabled_on=&#8221;off|on|on&#8221; admin_label=&#8221;Banner &#8211; Mobil &#8211; Torsk 1&#8243; _builder_version=&#8221;4.21.0&#8243; _module_preset=&#8221;default&#8221; background_color=&#8221;#eaeaea&#8221; custom_padding=&#8221;20px|5px|5px|5px|false|false&#8221; custom_css_before=&#8221;content: %22ANNONS%22;||font-size: 12px;||position:relative;||top:-10px;&#8221; global_module=&#8221;278&#8243; saved_tabs=&#8221;all&#8221; locked=&#8221;off&#8221; global_colors_info=&#8221;{}&#8221; theme_builder_area=&#8221;post_content&#8221;][\/et_pb_image][et_pb_text module_class=&#8221;ingress&#8221; _builder_version=&#8221;4.22.1&#8243; _module_preset=&#8221;default&#8221; text_font=&#8221;||||||||&#8221; header_font_size=&#8221;50px&#8221; width=&#8221;100%&#8221; width_tablet=&#8221;80%&#8221; width_phone=&#8221;90%&#8221; width_last_edited=&#8221;on|phone&#8221; max_width=&#8221;648px&#8221; module_alignment=&#8221;center&#8221; custom_margin=&#8221;20px||0px||false|false&#8221; custom_padding=&#8221;||||false|false&#8221; global_colors_info=&#8221;{}&#8221; theme_builder_area=&#8221;post_content&#8221;]<\/p>\n<h2>Den norska r\u00e4kans f\u00f6rdelar<\/h2>\n<p>Runt om i v\u00e4rlden finns det \u00f6ver 2000 olika r\u00e4karter. Vissa \u00e4r stora och andra v\u00e4ldigt sm\u00e5. Nordhavsr\u00e4kan som \u00e4ven kallas f\u00f6r ishavsr\u00e4ka \u00e4r en av de st\u00f6rre sorterna. Den kan bli upp till 16 centimeter l\u00e5ng. Det lilla skaldjuret fr\u00e5n Norge har m\u00e5nga f\u00f6rdelar och \u00e4r en nyttig och uts\u00f6kt munsbit. Ishavsr\u00e4kor \u00e4r rika p\u00e5 protein, vitamin A, D, B12, kalcium och selen. De norska r\u00e4korna lever i de norska fjordarnas och kustens iskalla vatten samt i Nordsj\u00f6n och Barents hav.<\/p>\n<p>\u2013 H\u00e4r finns de perfekta levnadsf\u00f6rh\u00e5llandena f\u00f6r r\u00e4kor. De l\u00e5ga vattentemperaturerna f\u00e5r dem att v\u00e4xa och mogna l\u00e5ngsamt, s\u00e4ger Charlotte Rapp.<\/p>\n<p>[\/et_pb_text][et_pb_image src=&#8221;https:\/\/kampanj.expressen.se\/seafoodfromnorway\/wp-content\/uploads\/2023\/08\/pexels-annie-untalan-4015334-2.jpg&#8221; title_text=&#8221;pexels-annie-untalan-4015334-2&#8243; _builder_version=&#8221;4.22.1&#8243; _module_preset=&#8221;default&#8221; width=&#8221;100%&#8221; width_tablet=&#8221;80%&#8221; width_phone=&#8221;100%&#8221; width_last_edited=&#8221;on|phone&#8221; max_width=&#8221;648px&#8221; module_alignment=&#8221;center&#8221; custom_margin=&#8221;0px||0px||false|false&#8221; custom_padding=&#8221;30px||10px||false|false&#8221; locked=&#8221;off&#8221; global_colors_info=&#8221;{}&#8221; theme_builder_area=&#8221;post_content&#8221;][\/et_pb_image][et_pb_text module_class=&#8221;bildtext&#8221; _builder_version=&#8221;4.22.1&#8243; _module_preset=&#8221;default&#8221; text_text_color=&#8221;#666666&#8243; text_font_size=&#8221;16px&#8221; text_line_height=&#8221;1.3em&#8221; header_font_size=&#8221;50px&#8221; width=&#8221;100%&#8221; width_tablet=&#8221;80%&#8221; width_phone=&#8221;90%&#8221; width_last_edited=&#8221;on|phone&#8221; max_width=&#8221;648px&#8221; module_alignment=&#8221;center&#8221; custom_margin=&#8221;0px||0px||false|false&#8221; custom_padding=&#8221;0px||||false|false&#8221; locked=&#8221;off&#8221; global_colors_info=&#8221;{}&#8221; theme_builder_area=&#8221;post_content&#8221;]<\/p>\n<p>De skalade och frysta norska r\u00e4korna \u00e4r en produkt av h\u00f6g kvalitet \u2013 f\u00f6rkokta och redo att \u00e4tas.<\/p>\n<p>[\/et_pb_text][et_pb_image src=&#8221;https:\/\/kampanj.expressen.se\/seafoodfromnorway\/wp-content\/uploads\/2023\/08\/full_tacofiesta-especiale.jpg&#8221; title_text=&#8221;full_tacofiesta-especiale&#8221; _builder_version=&#8221;4.22.1&#8243; _module_preset=&#8221;default&#8221; width=&#8221;100%&#8221; width_tablet=&#8221;80%&#8221; width_phone=&#8221;100%&#8221; width_last_edited=&#8221;on|phone&#8221; max_width=&#8221;648px&#8221; module_alignment=&#8221;center&#8221; custom_margin=&#8221;0px||0px||false|false&#8221; custom_padding=&#8221;30px||30px||false|false&#8221; locked=&#8221;off&#8221; global_colors_info=&#8221;{}&#8221; theme_builder_area=&#8221;post_content&#8221;][\/et_pb_image][et_pb_text module_class=&#8221;ingress&#8221; _builder_version=&#8221;4.22.1&#8243; _module_preset=&#8221;default&#8221; text_font=&#8221;||||||||&#8221; header_font_size=&#8221;50px&#8221; width=&#8221;100%&#8221; width_tablet=&#8221;80%&#8221; width_phone=&#8221;90%&#8221; width_last_edited=&#8221;on|phone&#8221; max_width=&#8221;648px&#8221; module_alignment=&#8221;center&#8221; custom_margin=&#8221;||0px||false|false&#8221; locked=&#8221;off&#8221; global_colors_info=&#8221;{}&#8221; theme_builder_area=&#8221;post_content&#8221;]<\/p>\n<h2>Recept: Tacofiesta especiale<\/h2>\n<p>Fira in fredagen med en enkel godbit med nachos och norska skalade r\u00e4kor. Perfekt som en liten f\u00f6rr\u00e4tt.<\/p>\n<p>4 portioner<\/p>\n<p>[\/et_pb_text][et_pb_image src=&#8221;https:\/\/kampanj.expressen.se\/seafoodfromnorway\/wp-content\/uploads\/2023\/05\/E107_437077_449813_SFN_Cod_Digital_Banners_620x1000px_Exciting_SE.jpg&#8221; title_text=&#8221;E107_437077_449813_SFN_Cod_Digital_Banners_620x1000px_Exciting_SE&#8221; url=&#8221;https:\/\/norskfisk.se\/sjomat-fran-norge\/torsk\/?utm_source=TKM-bonnier&#038;utm_medium=banner&#038;utm_campaign=bonnier-var&#038;utm_content=torsk&#8221; url_new_window=&#8221;on&#8221; disabled_on=&#8221;off|on|on&#8221; admin_label=&#8221;Banner &#8211; Mobil &#8211; Torsk 2&#8243; _builder_version=&#8221;4.21.0&#8243; _module_preset=&#8221;default&#8221; background_color=&#8221;#eaeaea&#8221; custom_margin=&#8221;29px|||||&#8221; custom_padding=&#8221;20px|5px|5px|5px|false|false&#8221; custom_css_before=&#8221;content: %22ANNONS%22;||font-size: 12px;||position:relative;||top:-10px;&#8221; global_module=&#8221;277&#8243; saved_tabs=&#8221;all&#8221; locked=&#8221;off&#8221; global_colors_info=&#8221;{}&#8221; theme_builder_area=&#8221;post_content&#8221;][\/et_pb_image][\/et_pb_column][\/et_pb_row][et_pb_row column_structure=&#8221;2_5,3_5&#8243; _builder_version=&#8221;4.21.0&#8243; _module_preset=&#8221;default&#8221; background_color=&#8221;rgba(220,220,220,0.5)&#8221; width=&#8221;100%&#8221; width_tablet=&#8221;80%&#8221; width_phone=&#8221;90%&#8221; width_last_edited=&#8221;on|phone&#8221; max_width=&#8221;648px&#8221; custom_margin=&#8221;19px||0px||false|false&#8221; custom_padding=&#8221;20px|20px|20px|20px|true|true&#8221; border_color_top=&#8221;#dcdcdc&#8221; border_color_bottom=&#8221;#dcdcdc&#8221; locked=&#8221;off&#8221; global_colors_info=&#8221;{}&#8221; theme_builder_area=&#8221;post_content&#8221;][et_pb_column type=&#8221;2_5&#8243; _builder_version=&#8221;4.21.0&#8243; _module_preset=&#8221;default&#8221; global_colors_info=&#8221;{}&#8221; theme_builder_area=&#8221;post_content&#8221;][et_pb_text module_class=&#8221;ingress&#8221; _builder_version=&#8221;4.22.1&#8243; _module_preset=&#8221;default&#8221; text_font=&#8221;||||||||&#8221; header_font_size=&#8221;50px&#8221; width=&#8221;100%&#8221; width_tablet=&#8221;80%&#8221; width_phone=&#8221;90%&#8221; width_last_edited=&#8221;off|tablet&#8221; module_alignment=&#8221;center&#8221; custom_margin=&#8221;||0px||false|false&#8221; custom_padding=&#8221;||0px||false|false&#8221; global_colors_info=&#8221;{}&#8221; theme_builder_area=&#8221;post_content&#8221;]<\/p>\n<h3>Du beh\u00f6ver:<\/h3>\n<p>400 g Norska r\u00e4kor, skalade<br \/>\n200 g nachochips<br \/>\n3 dl gr\u00e4ddfil<br \/>\nEn halv gurka<br \/>\nEn halv r\u00f6dl\u00f6k<br \/>\n1 st majskolv<br \/>\n1 paket tacokryddor[\/et_pb_text][\/et_pb_column][et_pb_column type=&#8221;3_5&#8243; _builder_version=&#8221;4.21.0&#8243; _module_preset=&#8221;default&#8221; global_colors_info=&#8221;{}&#8221; theme_builder_area=&#8221;post_content&#8221;][et_pb_text module_class=&#8221;ingress&#8221; _builder_version=&#8221;4.22.1&#8243; _module_preset=&#8221;default&#8221; text_font=&#8221;||||||||&#8221; header_font_size=&#8221;50px&#8221; width=&#8221;100%&#8221; width_tablet=&#8221;80%&#8221; width_phone=&#8221;90%&#8221; width_last_edited=&#8221;off|tablet&#8221; module_alignment=&#8221;center&#8221; custom_margin=&#8221;||0px||false|false&#8221; custom_padding=&#8221;||0px||false|false&#8221; global_colors_info=&#8221;{}&#8221; theme_builder_area=&#8221;post_content&#8221;]<\/p>\n<h3>G\u00f6r s\u00e5 h\u00e4r:<\/h3>\n<p>1. L\u00e5t gr\u00e4ddfilen rinna av i ett kaffefilter.<\/p>\n<p>2. Skala och skiva gurkan.<\/p>\n<p>3. Sk\u00e4r av och rosta majsen p\u00e5 h\u00f6g v\u00e4rme i en torr teflonpanna. L\u00e5t svalna.<\/p>\n<p>4. Blanda gr\u00e4ddfilen med tacokryddan och h\u00e4lften av den rostade majsen.<\/p>\n<p>5. Skiva r\u00f6dl\u00f6ken mycket tunt.<\/p>\n<p>6. L\u00e4gg gurka, r\u00e4kor, r\u00f6dl\u00f6k och en klick tacogr\u00e4ddfil p\u00e5 nachochipsen.<\/p>\n<p>[\/et_pb_text][\/et_pb_column][\/et_pb_row][et_pb_row _builder_version=&#8221;4.21.0&#8243; _module_preset=&#8221;default&#8221; width=&#8221;100%&#8221; max_width=&#8221;988px&#8221; custom_padding=&#8221;||0px||false|false&#8221; locked=&#8221;off&#8221; global_colors_info=&#8221;{}&#8221; theme_builder_area=&#8221;post_content&#8221;][et_pb_column type=&#8221;4_4&#8243; _builder_version=&#8221;4.21.0&#8243; _module_preset=&#8221;default&#8221; global_colors_info=&#8221;{}&#8221; theme_builder_area=&#8221;post_content&#8221;][et_pb_text module_class=&#8221;ingress&#8221; _builder_version=&#8221;4.22.1&#8243; _module_preset=&#8221;default&#8221; text_font=&#8221;||||||||&#8221; header_font_size=&#8221;50px&#8221; width=&#8221;100%&#8221; width_tablet=&#8221;80%&#8221; width_phone=&#8221;90%&#8221; width_last_edited=&#8221;on|phone&#8221; max_width=&#8221;648px&#8221; module_alignment=&#8221;center&#8221; custom_margin=&#8221;||||false|false&#8221; global_colors_info=&#8221;{}&#8221; theme_builder_area=&#8221;post_content&#8221;]<\/p>\n<h2>Se fler recept med r\u00e4kor:<\/h2>\n<p><a href=\"https:\/\/norskfisk.se\/recipes\/rakor\/r%C3%A4ktacos\/?utm_source=TKM-bonnier&amp;utm_medium=nativeartiklar&amp;utm_campaign=bonnier-host&amp;utm_content=rakor\" target=\"_blank\" rel=\"noopener\"><strong>R\u00e4ktacos<\/strong><\/a><br \/><a href=\"https:\/\/norskfisk.se\/recipes\/rakor\/sparrissoppa-med-r%C3%A4kor\/?utm_source=TKM-bonnier&amp;utm_medium=nativeartiklar&amp;utm_campaign=bonnier-host&amp;utm_content=rakor\" target=\"_blank\" rel=\"noopener\"><strong>Sparrissoppa med r\u00e4kor<\/strong><\/a><br \/><a href=\"https:\/\/norskfisk.se\/recipes\/rakor\/wokade-nudlar-och-frysta-skalade-r%C3%A4kor\/?utm_source=TKM-bonnier&amp;utm_medium=nativeartiklar&amp;utm_campaign=bonnier-host&amp;utm_content=rakor\" target=\"_blank\" rel=\"noopener\"><strong>Wokade nudlar och frysta skalade r\u00e4kor<\/strong><\/a><\/p>\n<p>[\/et_pb_text][et_pb_image src=&#8221;https:\/\/kampanj.expressen.se\/seafoodfromnorway\/wp-content\/uploads\/2023\/06\/banner-rakor-2.jpg&#8221; title_text=&#8221;banner-rakor-1&#8243; url=&#8221;https:\/\/norskfisk.se\/sjomat-fran-norge\/ishavsrakan\/?utm_source=TKM-bonnier&#038;utm_medium=banner&#038;utm_campaign=bonnier-var&#038;utm_content=rakor&#8221; src_tablet=&#8221;https:\/\/kampanj.expressen.se\/seafoodfromnorway\/wp-content\/uploads\/2023\/06\/banner-rakor-1.jpg&#8221; src_phone=&#8221;&#8221; src_last_edited=&#8221;on|phone&#8221; _builder_version=&#8221;4.22.1&#8243; _module_preset=&#8221;default&#8221; background_color=&#8221;#eaeaea&#8221; custom_padding=&#8221;20px|5px|5px|5px|false|true&#8221; custom_css_before=&#8221;content: %22ANNONS%22;||font-size: 12px;||position:relative;||top:-10px;&#8221; global_module=&#8221;441&#8243; saved_tabs=&#8221;all&#8221; global_colors_info=&#8221;{}&#8221; theme_builder_area=&#8221;post_content&#8221;][\/et_pb_image][et_pb_text module_class=&#8221;ingress&#8221; _builder_version=&#8221;4.22.1&#8243; _module_preset=&#8221;default&#8221; text_font=&#8221;||||||||&#8221; header_font_size=&#8221;50px&#8221; width=&#8221;100%&#8221; width_tablet=&#8221;80%&#8221; width_phone=&#8221;90%&#8221; width_last_edited=&#8221;on|phone&#8221; max_width=&#8221;648px&#8221; module_alignment=&#8221;center&#8221; custom_margin=&#8221;30px||0px||false|false&#8221; custom_padding=&#8221;20px|20px|20px|20px|true|true&#8221; border_width_all=&#8221;1px&#8221; border_color_all=&#8221;#dcdcdc&#8221; global_colors_info=&#8221;{}&#8221; theme_builder_area=&#8221;post_content&#8221;]<\/p>\n<h2>Norsk sj\u00f6mat<\/h2>\n<p>Norge har perfekta f\u00f6rh\u00e5llanden f\u00f6r sm\u00e5 och stora fiskar, skaldjur och andra organismer och \u00e4r v\u00e4rldens n\u00e4st st\u00f6rsta export\u00f6r av sj\u00f6mat. Det \u00e4r tack vare Golfstr\u00f6mmen som f\u00f6r med sig varmt vatten fr\u00e5n Mexikanska golfen hela v\u00e4gen \u00f6ver Atlanten, som sedan flyter norrut l\u00e4ngs den norska kusten in i Arktis iskalla vatten. Tips! Kika p\u00e5 f\u00f6rpackningen f\u00f6r att ta reda p\u00e5 om sj\u00f6maten kommer fr\u00e5n Norge.<br \/>\n <a href=\"https:\/\/norskfisk.se\/varfor-valja-norskt\/perfekta-forhallanden\/?utm_source=TKM-bonnier&#038;utm_medium=nativeartiklar&#038;utm_campaign=bonnier-host&#038;utm_content=torsk\" target=\"_blank\" rel=\"noopener\">L\u00e4s mer h\u00e4r.<\/a>[\/et_pb_text][\/et_pb_column][\/et_pb_row][\/et_pb_section]<\/p>\n","protected":false},"excerpt":{"rendered":"<p>Taco fiesta! Superenkelt tilltugg med fredagsk\u00e4nslaS\u00e4tt guldkant p\u00e5 vardagen med ett festligt recept p\u00e5 r\u00e4kor. F\u00f6rutom att r\u00e4kan \u00e4r ett gott skaldjur \u00e4r det \u00e4ven n\u00e4ringsrikt och en underbar ingrediens som s\u00e4tter smak p\u00e5 vilken r\u00e4tt som helst.EXTERN L\u00c4NK: Hitta goda recept med r\u00e4kor h\u00e4r. Med f\u00e4rdigskalade, kokta r\u00e4kor i frysen kan du njuta av [&hellip;]<\/p>\n","protected":false},"author":1,"featured_media":494,"comment_status":"open","ping_status":"open","sticky":false,"template":"","format":"standard","meta":{"_et_pb_use_builder":"on","_et_pb_old_content":"","_et_gb_content_width":"","footnotes":""},"categories":[1],"tags":[],"class_list":["post-492","post","type-post","status-publish","format-standard","has-post-thumbnail","hentry","category-okategoriserade"],"_links":{"self":[{"href":"https:\/\/kampanj.expressen.se\/seafoodfromnorway\/wp-json\/wp\/v2\/posts\/492","targetHints":{"allow":["GET"]}}],"collection":[{"href":"https:\/\/kampanj.expressen.se\/seafoodfromnorway\/wp-json\/wp\/v2\/posts"}],"about":[{"href":"https:\/\/kampanj.expressen.se\/seafoodfromnorway\/wp-json\/wp\/v2\/types\/post"}],"author":[{"embeddable":true,"href":"https:\/\/kampanj.expressen.se\/seafoodfromnorway\/wp-json\/wp\/v2\/users\/1"}],"replies":[{"embeddable":true,"href":"https:\/\/kampanj.expressen.se\/seafoodfromnorway\/wp-json\/wp\/v2\/comments?post=492"}],"version-history":[{"count":5,"href":"https:\/\/kampanj.expressen.se\/seafoodfromnorway\/wp-json\/wp\/v2\/posts\/492\/revisions"}],"predecessor-version":[{"id":912,"href":"https:\/\/kampanj.expressen.se\/seafoodfromnorway\/wp-json\/wp\/v2\/posts\/492\/revisions\/912"}],"wp:featuredmedia":[{"embeddable":true,"href":"https:\/\/kampanj.expressen.se\/seafoodfromnorway\/wp-json\/wp\/v2\/media\/494"}],"wp:attachment":[{"href":"https:\/\/kampanj.expressen.se\/seafoodfromnorway\/wp-json\/wp\/v2\/media?parent=492"}],"wp:term":[{"taxonomy":"category","embeddable":true,"href":"https:\/\/kampanj.expressen.se\/seafoodfromnorway\/wp-json\/wp\/v2\/categories?post=492"},{"taxonomy":"post_tag","embeddable":true,"href":"https:\/\/kampanj.expressen.se\/seafoodfromnorway\/wp-json\/wp\/v2\/tags?post=492"}],"curies":[{"name":"wp","href":"https:\/\/api.w.org\/{rel}","templated":true}]}}