{"id":1014,"date":"2026-03-12T10:27:14","date_gmt":"2026-03-12T09:27:14","guid":{"rendered":"https:\/\/kampanj.expressen.se\/seafoodfromnorway\/?p=1014"},"modified":"2026-03-12T10:27:14","modified_gmt":"2026-03-12T09:27:14","slug":"pasta-carbonara-med-rakor-en-klassiker-med-nordisk-attityd","status":"publish","type":"post","link":"https:\/\/kampanj.expressen.se\/seafoodfromnorway\/pasta-carbonara-med-rakor-en-klassiker-med-nordisk-attityd\/","title":{"rendered":"Pasta carbonara med r\u00e4kor \u2013 en klassiker med nordisk attityd"},"content":{"rendered":"<p>[et_pb_section fb_built=&#8221;1&#8243; _builder_version=&#8221;4.25.1&#8243; _module_preset=&#8221;default&#8221; background_color=&#8221;#fafafa&#8221; global_colors_info=&#8221;{}&#8221; theme_builder_area=&#8221;et_body_layout&#8221;][et_pb_row custom_padding_last_edited=&#8221;on|phone&#8221; _builder_version=&#8221;4.25.1&#8243; _module_preset=&#8221;default&#8221; background_color=&#8221;#FFFFFF&#8221; width_tablet=&#8221;80%&#8221; width_phone=&#8221;96%&#8221; width_last_edited=&#8221;on|phone&#8221; max_width=&#8221;840px&#8221; custom_margin=&#8221;50px||||false|false&#8221; custom_padding=&#8221;30px|32px|30px|32px|true|true&#8221; custom_padding_tablet=&#8221;30px|32px|30px|32px|true|true&#8221; custom_padding_phone=&#8221;|8px||8px|false|true&#8221; border_radii=&#8221;off|16px||16px|&#8221; box_shadow_style=&#8221;preset1&#8243; box_shadow_horizontal=&#8221;2px&#8221; box_shadow_blur=&#8221;6px&#8221; box_shadow_spread=&#8221;1px&#8221; box_shadow_color=&#8221;rgba(173,173,173,0.25)&#8221; global_colors_info=&#8221;{}&#8221; theme_builder_area=&#8221;et_body_layout&#8221;][et_pb_column type=&#8221;4_4&#8243; _builder_version=&#8221;4.25.1&#8243; _module_preset=&#8221;default&#8221; global_colors_info=&#8221;{}&#8221; theme_builder_area=&#8221;et_body_layout&#8221;][et_pb_text _builder_version=&#8221;4.27.4&#8243; _module_preset=&#8221;default&#8221; header_font=&#8221;||||||||&#8221; header_font_size=&#8221;46px&#8221; width_tablet=&#8221;&#8221; width_phone=&#8221;&#8221; width_last_edited=&#8221;on|tablet&#8221; max_width=&#8221;640px&#8221; module_alignment=&#8221;center&#8221; custom_margin=&#8221;0px||0px||false|false&#8221; custom_padding=&#8221;0px||10px||false|false&#8221; hover_enabled=&#8221;0&#8243; header_font_size_tablet=&#8221;40px&#8221; header_font_size_phone=&#8221;30px&#8221; header_font_size_last_edited=&#8221;on|phone&#8221; global_colors_info=&#8221;{}&#8221; theme_builder_area=&#8221;et_body_layout&#8221; sticky_enabled=&#8221;0&#8243;]<\/p>\n<h1>Pasta carbonara med r\u00e4kor \u2013 en klassiker med nordisk attityd<\/h1>\n<p>[\/et_pb_text][et_pb_text module_class=&#8221;ingress-txt&#8221; _builder_version=&#8221;4.27.4&#8243; _module_preset=&#8221;default&#8221; text_font_size=&#8221;22px&#8221; header_font=&#8221;||||||||&#8221; header_font_size=&#8221;50px&#8221; width_tablet=&#8221;&#8221; width_phone=&#8221;&#8221; width_last_edited=&#8221;on|tablet&#8221; max_width=&#8221;640px&#8221; module_alignment=&#8221;center&#8221; custom_margin=&#8221;0px||0px||true|false&#8221; custom_padding=&#8221;0px||0px||true|false&#8221; hover_enabled=&#8221;0&#8243; header_font_size_tablet=&#8221;45px&#8221; header_font_size_phone=&#8221;32px&#8221; header_font_size_last_edited=&#8221;on|phone&#8221; global_colors_info=&#8221;{}&#8221; theme_builder_area=&#8221;et_body_layout&#8221; sticky_enabled=&#8221;0&#8243;]Italienarna m\u00e5 skaka p\u00e5 huvudet, men ibland f\u00e5r man faktiskt t\u00e4nja lite p\u00e5 reglerna. Och n\u00e4r resultatet smakar s\u00e5 h\u00e4r bra \u2013 d\u00e5 \u00e4r det helt klart v\u00e4rt det. H\u00e4r m\u00f6ter kr\u00e4mig carbonara norsk havssmak i en ov\u00e4ntat perfekt kombination.[\/et_pb_text][et_pb_image src=&#8221;https:\/\/kampanj.expressen.se\/seafoodfromnorway\/wp-content\/uploads\/2026\/03\/carbonara-med-rakor.jpg&#8221; title_text=&#8221;carbonara-med-rakor&#8221; _builder_version=&#8221;4.27.4&#8243; _module_preset=&#8221;default&#8221; custom_margin=&#8221;16px||16px||true|false&#8221; custom_padding=&#8221;0px||0px||true|false&#8221; hover_enabled=&#8221;0&#8243; border_radii=&#8221;on|8px|8px|8px|8px&#8221; global_colors_info=&#8221;{}&#8221; theme_builder_area=&#8221;et_body_layout&#8221; sticky_enabled=&#8221;0&#8243;][\/et_pb_image][et_pb_text _builder_version=&#8221;4.27.4&#8243; _module_preset=&#8221;default&#8221; header_font=&#8221;||||||||&#8221; header_font_size=&#8221;50px&#8221; width_tablet=&#8221;&#8221; width_phone=&#8221;&#8221; width_last_edited=&#8221;on|tablet&#8221; max_width=&#8221;640px&#8221; module_alignment=&#8221;center&#8221; custom_margin=&#8221;0px||||false|false&#8221; custom_padding=&#8221;0px||0px||true|false&#8221; hover_enabled=&#8221;0&#8243; header_font_size_tablet=&#8221;45px&#8221; header_font_size_phone=&#8221;32px&#8221; header_font_size_last_edited=&#8221;on|phone&#8221; global_colors_info=&#8221;{}&#8221; theme_builder_area=&#8221;et_body_layout&#8221; sticky_enabled=&#8221;0&#8243;]Pasta carbonara \u00e4r en s\u00e5n d\u00e4r r\u00e4tt som alltid levererar \u2013 kr\u00e4mig, snabb och om\u00f6jlig att tr\u00f6ttna p\u00e5. H\u00e4r f\u00e5r den en nordisk twist, d\u00e4r pancetta byts ut mot norska r\u00e4kor och resultatet blir b\u00e5de fr\u00e4schare och lyxigare. Det fasta, s\u00f6ta k\u00f6ttet fr\u00e5n kallvattensr\u00e4korna gifter sig perfekt med den lena s\u00e5sen av \u00e4gg och parmesan. En riktig fulltr\u00e4ff f\u00f6r b\u00e5de sm\u00e5 och stora mat\u00e4lskare.[\/et_pb_text][et_pb_text _builder_version=&#8221;4.27.4&#8243; _module_preset=&#8221;default&#8221; header_font=&#8221;||||||||&#8221; header_font_size=&#8221;50px&#8221; width_tablet=&#8221;&#8221; width_phone=&#8221;&#8221; width_last_edited=&#8221;on|tablet&#8221; max_width=&#8221;640px&#8221; module_alignment=&#8221;center&#8221; custom_margin=&#8221;0px||||false|false&#8221; custom_padding=&#8221;0px||0px||true|false&#8221; hover_enabled=&#8221;0&#8243; header_font_size_tablet=&#8221;45px&#8221; header_font_size_phone=&#8221;32px&#8221; header_font_size_last_edited=&#8221;on|phone&#8221; global_colors_info=&#8221;{}&#8221; theme_builder_area=&#8221;et_body_layout&#8221; sticky_enabled=&#8221;0&#8243;]<\/p>\n<h2>Smidigt med f\u00e4rdigskalade r\u00e4kor<\/h2>\n<p>Och den st\u00f6rsta hemligheten? Att anv\u00e4nda f\u00e4rdigskalade r\u00e4kor. Det betyder noll kladd, noll stress \u2013 bara att ta fram ur frysen och l\u00e5ta middagen n\u00e4stan laga sig sj\u00e4lv. Perfekt f\u00f6r barnfamiljer, tr\u00f6tta vardagskv\u00e4llar eller n\u00e4r du vill lyxa till det p\u00e5 ett \u00f6gonblick.<br \/>\n[\/et_pb_text][et_pb_text _builder_version=&#8221;4.27.4&#8243; _module_preset=&#8221;default&#8221; header_font=&#8221;||||||||&#8221; header_font_size=&#8221;50px&#8221; width_tablet=&#8221;&#8221; width_phone=&#8221;&#8221; width_last_edited=&#8221;on|tablet&#8221; max_width=&#8221;640px&#8221; module_alignment=&#8221;center&#8221; custom_margin=&#8221;0px||||false|false&#8221; custom_padding=&#8221;0px||0px||true|false&#8221; hover_enabled=&#8221;0&#8243; header_font_size_tablet=&#8221;45px&#8221; header_font_size_phone=&#8221;32px&#8221; header_font_size_last_edited=&#8221;on|phone&#8221; global_colors_info=&#8221;{}&#8221; theme_builder_area=&#8221;et_body_layout&#8221; sticky_enabled=&#8221;0&#8243;]<\/p>\n<h2>Fiskas h\u00e5llbart \u00e5ret runt<\/h2>\n<p>Norska r\u00e4kor \u00e4r inte bara ett snabbt val \u2013 de \u00e4r ocks\u00e5 ett riktigt smart s\u00e5dant. De fiskas h\u00e5llbart i de kalla, klara haven l\u00e4ngs Norges kust, d\u00e4r de v\u00e4xer l\u00e5ngsamt och f\u00e5r sin unika s\u00f6tma och fasta konsistens. Fulla av protein, vitaminer och mineraler \u2013 och alltid i s\u00e4song. S\u00e5 ja, det kanske inte \u00e4r en \u201c\u00e4kta\u201d italiensk carbonara. Men ibland \u00e4r det b\u00e4sta p\u00e5 tallriken just det som inte f\u00f6ljer reglerna.<br \/>\n[\/et_pb_text][et_pb_text ol_position=&#8221;outside&#8221; ol_item_indent=&#8221;21px&#8221; _builder_version=&#8221;4.27.4&#8243; _module_preset=&#8221;default&#8221; header_font=&#8221;||||||||&#8221; header_font_size=&#8221;50px&#8221; width_tablet=&#8221;&#8221; width_phone=&#8221;&#8221; width_last_edited=&#8221;on|tablet&#8221; max_width=&#8221;640px&#8221; module_alignment=&#8221;center&#8221; custom_margin=&#8221;0px||0px||false|false&#8221; custom_padding=&#8221;0px||20px||false|false&#8221; hover_enabled=&#8221;0&#8243; header_font_size_tablet=&#8221;45px&#8221; header_font_size_phone=&#8221;32px&#8221; header_font_size_last_edited=&#8221;on|phone&#8221; global_colors_info=&#8221;{}&#8221; theme_builder_area=&#8221;et_body_layout&#8221; sticky_enabled=&#8221;0&#8243;]<\/p>\n<h2>Pasta carbonara med norska r\u00e4kor<\/h2>\n<p><b>4 portioner<\/b><br \/>\nEn klassiker med en fr\u00e4sch twist \u2013 kr\u00e4mig, smakrik och klar p\u00e5 nolltid.<\/p>\n<ul>\n<li>200 g norska frysta skalade r\u00e4kor<\/li>\n<li>200 g tagliatelle<\/li>\n<li>100 g riven parmesan<\/li>\n<li>2 vitl\u00f6ksklyftor<\/li>\n<li>4 \u00e4gg<\/li>\n<li>1 msk salt<\/li>\n<li>1 msk svartpeppar<\/li>\n<\/ul>\n<p style=\"padding-bottom: 0px;\"><strong>Servera med:\u2028<\/strong><\/p>\n<ul>\n<li>Br\u00f6d<\/li>\n<li>Extra parmesan<\/li>\n<li>Ev f\u00e4rsk dill eller gr\u00e4sl\u00f6k<\/li>\n<li>Sallad<\/li>\n<\/ul>\n<p style=\"padding-bottom: 0px;\"><strong>G\u00f6r s\u00e5 h\u00e4r:<\/strong><\/p>\n<ol>\n<li style=\"font-weight: 400;\" aria-level=\"1\"><span style=\"font-weight: 400;\">Vispa \u00e4gg och parmesan luftigt.<\/span><\/li>\n<li style=\"font-weight: 400;\" aria-level=\"1\"><span style=\"font-weight: 400;\">Koka pastan i saltat vatten, spara 1 \u00bd dl pastavatten.<\/span><\/li>\n<li style=\"font-weight: 400;\" aria-level=\"1\"><span style=\"font-weight: 400;\">Fr\u00e4s vitl\u00f6k i lite olivolja tills gyllene.<\/span><\/li>\n<li style=\"font-weight: 400;\" aria-level=\"1\"><span style=\"font-weight: 400;\">H\u00e4ll i pastan, tills\u00e4tt \u00e4gg- och ostblandningen och sp\u00e4d med pastavatten tills s\u00e5sen blir kr\u00e4mig.<\/span><\/li>\n<li style=\"font-weight: 400;\" aria-level=\"1\"><span style=\"font-weight: 400;\">Krydda med peppar och salt.<\/span><\/li>\n<li style=\"font-weight: 400;\" aria-level=\"1\"><span style=\"font-weight: 400;\">Servera genast med r\u00e4kor, extra parmesan och \u00f6rter p\u00e5 toppen. \u00c4t tillsammans med en bit br\u00f6d och en gr\u00f6n sallad.<\/span><\/li>\n<\/ol>\n<p><b>Tips!<\/b><br \/>\nF\u00f6r extra kr\u00e4mighet \u2013 tills\u00e4tt \u00bd dl gr\u00e4dde i s\u00e5sen.[\/et_pb_text][et_pb_text _builder_version=&#8221;4.27.4&#8243; _module_preset=&#8221;default&#8221; header_font=&#8221;||||||||&#8221; header_font_size=&#8221;50px&#8221; width_tablet=&#8221;&#8221; width_phone=&#8221;&#8221; width_last_edited=&#8221;on|tablet&#8221; max_width=&#8221;640px&#8221; module_alignment=&#8221;center&#8221; custom_margin=&#8221;0px||||false|false&#8221; custom_padding=&#8221;0px||0px||true|false&#8221; hover_enabled=&#8221;0&#8243; header_font_size_tablet=&#8221;45px&#8221; header_font_size_phone=&#8221;32px&#8221; header_font_size_last_edited=&#8221;on|phone&#8221; global_colors_info=&#8221;{}&#8221; theme_builder_area=&#8221;et_body_layout&#8221; sticky_enabled=&#8221;0&#8243;]<a href=\"https:\/\/www.norskfisk.se\/sjomat-fran-norge\/ishavsrakan\/?utm_source=TKM-Bonnier&#038;utm_medium=paid-native&#038;utm_campaign=trafik_2025_r%C3%A4ka&#038;utm_content=NSC\" target=\"_blank\" rel=\"noopener\">Hitta fler goda recept med norska r\u00e4kor<\/a>[\/et_pb_text][et_pb_text _builder_version=&#8221;4.27.4&#8243; _module_preset=&#8221;default&#8221; header_font=&#8221;||||||||&#8221; header_font_size=&#8221;50px&#8221; width_tablet=&#8221;&#8221; width_phone=&#8221;&#8221; width_last_edited=&#8221;on|tablet&#8221; max_width=&#8221;640px&#8221; module_alignment=&#8221;center&#8221; custom_margin=&#8221;15px||30px||false|false&#8221; custom_padding=&#8221;20px|20px|20px|20px|true|true&#8221; hover_enabled=&#8221;0&#8243; header_font_size_tablet=&#8221;45px&#8221; header_font_size_phone=&#8221;32px&#8221; header_font_size_last_edited=&#8221;on|phone&#8221; border_width_all=&#8221;1px&#8221; border_color_all=&#8221;#efefef&#8221; global_colors_info=&#8221;{}&#8221; theme_builder_area=&#8221;et_body_layout&#8221; sticky_enabled=&#8221;0&#8243;]<\/p>\n<h3>Seafood from Norway<\/h3>\n<p>De norska kallvattensr\u00e4korna lever l\u00e5ngsamt i de kalla, rena haven l\u00e4ngs Norges kust och i Barents hav \u2013 vilket ger dem sin milda, s\u00f6ta smak och fasta konsistens.\u2028De kokas ofta direkt ombord p\u00e5 b\u00e5tarna f\u00f6r att bevara den rena havssmaken och s\u00e4ljs f\u00e4rdigskalade \u2013 praktiskt, h\u00e5llbart och alltid redo f\u00f6r n\u00e4sta m\u00e5ltid. Rika p\u00e5 protein, vitaminer och mineraler \u2013 och i s\u00e4song \u00e5ret runt.<br \/>\n[\/et_pb_text][et_pb_text _builder_version=&#8221;4.27.4&#8243; _module_preset=&#8221;default&#8221; header_font=&#8221;||||||||&#8221; header_font_size=&#8221;50px&#8221; width_tablet=&#8221;&#8221; width_phone=&#8221;&#8221; width_last_edited=&#8221;on|tablet&#8221; max_width=&#8221;640px&#8221; module_alignment=&#8221;center&#8221; custom_margin=&#8221;0px||||false|false&#8221; custom_padding=&#8221;0px||0px||true|false&#8221; hover_enabled=&#8221;0&#8243; header_font_size_tablet=&#8221;45px&#8221; header_font_size_phone=&#8221;32px&#8221; header_font_size_last_edited=&#8221;on|phone&#8221; global_colors_info=&#8221;{}&#8221; theme_builder_area=&#8221;et_body_layout&#8221; sticky_enabled=&#8221;0&#8243;]<a href=\"https:\/\/www.norskfisk.se\/sjomat-fran-norge\/ishavsrakan\/?utm_source=TKM-Bonnier&#038;utm_medium=paid-native&#038;utm_campaign=trafik_2025_r%C3%A4ka&#038;utm_content=NSC\" target=\"_blank\" rel=\"noopener\">Hitta fler goda middagstips med r\u00e4kor h\u00e4r <\/a>[\/et_pb_text][\/et_pb_column][\/et_pb_row][\/et_pb_section]<\/p>\n","protected":false},"excerpt":{"rendered":"<p>Pasta carbonara med r\u00e4kor \u2013 en klassiker med nordisk attitydItalienarna m\u00e5 skaka p\u00e5 huvudet, men ibland f\u00e5r man faktiskt t\u00e4nja lite p\u00e5 reglerna. Och n\u00e4r resultatet smakar s\u00e5 h\u00e4r bra \u2013 d\u00e5 \u00e4r det helt klart v\u00e4rt det. H\u00e4r m\u00f6ter kr\u00e4mig carbonara norsk havssmak i en ov\u00e4ntat perfekt kombination.Pasta carbonara \u00e4r en s\u00e5n d\u00e4r r\u00e4tt [&hellip;]<\/p>\n","protected":false},"author":1,"featured_media":1016,"comment_status":"open","ping_status":"open","sticky":false,"template":"","format":"standard","meta":{"_et_pb_use_builder":"on","_et_pb_old_content":"","_et_gb_content_width":"","footnotes":""},"categories":[1],"tags":[],"class_list":["post-1014","post","type-post","status-publish","format-standard","has-post-thumbnail","hentry","category-okategoriserade"],"_links":{"self":[{"href":"https:\/\/kampanj.expressen.se\/seafoodfromnorway\/wp-json\/wp\/v2\/posts\/1014","targetHints":{"allow":["GET"]}}],"collection":[{"href":"https:\/\/kampanj.expressen.se\/seafoodfromnorway\/wp-json\/wp\/v2\/posts"}],"about":[{"href":"https:\/\/kampanj.expressen.se\/seafoodfromnorway\/wp-json\/wp\/v2\/types\/post"}],"author":[{"embeddable":true,"href":"https:\/\/kampanj.expressen.se\/seafoodfromnorway\/wp-json\/wp\/v2\/users\/1"}],"replies":[{"embeddable":true,"href":"https:\/\/kampanj.expressen.se\/seafoodfromnorway\/wp-json\/wp\/v2\/comments?post=1014"}],"version-history":[{"count":4,"href":"https:\/\/kampanj.expressen.se\/seafoodfromnorway\/wp-json\/wp\/v2\/posts\/1014\/revisions"}],"predecessor-version":[{"id":1021,"href":"https:\/\/kampanj.expressen.se\/seafoodfromnorway\/wp-json\/wp\/v2\/posts\/1014\/revisions\/1021"}],"wp:featuredmedia":[{"embeddable":true,"href":"https:\/\/kampanj.expressen.se\/seafoodfromnorway\/wp-json\/wp\/v2\/media\/1016"}],"wp:attachment":[{"href":"https:\/\/kampanj.expressen.se\/seafoodfromnorway\/wp-json\/wp\/v2\/media?parent=1014"}],"wp:term":[{"taxonomy":"category","embeddable":true,"href":"https:\/\/kampanj.expressen.se\/seafoodfromnorway\/wp-json\/wp\/v2\/categories?post=1014"},{"taxonomy":"post_tag","embeddable":true,"href":"https:\/\/kampanj.expressen.se\/seafoodfromnorway\/wp-json\/wp\/v2\/tags?post=1014"}],"curies":[{"name":"wp","href":"https:\/\/api.w.org\/{rel}","templated":true}]}}