{"id":72,"date":"2025-03-20T00:31:05","date_gmt":"2025-03-19T23:31:05","guid":{"rendered":"https:\/\/kampanj.expressen.se\/rusta\/?p=72"},"modified":"2025-03-24T11:10:26","modified_gmt":"2025-03-24T10:10:26","slug":"inredaren-tipsar-5-enkla-steg-till-en-harligare-balkong","status":"publish","type":"post","link":"https:\/\/kampanj.expressen.se\/rusta\/inredaren-tipsar-5-enkla-steg-till-en-harligare-balkong\/","title":{"rendered":"Inredaren tipsar: 5 enkla steg till en h\u00e4rligare balkong"},"content":{"rendered":"<p>[et_pb_section fb_built=&#8221;1&#8243; _builder_version=&#8221;4.27.4&#8243; _module_preset=&#8221;default&#8221; use_background_color_gradient=&#8221;on&#8221; background_color_gradient_stops=&#8221;rgba(255,255,255,0) 0%|rgba(0,0,0,0.3) 100%&#8221; background_image=&#8221;https:\/\/kampanj.expressen.se\/rusta\/wp-content\/uploads\/2025\/03\/rusta-2-topp.jpg&#8221; background_position=&#8221;bottom_center&#8221; background_vertical_offset=&#8221;27%&#8221; background_blend=&#8221;overlay&#8221; min_height=&#8221;600px&#8221; min_height_tablet=&#8221;501px&#8221; min_height_phone=&#8221;320px&#8221; min_height_last_edited=&#8221;on|phone&#8221; height=&#8221;92vh&#8221; max_height=&#8221;1200px&#8221; max_height_tablet=&#8221;1200px&#8221; max_height_phone=&#8221;400px&#8221; max_height_last_edited=&#8221;on|desktop&#8221; background_last_edited=&#8221;on|phone&#8221; background_image_tablet=&#8221;https:\/\/kampanj.expressen.se\/rusta\/wp-content\/uploads\/2025\/03\/rusta-2-topp.jpg&#8221; background_enable_image_tablet=&#8221;on&#8221; background_position_tablet=&#8221;center_left&#8221; background_position_phone=&#8221;center_left&#8221; global_colors_info=&#8221;{}&#8221; theme_builder_area=&#8221;post_content&#8221;][et_pb_row _builder_version=&#8221;4.27.4&#8243; _module_preset=&#8221;default&#8221; positioning=&#8221;absolute&#8221; position_origin_a=&#8221;bottom_center&#8221; width=&#8221;90%&#8221; max_width=&#8221;900px&#8221; custom_margin=&#8221;||0px||false|false&#8221; custom_padding=&#8221;||0px||false|false&#8221; global_colors_info=&#8221;{}&#8221; theme_builder_area=&#8221;post_content&#8221;][et_pb_column type=&#8221;4_4&#8243; _builder_version=&#8221;4.27.4&#8243; _module_preset=&#8221;default&#8221; global_colors_info=&#8221;{}&#8221; theme_builder_area=&#8221;post_content&#8221;][et_pb_text _builder_version=&#8221;4.27.4&#8243; _module_preset=&#8221;default&#8221; header_text_align=&#8221;center&#8221; header_text_color=&#8221;#FFFFFF&#8221; header_font_size=&#8221;76px&#8221; custom_margin=&#8221;||20px||false|false&#8221; header_font_size_tablet=&#8221;56px&#8221; header_font_size_phone=&#8221;34px&#8221; header_font_size_last_edited=&#8221;on|phone&#8221; header_text_shadow_style=&#8221;preset3&#8243; global_colors_info=&#8221;{}&#8221; theme_builder_area=&#8221;post_content&#8221;]<\/p>\n<h1>Inredaren tipsar: 5 enkla steg till en h\u00e4rligare balkong<\/h1>\n<p>[\/et_pb_text][et_pb_icon font_icon=&#8221;&#x33;||divi||400&#8243; icon_color=&#8221;#FFFFFF&#8221; icon_width=&#8221;45px&#8221; icon_width_tablet=&#8221;40px&#8221; icon_width_phone=&#8221;30px&#8221; icon_width_last_edited=&#8221;on|phone&#8221; _builder_version=&#8221;4.27.4&#8243; _module_preset=&#8221;default&#8221; custom_padding=&#8221;||||false|false&#8221; global_colors_info=&#8221;{}&#8221; theme_builder_area=&#8221;post_content&#8221;][\/et_pb_icon][\/et_pb_column][\/et_pb_row][\/et_pb_section][et_pb_section fb_built=&#8221;1&#8243; _builder_version=&#8221;4.27.4&#8243; _module_preset=&#8221;default&#8221; custom_padding=&#8221;40px||40px||true|false&#8221; global_colors_info=&#8221;{}&#8221; theme_builder_area=&#8221;post_content&#8221;][et_pb_row _builder_version=&#8221;4.27.4&#8243; _module_preset=&#8221;default&#8221; width=&#8221;90%&#8221; max_width=&#8221;640px&#8221; custom_padding=&#8221;0px||0px||true|false&#8221; global_colors_info=&#8221;{}&#8221; theme_builder_area=&#8221;post_content&#8221;][et_pb_column type=&#8221;4_4&#8243; _builder_version=&#8221;4.27.4&#8243; _module_preset=&#8221;default&#8221; global_colors_info=&#8221;{}&#8221; theme_builder_area=&#8221;post_content&#8221;][et_pb_text _builder_version=&#8221;4.27.4&#8243; _module_preset=&#8221;default&#8221; text_font=&#8221;|700|||||||&#8221; custom_margin=&#8221;||20px||false|false&#8221; global_colors_info=&#8221;{}&#8221; theme_builder_area=&#8221;post_content&#8221;]<\/p>\n<p>Sola, odla och umg\u00e5s! H\u00e4r tipsar Rustas inredare, Andrea J\u00f6rbrink, om hur du med sm\u00e5 medel f\u00f6rvandlar din balkong till ett funktionellt och mysigt extra rum att njuta av fr\u00e5n tidig v\u00e5r till sen h\u00f6st.<\/p>\n<p>[\/et_pb_text][et_pb_text _builder_version=&#8221;4.27.4&#8243; _module_preset=&#8221;default&#8221; text_font=&#8221;||||||||&#8221; custom_margin=&#8221;||30px||false|false&#8221; global_colors_info=&#8221;{}&#8221; theme_builder_area=&#8221;post_content&#8221;]<a href=\"https:\/\/ad.doubleclick.net\/ddm\/trackclk\/N1831868.102396EXPRESSEN.SE\/B32910391.417193393;dc_trk_aid=609822294;dc_trk_cid=227843171;dc_lat=;dc_rdid=;tag_for_child_directed_treatment=;tfua=;gdpr=$%7BGDPR%7D;gdpr_consent=$%7BGDPR_CONSENT_755%7D;ltd=;dc_tdv=1\" target=\"_blank\" rel=\"noopener sponsored\" data-listener-added=\"true\"><strong>EXTERN L\u00c4NK: Se mer av Rustas nyheter f\u00f6r sommaren<\/strong><\/a>[\/et_pb_text][\/et_pb_column][\/et_pb_row][et_pb_row column_structure=&#8221;3_5,2_5&#8243; _builder_version=&#8221;4.27.4&#8243; _module_preset=&#8221;default&#8221; width=&#8221;90%&#8221; max_width=&#8221;640px&#8221; custom_padding=&#8221;0px||0px||true|false&#8221; hover_enabled=&#8221;0&#8243; global_colors_info=&#8221;{}&#8221; theme_builder_area=&#8221;post_content&#8221; custom_margin=&#8221;||0px||false|false&#8221; sticky_enabled=&#8221;0&#8243;][et_pb_column type=&#8221;3_5&#8243; _builder_version=&#8221;4.27.4&#8243; _module_preset=&#8221;default&#8221; global_colors_info=&#8221;{}&#8221; theme_builder_area=&#8221;post_content&#8221;][et_pb_text _builder_version=&#8221;4.27.4&#8243; _module_preset=&#8221;default&#8221; text_font=&#8221;||||||||&#8221; custom_margin=&#8221;||||false|false&#8221; hover_enabled=&#8221;0&#8243; global_colors_info=&#8221;{}&#8221; theme_builder_area=&#8221;post_content&#8221; sticky_enabled=&#8221;0&#8243;]<\/p>\n<h2>1. Maxa ytan utifr\u00e5n dina behov<\/h2>\n<p>Har du en balkong med standardm\u00e5tt eller en mer l\u00e5ngsmal variant? D\u00e5 \u00e4r du i gott s\u00e4llskap. F\u00e5 balkonger har stora, gener\u00f6sa ytor att inreda.<\/p>\n<p>\u2013 L\u00e5t inte ytan begr\u00e4nsa dig, utan utg\u00e5 fr\u00e5n vad du vill g\u00f6ra p\u00e5 balkongen. \u00c4r odling ditt intresse? Satsa p\u00e5 ett litet v\u00e4xthus och kanske ett planteringsbord. Vill du f\u00e5 in s\u00e5 m\u00e5nga sittplatser som m\u00f6jligt f\u00f6r h\u00e4rliga utomhusmiddagar? V\u00e4lj stapelbara stolar, pallar eller puffar som g\u00e5r att plocka fram vid behov, s\u00e4ger Andrea J\u00f6rbrink, inredare p\u00e5 Rusta.<\/p>\n<p>[\/et_pb_text][\/et_pb_column][et_pb_column type=&#8221;2_5&#8243; _builder_version=&#8221;4.27.4&#8243; _module_preset=&#8221;default&#8221; animation_style=&#8221;slide&#8221; animation_direction=&#8221;right&#8221; animation_duration=&#8221;700ms&#8221; animation_intensity_slide=&#8221;30%&#8221; animation_direction_tablet=&#8221;center&#8221; animation_direction_phone=&#8221;center&#8221; animation_direction_last_edited=&#8221;on|phone&#8221; global_colors_info=&#8221;{}&#8221; theme_builder_area=&#8221;post_content&#8221;][et_pb_image src=&#8221;https:\/\/kampanj.expressen.se\/rusta\/wp-content\/uploads\/2025\/03\/Andrea-Jorbrink-2024.jpg&#8221; title_text=&#8221;Andrea-Jorbrink-16&#215;11&#8243; src_tablet=&#8221;https:\/\/kampanj.expressen.se\/rusta\/wp-content\/uploads\/2025\/03\/Andrea-Jorbrink-16&#215;11-1.jpg&#8221; src_phone=&#8221;https:\/\/kampanj.expressen.se\/rusta\/wp-content\/uploads\/2025\/03\/Andrea-Jorbrink-16&#215;11-1.jpg&#8221; src_last_edited=&#8221;on|tablet&#8221; _builder_version=&#8221;4.27.4&#8243; _module_preset=&#8221;default&#8221; custom_margin=&#8221;||10px||false|false&#8221; border_radii=&#8221;on|50%|50%|50%|50%&#8221; border_radii_tablet=&#8221;on|0%|0%|0%|0%&#8221; border_radii_phone=&#8221;on|0%|0%|0%|0%&#8221; border_radii_last_edited=&#8221;on|phone&#8221; global_colors_info=&#8221;{}&#8221; theme_builder_area=&#8221;post_content&#8221;][\/et_pb_image][et_pb_text module_class=&#8221;bildtext&#8221; _builder_version=&#8221;4.27.4&#8243; _module_preset=&#8221;default&#8221; text_text_color=&#8221;#757575&#8243; text_font_size=&#8221;16px&#8221; custom_margin=&#8221;||||false|false&#8221; hover_enabled=&#8221;0&#8243; global_colors_info=&#8221;{}&#8221; theme_builder_area=&#8221;post_content&#8221; sticky_enabled=&#8221;0&#8243;]<\/p>\n<p>Andrea J\u00f6rbrink, inredare p\u00e5\u00a0Rusta.<\/p>\n<p>[\/et_pb_text][\/et_pb_column][\/et_pb_row][et_pb_row _builder_version=&#8221;4.27.4&#8243; _module_preset=&#8221;default&#8221; width=&#8221;90%&#8221; max_width=&#8221;640px&#8221; custom_padding=&#8221;0px||0px||true|false&#8221; global_colors_info=&#8221;{}&#8221; theme_builder_area=&#8221;post_content&#8221;][et_pb_column type=&#8221;4_4&#8243; _builder_version=&#8221;4.27.4&#8243; _module_preset=&#8221;default&#8221; global_colors_info=&#8221;{}&#8221; theme_builder_area=&#8221;post_content&#8221;][et_pb_image src=&#8221;https:\/\/kampanj.expressen.se\/rusta\/wp-content\/uploads\/2025\/03\/rusta-2-2.jpg&#8221; title_text=&#8221;rusta-2-2&#8243; _builder_version=&#8221;4.27.4&#8243; _module_preset=&#8221;default&#8221; custom_margin=&#8221;30px||10px||false|false&#8221; animation_style=&#8221;fade&#8221; border_radii=&#8221;on|8px|8px|8px|8px&#8221; global_colors_info=&#8221;{}&#8221; theme_builder_area=&#8221;post_content&#8221;][\/et_pb_image][et_pb_text module_class=&#8221;bildtext&#8221; _builder_version=&#8221;4.27.4&#8243; _module_preset=&#8221;default&#8221; text_text_color=&#8221;#757575&#8243; text_font_size=&#8221;16px&#8221; custom_margin=&#8221;||30px||false|false&#8221; global_colors_info=&#8221;{}&#8221; theme_builder_area=&#8221;post_content&#8221;]P\u00e5 Rusta finns utem\u00f6bler i alla stilar och prisklasser. H\u00e4r syns de stapelbara stolarna Amalfi och loungem\u00f6beln Verona.[\/et_pb_text][et_pb_image src=&#8221;https:\/\/kampanj.expressen.se\/rusta\/wp-content\/uploads\/2025\/03\/rusta-2-3.jpg&#8221; title_text=&#8221;rusta-2-3&#8243; _builder_version=&#8221;4.27.4&#8243; _module_preset=&#8221;default&#8221; custom_margin=&#8221;30px||10px||false|false&#8221; animation_style=&#8221;fade&#8221; border_radii=&#8221;on|8px|8px|8px|8px&#8221; global_colors_info=&#8221;{}&#8221; theme_builder_area=&#8221;post_content&#8221;][\/et_pb_image][et_pb_text module_class=&#8221;bildtext&#8221; _builder_version=&#8221;4.27.4&#8243; _module_preset=&#8221;default&#8221; text_text_color=&#8221;#757575&#8243; text_font_size=&#8221;16px&#8221; custom_margin=&#8221;||30px||false|false&#8221; global_colors_info=&#8221;{}&#8221; theme_builder_area=&#8221;post_content&#8221;]B\u00e5de lounge Verona och lounge Porto (ovan) g\u00e5r att bygga ut till \u00f6nskad storlek d\u00e5 de s\u00e4ljs som moduler.[\/et_pb_text][et_pb_text _builder_version=&#8221;4.27.4&#8243; _module_preset=&#8221;default&#8221; text_font=&#8221;||||||||&#8221; custom_margin=&#8221;||30px||false|false&#8221; global_colors_info=&#8221;{}&#8221; theme_builder_area=&#8221;post_content&#8221;]<\/p>\n<h2>2. Satsa p\u00e5 utem\u00f6bler med multifunktion<\/h2>\n<p>Att v\u00e4lja m\u00f6bler med multifunktion \u00e4r klokt n\u00e4r varje kvadratcentimeter r\u00e4knas. P\u00e5 Rusta finns flera n\u00e4tta loungem\u00f6bler som \u00e4r anpassade efter m\u00e5ttet p\u00e5 en standardbalkong, men \u00e4ven st\u00f6rre soffor d\u00e4r du sj\u00e4lv kan v\u00e4lja antal moduler. Den svarta loungem\u00f6beln Torino i konstrotting har praktiska l\u00e5dor som kan anv\u00e4ndas till f\u00f6rvaring, bord eller som extra sittplats.<\/p>\n<p>\u2013 Anv\u00e4nd dynl\u00e5dan som sittb\u00e4nk eller v\u00e4lj ett hopf\u00e4llbart caf\u00e9set som enkelt kan stuvas undan. En grund hylla f\u00f6r krukor och planteringstillbeh\u00f6r g\u00f6r att du kan nyttja balkongen \u00e4ven p\u00e5 h\u00f6jden, s\u00e4ger Andrea.<\/p>\n<p>[\/et_pb_text][et_pb_image src=&#8221;https:\/\/kampanj.expressen.se\/rusta\/wp-content\/uploads\/2025\/03\/rusta-3-10.jpg&#8221; title_text=&#8221;rusta-3-10&#8243; _builder_version=&#8221;4.27.4&#8243; _module_preset=&#8221;default&#8221; custom_margin=&#8221;30px||10px||false|false&#8221; animation_style=&#8221;fade&#8221; border_radii=&#8221;on|8px|8px|8px|8px&#8221; global_colors_info=&#8221;{}&#8221; theme_builder_area=&#8221;post_content&#8221;][\/et_pb_image][et_pb_text module_class=&#8221;bildtext&#8221; _builder_version=&#8221;4.27.4&#8243; _module_preset=&#8221;default&#8221; text_text_color=&#8221;#757575&#8243; text_font_size=&#8221;16px&#8221; custom_margin=&#8221;||30px||false|false&#8221; global_colors_info=&#8221;{}&#8221; theme_builder_area=&#8221;post_content&#8221;]Loungesoffan Torino i handfl\u00e4tad konstrotting.[\/et_pb_text][et_pb_image src=&#8221;https:\/\/kampanj.expressen.se\/rusta\/wp-content\/uploads\/2025\/03\/rusta-3-11.jpg&#8221; title_text=&#8221;rusta-3-11&#8243; _builder_version=&#8221;4.27.4&#8243; _module_preset=&#8221;default&#8221; custom_margin=&#8221;30px||10px||false|false&#8221; animation_style=&#8221;fade&#8221; border_radii=&#8221;on|8px|8px|8px|8px&#8221; global_colors_info=&#8221;{}&#8221; theme_builder_area=&#8221;post_content&#8221;][\/et_pb_image][et_pb_text module_class=&#8221;bildtext&#8221; _builder_version=&#8221;4.27.4&#8243; _module_preset=&#8221;default&#8221; text_text_color=&#8221;#757575&#8243; text_font_size=&#8221;16px&#8221; custom_margin=&#8221;||30px||false|false&#8221; global_colors_info=&#8221;{}&#8221; theme_builder_area=&#8221;post_content&#8221;]Satsa p\u00e5 m\u00f6bler med flera funktioner och praktisk f\u00f6rvaring. H\u00e4r \u00e4r dynl\u00e5dan Malta och caf\u00e9setet Antibes fr\u00e5n Rusta.[\/et_pb_text][et_pb_text _builder_version=&#8221;4.27.4&#8243; _module_preset=&#8221;default&#8221; text_font=&#8221;||||||||&#8221; custom_margin=&#8221;||30px||false|false&#8221; global_colors_info=&#8221;{}&#8221; theme_builder_area=&#8221;post_content&#8221;]<\/p>\n<h2>3. Skapa ombonad k\u00e4nsla fr\u00e5n golv till tak<\/h2>\n<p>Tr\u00e4trall \u00e4r sk\u00f6nt att g\u00e5 p\u00e5 och ger snabbt balkongen en mer ombonad k\u00e4nsla. P\u00e5 Rusta hittar du prisv\u00e4rd golvtrall i FSC-certifierat tr\u00e4, som \u00e4r l\u00e4tt att l\u00e4gga tack vare sitt klicksystem.<\/p>\n<p>\u2013 Ett annat budgetv\u00e4nligt val \u00e4r att satsa p\u00e5 en eller flera mattor f\u00f6r utomhusbruk. Det ger ditt golv ett snabbt lyft utan att prislappen drar i v\u00e4g. Sl\u00e4tv\u00e4vda mattor finns i flera utf\u00f6randen och passar lika bra inom- som utomhus, s\u00e4ger Andrea.<\/p>\n<p><strong>Tips!<\/strong> Att sk\u00e4rma av med ett insynsskydd \u00e4r ett bra knep om du vill bona in balkongen och slippa insyn fr\u00e5n nyfikna grannar. Har du en balkong i soligt s\u00f6derl\u00e4ge \u00e4r ett parasoll en bra investering.<\/p>\n<p>[\/et_pb_text][et_pb_image src=&#8221;https:\/\/kampanj.expressen.se\/rusta\/wp-content\/uploads\/2025\/03\/rusta-2-4.jpg&#8221; title_text=&#8221;rusta-2-4&#8243; _builder_version=&#8221;4.27.4&#8243; _module_preset=&#8221;default&#8221; custom_margin=&#8221;30px||10px||false|false&#8221; animation_style=&#8221;fade&#8221; border_radii=&#8221;on|8px|8px|8px|8px&#8221; global_colors_info=&#8221;{}&#8221; theme_builder_area=&#8221;post_content&#8221;][\/et_pb_image][et_pb_text module_class=&#8221;bildtext&#8221; _builder_version=&#8221;4.27.4&#8243; _module_preset=&#8221;default&#8221; text_text_color=&#8221;#757575&#8243; text_font_size=&#8221;16px&#8221; custom_margin=&#8221;||30px||false|false&#8221; global_colors_info=&#8221;{}&#8221; theme_builder_area=&#8221;post_content&#8221;]Med insynsskydd skapar du en privat oas p\u00e5 din balkong.[\/et_pb_text][\/et_pb_column][\/et_pb_row][et_pb_row column_structure=&#8221;1_2,1_2&#8243; use_custom_gutter=&#8221;on&#8221; gutter_width=&#8221;2&#8243; _builder_version=&#8221;4.27.4&#8243; _module_preset=&#8221;default&#8221; width=&#8221;90%&#8221; width_tablet=&#8221;80%&#8221; width_phone=&#8221;90%&#8221; width_last_edited=&#8221;off|tablet&#8221; max_width_tablet=&#8221;640px&#8221; max_width_phone=&#8221;640px&#8221; max_width_last_edited=&#8221;on|tablet&#8221; custom_margin=&#8221;0px||0px||true|false&#8221; custom_padding=&#8221;0px||0px||true|false&#8221; locked=&#8221;off&#8221; global_colors_info=&#8221;{}&#8221; theme_builder_area=&#8221;post_content&#8221;][et_pb_column type=&#8221;1_2&#8243; admin_label=&#8221;V\u00e4nster&#8221; _builder_version=&#8221;4.25.1&#8243; _module_preset=&#8221;default&#8221; animation_style=&#8221;fade&#8221; global_colors_info=&#8221;{}&#8221; theme_builder_area=&#8221;post_content&#8221;][et_pb_image src=&#8221;https:\/\/kampanj.expressen.se\/rusta\/wp-content\/uploads\/2025\/03\/rusta-2-5&#215;7-1.jpg&#8221; title_text=&#8221;rusta-2-1&#215;1&#8243; src_tablet=&#8221;https:\/\/kampanj.expressen.se\/rusta\/wp-content\/uploads\/2025\/03\/rusta-2-1&#215;1-1.jpg&#8221; src_phone=&#8221;https:\/\/kampanj.expressen.se\/rusta\/wp-content\/uploads\/2025\/03\/rusta-2-1&#215;1-1.jpg&#8221; src_last_edited=&#8221;on|phone&#8221; _builder_version=&#8221;4.27.4&#8243; _module_preset=&#8221;default&#8221; custom_margin=&#8221;0px||10px||false|false&#8221; custom_padding=&#8221;0px||0px||true|false&#8221; border_radii=&#8221;on|16px|16px|16px|16px&#8221; global_colors_info=&#8221;{}&#8221; theme_builder_area=&#8221;post_content&#8221;][\/et_pb_image][\/et_pb_column][et_pb_column type=&#8221;1_2&#8243; admin_label=&#8221;H\u00f6ger&#8221; _builder_version=&#8221;4.25.1&#8243; _module_preset=&#8221;default&#8221; animation_style=&#8221;fade&#8221; animation_delay=&#8221;600ms&#8221; global_colors_info=&#8221;{}&#8221; theme_builder_area=&#8221;post_content&#8221;][et_pb_image src=&#8221;https:\/\/kampanj.expressen.se\/rusta\/wp-content\/uploads\/2025\/03\/rusta-2-5&#215;7-2.jpg&#8221; title_text=&#8221;rusta-2-5&#215;7-2&#8243; src_tablet=&#8221;https:\/\/kampanj.expressen.se\/visitdenmark\/wp-content\/uploads\/2024\/06\/bovbjerg-strand-beach-denmark-Nicolas-Jaegergaard-1&#215;1-1.jpg&#8221; src_phone=&#8221;https:\/\/kampanj.expressen.se\/visitdenmark\/wp-content\/uploads\/2024\/06\/bovbjerg-strand-beach-denmark-Nicolas-Jaegergaard-1&#215;1-1.jpg&#8221; src_last_edited=&#8221;off|desktop&#8221; _builder_version=&#8221;4.27.4&#8243; _module_preset=&#8221;default&#8221; custom_margin=&#8221;0px||10px||false|false&#8221; custom_padding=&#8221;0px||0px||true|false&#8221; border_radii=&#8221;on|16px|16px|16px|16px&#8221; global_colors_info=&#8221;{}&#8221; theme_builder_area=&#8221;post_content&#8221;][\/et_pb_image][\/et_pb_column][\/et_pb_row][et_pb_row _builder_version=&#8221;4.27.4&#8243; _module_preset=&#8221;default&#8221; width=&#8221;90%&#8221; max_width=&#8221;640px&#8221; custom_padding=&#8221;0px||0px||true|false&#8221; global_colors_info=&#8221;{}&#8221; theme_builder_area=&#8221;post_content&#8221;][et_pb_column type=&#8221;4_4&#8243; _builder_version=&#8221;4.27.4&#8243; _module_preset=&#8221;default&#8221; global_colors_info=&#8221;{}&#8221; theme_builder_area=&#8221;post_content&#8221;][et_pb_text module_class=&#8221;bildtext&#8221; _builder_version=&#8221;4.27.4&#8243; _module_preset=&#8221;default&#8221; text_text_color=&#8221;#757575&#8243; text_font_size=&#8221;16px&#8221; custom_margin=&#8221;||30px||false|false&#8221; global_colors_info=&#8221;{}&#8221; theme_builder_area=&#8221;post_content&#8221;]Trall och konstgr\u00e4s g\u00f6r underverk f\u00f6r ett tr\u00e5kigt balkonggolv.[\/et_pb_text][et_pb_text _builder_version=&#8221;4.27.4&#8243; _module_preset=&#8221;default&#8221; text_font=&#8221;||||||||&#8221; custom_margin=&#8221;||30px||false|false&#8221; global_colors_info=&#8221;{}&#8221; theme_builder_area=&#8221;post_content&#8221;]<\/p>\n<h2>4. Odla p\u00e5 balkongen<\/h2>\n<p>Att odla egna blommor och kryddor g\u00e5r minst lika bra p\u00e5 balkongen. Bland Rustas sommarnyheter syns m\u00e4ngder av planteringstillbeh\u00f6r och snygga krukor.<\/p>\n<p>\u2013 Med en tomat- eller potatiskruka fixar du dina egna f\u00e4rska gr\u00f6nsaker till sommarens middagar. Varf\u00f6r inte odla p\u00e5 h\u00f6jden med hj\u00e4lp av spalj\u00e9er, amplar och odlingstrappor? Det \u00e4r ett enkelt s\u00e4tt att skapa en ombonad gr\u00f6n oas, som \u00e4ven skyddar mot insyn, s\u00e4ger Andrea.<\/p>\n<p>[\/et_pb_text][et_pb_image src=&#8221;https:\/\/kampanj.expressen.se\/rusta\/wp-content\/uploads\/2025\/03\/rusta-2-5.jpg&#8221; title_text=&#8221;rusta-2-5&#8243; _builder_version=&#8221;4.27.4&#8243; _module_preset=&#8221;default&#8221; custom_margin=&#8221;30px||10px||false|false&#8221; animation_style=&#8221;fade&#8221; border_radii=&#8221;on|8px|8px|8px|8px&#8221; global_colors_info=&#8221;{}&#8221; theme_builder_area=&#8221;post_content&#8221;][\/et_pb_image][et_pb_text module_class=&#8221;bildtext&#8221; _builder_version=&#8221;4.27.4&#8243; _module_preset=&#8221;default&#8221; text_text_color=&#8221;#757575&#8243; text_font_size=&#8221;16px&#8221; custom_margin=&#8221;||30px||false|false&#8221; global_colors_info=&#8221;{}&#8221; theme_builder_area=&#8221;post_content&#8221;]Med lite planering kan du odla \u00e4ven p\u00e5 en liten balkong.[\/et_pb_text][et_pb_text _builder_version=&#8221;4.27.4&#8243; _module_preset=&#8221;default&#8221; text_font=&#8221;||||||||&#8221; custom_margin=&#8221;||30px||false|false&#8221; global_colors_info=&#8221;{}&#8221; theme_builder_area=&#8221;post_content&#8221;]<\/p>\n<h2>5. L\u00e5t detaljerna s\u00e4tta stilen<\/h2>\n<p>Tricket f\u00f6r att skapa en mysig balkong stavas detaljer. Med hj\u00e4lp av sk\u00f6na sittdynor, kuddar f\u00f6r utomhusbruk och mjuka pl\u00e4dar f\u00e5r du balkongen att k\u00e4nnas b\u00e5de ombonad och personlig. Str\u00f6ssla med solcellsbelysning f\u00f6r extra mys n\u00e4r det skymmer.<\/p>\n<p>\u2013 Att plocka med sin personliga stil utomhus \u00e4r inte sv\u00e5rt, men om det finns ett utrymme d\u00e4r man verkligen kan g\u00f6ra precis tv\u00e4rtemot, s\u00e5 \u00e4r det p\u00e5 balkongen. Inreder du i vitt och beige inomhus? G\u00f6r det motsatta utomhus! Bara fantasin s\u00e4tter gr\u00e4nser.<\/p>\n<p>[\/et_pb_text][et_pb_image src=&#8221;https:\/\/kampanj.expressen.se\/rusta\/wp-content\/uploads\/2025\/03\/rusta-2-8.jpg&#8221; title_text=&#8221;rusta-2-8&#8243; _builder_version=&#8221;4.27.4&#8243; _module_preset=&#8221;default&#8221; custom_margin=&#8221;30px||10px||false|false&#8221; animation_style=&#8221;fade&#8221; border_radii=&#8221;on|8px|8px|8px|8px&#8221; global_colors_info=&#8221;{}&#8221; theme_builder_area=&#8221;post_content&#8221;][\/et_pb_image][et_pb_image src=&#8221;https:\/\/kampanj.expressen.se\/rusta\/wp-content\/uploads\/2025\/03\/rusta-2-7.jpg&#8221; title_text=&#8221;rusta-2-7&#8243; _builder_version=&#8221;4.27.4&#8243; _module_preset=&#8221;default&#8221; custom_margin=&#8221;30px||10px||false|false&#8221; animation_style=&#8221;fade&#8221; border_radii=&#8221;on|8px|8px|8px|8px&#8221; global_colors_info=&#8221;{}&#8221; theme_builder_area=&#8221;post_content&#8221;][\/et_pb_image][et_pb_text module_class=&#8221;bildtext&#8221; _builder_version=&#8221;4.27.4&#8243; _module_preset=&#8221;default&#8221; text_text_color=&#8221;#757575&#8243; text_font_size=&#8221;16px&#8221; custom_margin=&#8221;||30px||false|false&#8221; global_colors_info=&#8221;{}&#8221; theme_builder_area=&#8221;post_content&#8221;]Piffa balkongen med mjuka kuddar f\u00f6r utomhusbruk och snygga lampor som drivs med hj\u00e4lp av solen.[\/et_pb_text][et_pb_text _builder_version=&#8221;4.27.4&#8243; _module_preset=&#8221;default&#8221; text_font=&#8221;||||||||&#8221; custom_margin=&#8221;||30px||false|false&#8221; global_colors_info=&#8221;{}&#8221; theme_builder_area=&#8221;post_content&#8221;]<\/p>\n<p><a href=\"https:\/\/ad.doubleclick.net\/ddm\/trackclk\/N1831868.102396EXPRESSEN.SE\/B32910391.417193393;dc_trk_aid=609837982;dc_trk_cid=227843171;dc_lat=;dc_rdid=;tag_for_child_directed_treatment=;tfua=;gdpr=$%7BGDPR%7D;gdpr_consent=$%7BGDPR_CONSENT_755%7D;ltd=;dc_tdv=1\" target=\"_blank\" rel=\"noopener\"><strong>EXTERN L\u00c4NK: Se fler av Rustas balkongm\u00f6bler<\/strong><\/a><\/p>\n<p>[\/et_pb_text][et_pb_text _builder_version=&#8221;4.27.4&#8243; _module_preset=&#8221;default&#8221; text_font=&#8221;||||||||&#8221; custom_margin=&#8221;||30px||false|false&#8221; locked=&#8221;off&#8221; global_colors_info=&#8221;{}&#8221; theme_builder_area=&#8221;post_content&#8221;]<\/p>\n<p><strong>Dr\u00f6mmer du om den perfekta uteplatsen, men \u00e4r os\u00e4ker p\u00e5 vilken stil som passar dig b\u00e4st? G\u00f6r quizet nedan och ta reda p\u00e5 vad som passar dig!<\/strong><\/p>\n<p>[\/et_pb_text][et_pb_text _builder_version=&#8221;4.27.4&#8243; _module_preset=&#8221;default&#8221; custom_margin=&#8221;||||false|false&#8221; custom_margin_phone=&#8221;||||false|false&#8221; custom_margin_last_edited=&#8221;off|phone&#8221; custom_padding=&#8221;||||false|false&#8221; custom_padding_tablet=&#8221;||||false|false&#8221; custom_padding_phone=&#8221;10px||||false|false&#8221; custom_padding_last_edited=&#8221;on|phone&#8221; border_color_all=&#8221;#ebebeb&#8221; border_width_top=&#8221;1px&#8221; locked=&#8221;off&#8221; global_colors_info=&#8221;{}&#8221; theme_builder_area=&#8221;post_content&#8221;]<\/p>\n<div class=\"frm_forms  with_frm_style frm_style_expressen frm_chat_form_cont\" id=\"frm_form_2_container\" data-token=\"d9bd9318de4ba97910d7ef16af44edea\">\n<form enctype=\"multipart\/form-data\" method=\"post\" class=\"frm-show-form  frm_js_validate  frm_pro_form \" id=\"form_hqshq\" data-token=\"d9bd9318de4ba97910d7ef16af44edea\">\n<div class=\"frm_form_fields \">\n<fieldset>\n<legend class=\"frm_screen_reader\">Vilken uteplats-personlighet har du?<\/legend>\r\n\r\n<div class=\"frm_chat_form frm_fields_container\">\n<input type=\"hidden\" name=\"frm_action\" value=\"create\" \/>\n<input type=\"hidden\" name=\"form_id\" value=\"2\" \/>\n<input type=\"hidden\" name=\"frm_hide_fields_2\" id=\"frm_hide_fields_2\" value=\"\" \/>\n<input type=\"hidden\" name=\"form_key\" value=\"hqshq\" \/>\n<input type=\"hidden\" name=\"item_meta[0]\" value=\"\" \/>\n<input type=\"hidden\" id=\"frm_submit_entry_2\" name=\"frm_submit_entry_2\" value=\"50c8a3ed54\" \/><input type=\"hidden\" name=\"_wp_http_referer\" value=\"\/rusta\/wp-json\/wp\/v2\/posts\/72\" \/><input type=\"hidden\" name=\"item_meta[6]\" id=\"field_uteplats\" value=\"\"  data-invmsg=\"Outcome \u00e4r ogiltigt\"   \/>\n<div id=\"frm_field_7_container\" class=\"frm_form_field frm_active_chat_field frm_autoadvance form-field  frm_required_field frm_top_container vertical_radio\">\r\n    <div id=\"field_hw1bc_label\" class=\"frm_primary_label\">Hur tillbringar du helst en solig sommardag?\r\n        <span class=\"frm_required\" aria-hidden=\"true\"><\/span>\r\n    <\/div>\r\n    <div class=\"frm_opt_container\" role=\"radiogroup\" aria-required=\"true\">\t\t<div class=\"frm_radio\" id=\"frm_radio_7-0\">\t\t\t<label  for=\"field_hw1bc-0\">\n\t\t\t\t\t<input type=\"radio\" name=\"item_meta[7]\" id=\"field_hw1bc-0\" value=\"Grillar och experimenterar med nya recept\"\n\t\t   data-reqmsg=\"Du m\u00e5ste v\u00e4lja ett alternativ\" data-invmsg=\"Hur tillbringar du helst en solig sommardag? \u00e4r ogiltigt\"  \/> Grillar och experimenterar med nya recept<\/label><\/div>\n\t\t<div class=\"frm_radio\" id=\"frm_radio_7-1\">\t\t\t<label  for=\"field_hw1bc-1\">\n\t\t\t\t\t<input type=\"radio\" name=\"item_meta[7]\" id=\"field_hw1bc-1\" value=\"Med en stor middag f\u00f6r v\u00e4nner och familj\"\n\t\t   data-reqmsg=\"Du m\u00e5ste v\u00e4lja ett alternativ\" data-invmsg=\"Hur tillbringar du helst en solig sommardag? \u00e4r ogiltigt\"  \/> Med en stor middag f\u00f6r v\u00e4nner och familj<\/label><\/div>\n\t\t<div class=\"frm_radio\" id=\"frm_radio_7-2\">\t\t\t<label  for=\"field_hw1bc-2\">\n\t\t\t\t\t<input type=\"radio\" name=\"item_meta[7]\" id=\"field_hw1bc-2\" value=\"Planerar och dekorerar f\u00f6r n\u00e4sta stora fest\"\n\t\t   data-reqmsg=\"Du m\u00e5ste v\u00e4lja ett alternativ\" data-invmsg=\"Hur tillbringar du helst en solig sommardag? \u00e4r ogiltigt\"  \/> Planerar och dekorerar f\u00f6r n\u00e4sta stora fest<\/label><\/div>\n\t\t<div class=\"frm_radio\" id=\"frm_radio_7-3\">\t\t\t<label  for=\"field_hw1bc-3\">\n\t\t\t\t\t<input type=\"radio\" name=\"item_meta[7]\" id=\"field_hw1bc-3\" value=\"Liggandes i en h\u00e4ngmatta med en bok\"\n\t\t   data-reqmsg=\"Du m\u00e5ste v\u00e4lja ett alternativ\" data-invmsg=\"Hur tillbringar du helst en solig sommardag? \u00e4r ogiltigt\"  \/> Liggandes i en h\u00e4ngmatta med en bok<\/label><\/div>\n\t\t<div class=\"frm_radio\" id=\"frm_radio_7-5\">\t\t\t<label  for=\"field_hw1bc-5\">\n\t\t\t\t\t<input type=\"radio\" name=\"item_meta[7]\" id=\"field_hw1bc-5\" value=\"P\u00e5 en mysig, solig plats med en kopp kaffe\"\n\t\t   data-reqmsg=\"Du m\u00e5ste v\u00e4lja ett alternativ\" data-invmsg=\"Hur tillbringar du helst en solig sommardag? \u00e4r ogiltigt\"  \/> P\u00e5 en mysig, solig plats med en kopp kaffe<\/label><\/div>\n<\/div>\r\n    \r\n    \r\n<\/div>\n<div id=\"frm_field_8_container\" class=\"frm_form_field frm_inactive_chat_field frm_autoadvance form-field  frm_required_field frm_top_container vertical_radio\">\r\n    <div id=\"field_95kyr_label\" class=\"frm_primary_label\">Vad \u00e4r det viktigaste n\u00e4r du k\u00f6per utem\u00f6bler?\r\n        <span class=\"frm_required\" aria-hidden=\"true\"><\/span>\r\n    <\/div>\r\n    <div class=\"frm_opt_container\" role=\"radiogroup\" aria-required=\"true\">\t\t<div class=\"frm_radio\" id=\"frm_radio_8-0\">\t\t\t<label  for=\"field_95kyr-0\">\n\t\t\t\t\t<input type=\"radio\" name=\"item_meta[8]\" id=\"field_95kyr-0\" value=\"Att de ska vara bekv\u00e4ma och sk\u00f6na att sitta i\"\n\t\t   data-reqmsg=\"Vad \u00e4r det viktigaste n\u00e4r du k\u00f6per utem\u00f6bler? kan inte vara tomt.\" data-invmsg=\"Vad \u00e4r det viktigaste n\u00e4r du k\u00f6per utem\u00f6bler? \u00e4r ogiltigt\"  \/> Att de ska vara bekv\u00e4ma och sk\u00f6na att sitta i<\/label><\/div>\n\t\t<div class=\"frm_radio\" id=\"frm_radio_8-1\">\t\t\t<label  for=\"field_95kyr-1\">\n\t\t\t\t\t<input type=\"radio\" name=\"item_meta[8]\" id=\"field_95kyr-1\" value=\"Det ska finnas plats f\u00f6r m\u00e5nga g\u00e4ster\"\n\t\t   data-reqmsg=\"Vad \u00e4r det viktigaste n\u00e4r du k\u00f6per utem\u00f6bler? kan inte vara tomt.\" data-invmsg=\"Vad \u00e4r det viktigaste n\u00e4r du k\u00f6per utem\u00f6bler? \u00e4r ogiltigt\"  \/> Det ska finnas plats f\u00f6r m\u00e5nga g\u00e4ster<\/label><\/div>\n\t\t<div class=\"frm_radio\" id=\"frm_radio_8-2\">\t\t\t<label  for=\"field_95kyr-2\">\n\t\t\t\t\t<input type=\"radio\" name=\"item_meta[8]\" id=\"field_95kyr-2\" value=\"M\u00f6blerna ska vara yteffektiva och passa mindre utrymmen\"\n\t\t   data-reqmsg=\"Vad \u00e4r det viktigaste n\u00e4r du k\u00f6per utem\u00f6bler? kan inte vara tomt.\" data-invmsg=\"Vad \u00e4r det viktigaste n\u00e4r du k\u00f6per utem\u00f6bler? \u00e4r ogiltigt\"  \/> M\u00f6blerna ska vara yteffektiva och passa mindre utrymmen<\/label><\/div>\n\t\t<div class=\"frm_radio\" id=\"frm_radio_8-3\">\t\t\t<label  for=\"field_95kyr-3\">\n\t\t\t\t\t<input type=\"radio\" name=\"item_meta[8]\" id=\"field_95kyr-3\" value=\"Det m\u00e5ste finnas plats f\u00f6r att grilla och laga mat\"\n\t\t   data-reqmsg=\"Vad \u00e4r det viktigaste n\u00e4r du k\u00f6per utem\u00f6bler? kan inte vara tomt.\" data-invmsg=\"Vad \u00e4r det viktigaste n\u00e4r du k\u00f6per utem\u00f6bler? \u00e4r ogiltigt\"  \/> Det m\u00e5ste finnas plats f\u00f6r att grilla och laga mat<\/label><\/div>\n\t\t<div class=\"frm_radio\" id=\"frm_radio_8-4\">\t\t\t<label  for=\"field_95kyr-4\">\n\t\t\t\t\t<input type=\"radio\" name=\"item_meta[8]\" id=\"field_95kyr-4\" value=\"Att de skapar en festlig och inbjudande atmosf\u00e4r\"\n\t\t   data-reqmsg=\"Vad \u00e4r det viktigaste n\u00e4r du k\u00f6per utem\u00f6bler? kan inte vara tomt.\" data-invmsg=\"Vad \u00e4r det viktigaste n\u00e4r du k\u00f6per utem\u00f6bler? \u00e4r ogiltigt\"  \/> Att de skapar en festlig och inbjudande atmosf\u00e4r<\/label><\/div>\n<\/div>\r\n    \r\n    \r\n<\/div>\n<div id=\"frm_field_9_container\" class=\"frm_form_field frm_inactive_chat_field frm_autoadvance form-field  frm_required_field frm_top_container frm12 frm_first vertical_radio\">\r\n    <div id=\"field_2vy3b_label\" class=\"frm_primary_label\">Om du fick v\u00e4lja en ny inredningsdetalj, vad hade du valt?\r\n        <span class=\"frm_required\" aria-hidden=\"true\"><\/span>\r\n    <\/div>\r\n    <div class=\"frm_opt_container\" role=\"radiogroup\" aria-required=\"true\">\t\t<div class=\"frm_radio\" id=\"frm_radio_9-0\">\t\t\t<label  for=\"field_2vy3b-0\">\n\t\t\t\t\t<input type=\"radio\" name=\"item_meta[9]\" id=\"field_2vy3b-0\" value=\"En sk\u00f6n h\u00e4ngmatta\"\n\t\t   data-reqmsg=\"Om du fick v\u00e4lja en ny inredningsdetalj, vad hade du valt? kan inte vara tomt.\" data-invmsg=\"Om du fick v\u00e4lja en ny inredningsdetalj, vad hade du valt? \u00e4r ogiltigt\"  \/> En sk\u00f6n h\u00e4ngmatta<\/label><\/div>\n\t\t<div class=\"frm_radio\" id=\"frm_radio_9-1\">\t\t\t<label  for=\"field_2vy3b-1\">\n\t\t\t\t\t<input type=\"radio\" name=\"item_meta[9]\" id=\"field_2vy3b-1\" value=\"Ett stort matbord med il\u00e4ggsskiva\"\n\t\t   data-reqmsg=\"Om du fick v\u00e4lja en ny inredningsdetalj, vad hade du valt? kan inte vara tomt.\" data-invmsg=\"Om du fick v\u00e4lja en ny inredningsdetalj, vad hade du valt? \u00e4r ogiltigt\"  \/> Ett stort matbord med il\u00e4ggsskiva<\/label><\/div>\n\t\t<div class=\"frm_radio\" id=\"frm_radio_9-2\">\t\t\t<label  for=\"field_2vy3b-2\">\n\t\t\t\t\t<input type=\"radio\" name=\"item_meta[9]\" id=\"field_2vy3b-2\" value=\"En grillpaviljong\"\n\t\t   data-reqmsg=\"Om du fick v\u00e4lja en ny inredningsdetalj, vad hade du valt? kan inte vara tomt.\" data-invmsg=\"Om du fick v\u00e4lja en ny inredningsdetalj, vad hade du valt? \u00e4r ogiltigt\"  \/> En grillpaviljong<\/label><\/div>\n\t\t<div class=\"frm_radio\" id=\"frm_radio_9-3\">\t\t\t<label  for=\"field_2vy3b-3\">\n\t\t\t\t\t<input type=\"radio\" name=\"item_meta[9]\" id=\"field_2vy3b-3\" value=\"Mysig solcellsbelysning\"\n\t\t   data-reqmsg=\"Om du fick v\u00e4lja en ny inredningsdetalj, vad hade du valt? kan inte vara tomt.\" data-invmsg=\"Om du fick v\u00e4lja en ny inredningsdetalj, vad hade du valt? \u00e4r ogiltigt\"  \/> Mysig solcellsbelysning<\/label><\/div>\n\t\t<div class=\"frm_radio\" id=\"frm_radio_9-4\">\t\t\t<label  for=\"field_2vy3b-4\">\n\t\t\t\t\t<input type=\"radio\" name=\"item_meta[9]\" id=\"field_2vy3b-4\" value=\"Ett l\u00e4ttmonterat partyt\u00e4lt\"\n\t\t   data-reqmsg=\"Om du fick v\u00e4lja en ny inredningsdetalj, vad hade du valt? kan inte vara tomt.\" data-invmsg=\"Om du fick v\u00e4lja en ny inredningsdetalj, vad hade du valt? \u00e4r ogiltigt\"  \/> Ett l\u00e4ttmonterat partyt\u00e4lt<\/label><\/div>\n<\/div>\r\n    \r\n    \r\n<\/div>\n<div id=\"frm_field_10_container\" class=\"frm_form_field frm_inactive_chat_field frm_autoadvance form-field  frm_required_field frm_top_container vertical_radio\">\r\n    <div id=\"field_4t7zc_label\" class=\"frm_primary_label\">Vilken typ av semester f\u00f6redrar du?\r\n        <span class=\"frm_required\" aria-hidden=\"true\"><\/span>\r\n    <\/div>\r\n    <div class=\"frm_opt_container\" role=\"radiogroup\" aria-required=\"true\">\t\t<div class=\"frm_radio\" id=\"frm_radio_10-0\">\t\t\t<label  for=\"field_4t7zc-0\">\n\t\t\t\t\t<input type=\"radio\" name=\"item_meta[10]\" id=\"field_4t7zc-0\" value=\"En familjesemester med aktiviteter f\u00f6r alla\"\n\t\t   data-reqmsg=\"Vilken typ av semester f\u00f6redrar du? kan inte vara tomt.\" data-invmsg=\"Vilken typ av semester f\u00f6redrar du? \u00e4r ogiltigt\"  \/> En familjesemester med aktiviteter f\u00f6r alla<\/label><\/div>\n\t\t<div class=\"frm_radio\" id=\"frm_radio_10-1\">\t\t\t<label  for=\"field_4t7zc-1\">\n\t\t\t\t\t<input type=\"radio\" name=\"item_meta[10]\" id=\"field_4t7zc-1\" value=\"En matresa d\u00e4r du kan f\u00e5 ny inspiration\"\n\t\t   data-reqmsg=\"Vilken typ av semester f\u00f6redrar du? kan inte vara tomt.\" data-invmsg=\"Vilken typ av semester f\u00f6redrar du? \u00e4r ogiltigt\"  \/> En matresa d\u00e4r du kan f\u00e5 ny inspiration<\/label><\/div>\n\t\t<div class=\"frm_radio\" id=\"frm_radio_10-2\">\t\t\t<label  for=\"field_4t7zc-2\">\n\t\t\t\t\t<input type=\"radio\" name=\"item_meta[10]\" id=\"field_4t7zc-2\" value=\"En semester p\u00e5 en solig plats med vacker utsikt\"\n\t\t   data-reqmsg=\"Vilken typ av semester f\u00f6redrar du? kan inte vara tomt.\" data-invmsg=\"Vilken typ av semester f\u00f6redrar du? \u00e4r ogiltigt\"  \/> En semester p\u00e5 en solig plats med vacker utsikt<\/label><\/div>\n\t\t<div class=\"frm_radio\" id=\"frm_radio_10-3\">\t\t\t<label  for=\"field_4t7zc-3\">\n\t\t\t\t\t<input type=\"radio\" name=\"item_meta[10]\" id=\"field_4t7zc-3\" value=\"En l\u00e5nghelg n\u00e4r du h\u00e4nger med v\u00e4nner och familj utomhus\"\n\t\t   data-reqmsg=\"Vilken typ av semester f\u00f6redrar du? kan inte vara tomt.\" data-invmsg=\"Vilken typ av semester f\u00f6redrar du? \u00e4r ogiltigt\"  \/> En l\u00e5nghelg n\u00e4r du h\u00e4nger med v\u00e4nner och familj utomhus<\/label><\/div>\n\t\t<div class=\"frm_radio\" id=\"frm_radio_10-4\">\t\t\t<label  for=\"field_4t7zc-4\">\n\t\t\t\t\t<input type=\"radio\" name=\"item_meta[10]\" id=\"field_4t7zc-4\" value=\"En avkopplande semester d\u00e4r du kan g\u00f6ra precis vad du vill\"\n\t\t   data-reqmsg=\"Vilken typ av semester f\u00f6redrar du? kan inte vara tomt.\" data-invmsg=\"Vilken typ av semester f\u00f6redrar du? \u00e4r ogiltigt\"  \/> En avkopplande semester d\u00e4r du kan g\u00f6ra precis vad du vill<\/label><\/div>\n<\/div>\r\n    \r\n    \r\n<\/div>\n<div id=\"frm_field_11_container\" class=\"frm_form_field frm_inactive_chat_field frm_autoadvance form-field  frm_required_field frm_top_container vertical_radio\">\r\n    <div id=\"field_x1ous_label\" class=\"frm_primary_label\">Vilka ord skulle du vilja beskrev din uteplats eller balkong?\r\n        <span class=\"frm_required\" aria-hidden=\"true\"><\/span>\r\n    <\/div>\r\n    <div class=\"frm_opt_container\" role=\"radiogroup\" aria-required=\"true\">\t\t<div class=\"frm_radio\" id=\"frm_radio_11-0\">\t\t\t<label  for=\"field_x1ous-0\">\n\t\t\t\t\t<input type=\"radio\" name=\"item_meta[11]\" id=\"field_x1ous-0\" value=\"Festlig och f\u00e4rgglad\"\n\t\t   data-reqmsg=\"Vilka ord skulle du vilja beskrev din uteplats eller balkong? kan inte vara tomt.\" data-invmsg=\"Vilka ord skulle du vilja beskrev din uteplats eller balkong? \u00e4r ogiltigt\"  \/> Festlig och f\u00e4rgglad<\/label><\/div>\n\t\t<div class=\"frm_radio\" id=\"frm_radio_11-1\">\t\t\t<label  for=\"field_x1ous-1\">\n\t\t\t\t\t<input type=\"radio\" name=\"item_meta[11]\" id=\"field_x1ous-1\" value=\"Mysig och avkopplande\"\n\t\t   data-reqmsg=\"Vilka ord skulle du vilja beskrev din uteplats eller balkong? kan inte vara tomt.\" data-invmsg=\"Vilka ord skulle du vilja beskrev din uteplats eller balkong? \u00e4r ogiltigt\"  \/> Mysig och avkopplande<\/label><\/div>\n\t\t<div class=\"frm_radio\" id=\"frm_radio_11-2\">\t\t\t<label  for=\"field_x1ous-2\">\n\t\t\t\t\t<input type=\"radio\" name=\"item_meta[11]\" id=\"field_x1ous-2\" value=\"Gr\u00f6n och inbjudande\"\n\t\t   data-reqmsg=\"Vilka ord skulle du vilja beskrev din uteplats eller balkong? kan inte vara tomt.\" data-invmsg=\"Vilka ord skulle du vilja beskrev din uteplats eller balkong? \u00e4r ogiltigt\"  \/> Gr\u00f6n och inbjudande<\/label><\/div>\n\t\t<div class=\"frm_radio\" id=\"frm_radio_11-3\">\t\t\t<label  for=\"field_x1ous-3\">\n\t\t\t\t\t<input type=\"radio\" name=\"item_meta[11]\" id=\"field_x1ous-3\" value=\"Social och h\u00e4rlig\"\n\t\t   data-reqmsg=\"Vilka ord skulle du vilja beskrev din uteplats eller balkong? kan inte vara tomt.\" data-invmsg=\"Vilka ord skulle du vilja beskrev din uteplats eller balkong? \u00e4r ogiltigt\"  \/> Social och h\u00e4rlig<\/label><\/div>\n\t\t<div class=\"frm_radio\" id=\"frm_radio_11-4\">\t\t\t<label  for=\"field_x1ous-4\">\n\t\t\t\t\t<input type=\"radio\" name=\"item_meta[11]\" id=\"field_x1ous-4\" value=\"Inspirerande och fylld med matlagningsm\u00f6jligheter\"\n\t\t   data-reqmsg=\"Vilka ord skulle du vilja beskrev din uteplats eller balkong? kan inte vara tomt.\" data-invmsg=\"Vilka ord skulle du vilja beskrev din uteplats eller balkong? \u00e4r ogiltigt\"  \/> Inspirerande och fylld med matlagningsm\u00f6jligheter<\/label><\/div>\n<\/div>\r\n    \r\n    \r\n<\/div>\n<div id=\"frm_field_17_container\" class=\"frm_form_field frm_inactive_chat_field form-field \">\r\n\t<div class=\"frm_submit\">\r\n\r\n<button class=\"frm_button_submit frm_final_submit\" type=\"submit\" >Skicka<\/button>\r\n\r\n\r\n<\/div>\r\n<\/div>\n\t<input type=\"hidden\" name=\"item_key\" value=\"\" \/>\n\t\t\t<div id=\"frm_field_18_container\">\n\t\t\t<label for=\"field_8fzrg\" >\n\t\t\t\tOm du \u00e4r m\u00e4nsklig, l\u00e4mna det h\u00e4r f\u00e4ltet tomt.\t\t\t<\/label>\n\t\t\t<input  id=\"field_8fzrg\" type=\"text\" class=\"frm_form_field form-field frm_verify\" name=\"item_meta[18]\" value=\"\"  \/>\n\t\t<\/div>\n\t\t<input name=\"frm_state\" type=\"hidden\" value=\"rPVFQdAZ4clbgfw+e3FJsynffGLV8WzvazVbY7OENxivAiGE5eeL8zSk+nGAtYb6\" \/>\t\t<svg aria-hidden=\"true\" style=\"position: absolute; width: 0; height: 0; overflow: hidden;\" version=\"1.1\" xmlns=\"http:\/\/www.w3.org\/2000\/svg\" xmlns:xlink=\"http:\/\/www.w3.org\/1999\/xlink\">\n\t\t\t<defs>\n\t\t\t\t<symbol id=\"frm_trash_icon\" viewBox=\"0 0 20 20\" fill=\"none\"><path d=\"M2.5 5h15M6.667 5V3.334a1.667 1.667 0 011.667-1.667h3.333a1.667 1.667 0 011.667 1.667V5m2.5 0v11.667a1.667 1.667 0 01-1.667 1.667H5.834a1.667 1.667 0 01-1.667-1.667V5h11.667z\" stroke=\"#484E54\" stroke-linecap=\"round\" stroke-linejoin=\"round\"\/><\/symbol>\n\t\t\t<\/defs>\n\t\t<\/svg>\n\t\t<\/div>\n<\/fieldset>\n<\/div>\n\n<\/form><div class=\"frm-chat-wrapper\"><div class=\"frm_continue_chat_wrapper frm_submit\"><button class=\"button button-primary frm-button-primary frm_continue_chat frm_button_submit frm_hidden\"><span class=\"frm_continue_text\">Forts\u00e4tt<\/span><span class=\"frm_continue_final_text\">Skicka<\/span> <svg width=\"16\" height=\"11\" fill=\"none\" xmlns=\"http:\/\/www.w3.org\/2000\/svg\" viewBox=\"0 0 16 11\"><path fill=\"currentColor\" d=\"M15.3 6c0 .7-.3 1.2-.7 1.7a2.2 2.2 0 0 1-1.7.7H7.4v2.3L.6 7.5l6.8-3.2v2.3H12c.3 0 .6-.1.8-.3.3-.2.4-.5.4-.8V.7h2V6Z\"\/><\/svg><\/button><\/div><div class=\"frm_chat_arrows\"><a href=\"#\" class=\"frm_chat_arrow frm_chat_prev_arrow\" role=\"button\" aria-label=\"Previous\"><svg width=\"19\" height=\"19\" viewBox=\"0 0 19 19\" fill=\"none\" xmlns=\"http:\/\/www.w3.org\/2000\/svg\"><path d=\"M14.75 9.5H4.25\" stroke=\"currentColor\" stroke-linecap=\"round\" stroke-linejoin=\"round\"\/><path d=\"M9.5 14.75L4.25 9.5L9.5 4.25\" stroke=\"currentColor\" stroke-linecap=\"round\" stroke-linejoin=\"round\"\/><\/svg><\/a><a href=\"#\" class=\"frm_chat_arrow frm_chat_next_arrow frm_button_submit\" role=\"button\" aria-label=\"Continue\"><svg width=\"19\" height=\"19\" viewBox=\"0 0 19 19\" fill=\"none\" xmlns=\"http:\/\/www.w3.org\/2000\/svg\"><path d=\"M4.25 9.5H14.75\" stroke=\"currentColor\" stroke-linecap=\"round\" stroke-linejoin=\"round\"\/><path d=\"M9.5 14.75L14.75 9.5L9.5 4.25\" stroke=\"currentColor\" stroke-linecap=\"round\" stroke-linejoin=\"round\"\/><\/svg><svg class=\"frm_next_checkmark\" width=\"19\" height=\"19\" viewBox=\"0 0 19 19\" fill=\"none\" xmlns=\"http:\/\/www.w3.org\/2000\/svg\"><path d=\"M15.5 4.875L7.25 13.125L3.5 9.375\" stroke=\"currentColor\" stroke-linecap=\"round\" stroke-linejoin=\"round\"\/><\/svg><\/a><\/div><div class=\"frm-key-instructions\">Use <span class=\"frm-instruction-key\">Shift+Tab<\/span> to go back<\/div><\/div>\n<\/div>\n\n<p>[\/et_pb_text][\/et_pb_column][\/et_pb_row][\/et_pb_section]<\/p>\n","protected":false},"excerpt":{"rendered":"<p>Inredaren tipsar: 5 enkla steg till en h\u00e4rligare balkongSola, odla och umg\u00e5s! H\u00e4r tipsar Rustas inredare, Andrea J\u00f6rbrink, om hur du med sm\u00e5 medel f\u00f6rvandlar din balkong till ett funktionellt och mysigt extra rum att njuta av fr\u00e5n tidig v\u00e5r till sen h\u00f6st.EXTERN L\u00c4NK: Se mer av Rustas nyheter f\u00f6r sommaren1. Maxa ytan utifr\u00e5n dina [&hellip;]<\/p>\n","protected":false},"author":1,"featured_media":138,"comment_status":"open","ping_status":"open","sticky":false,"template":"","format":"standard","meta":{"_et_pb_use_builder":"on","_et_pb_old_content":"","_et_gb_content_width":"","footnotes":""},"categories":[4],"tags":[],"class_list":["post-72","post","type-post","status-publish","format-standard","has-post-thumbnail","hentry","category-artikelflode"],"_links":{"self":[{"href":"https:\/\/kampanj.expressen.se\/rusta\/wp-json\/wp\/v2\/posts\/72","targetHints":{"allow":["GET"]}}],"collection":[{"href":"https:\/\/kampanj.expressen.se\/rusta\/wp-json\/wp\/v2\/posts"}],"about":[{"href":"https:\/\/kampanj.expressen.se\/rusta\/wp-json\/wp\/v2\/types\/post"}],"author":[{"embeddable":true,"href":"https:\/\/kampanj.expressen.se\/rusta\/wp-json\/wp\/v2\/users\/1"}],"replies":[{"embeddable":true,"href":"https:\/\/kampanj.expressen.se\/rusta\/wp-json\/wp\/v2\/comments?post=72"}],"version-history":[{"count":53,"href":"https:\/\/kampanj.expressen.se\/rusta\/wp-json\/wp\/v2\/posts\/72\/revisions"}],"predecessor-version":[{"id":214,"href":"https:\/\/kampanj.expressen.se\/rusta\/wp-json\/wp\/v2\/posts\/72\/revisions\/214"}],"wp:featuredmedia":[{"embeddable":true,"href":"https:\/\/kampanj.expressen.se\/rusta\/wp-json\/wp\/v2\/media\/138"}],"wp:attachment":[{"href":"https:\/\/kampanj.expressen.se\/rusta\/wp-json\/wp\/v2\/media?parent=72"}],"wp:term":[{"taxonomy":"category","embeddable":true,"href":"https:\/\/kampanj.expressen.se\/rusta\/wp-json\/wp\/v2\/categories?post=72"},{"taxonomy":"post_tag","embeddable":true,"href":"https:\/\/kampanj.expressen.se\/rusta\/wp-json\/wp\/v2\/tags?post=72"}],"curies":[{"name":"wp","href":"https:\/\/api.w.org\/{rel}","templated":true}]}}