{"id":2828,"date":"2026-04-23T13:25:40","date_gmt":"2026-04-23T11:25:40","guid":{"rendered":"https:\/\/kampanj.expressen.se\/ikease\/?p=2828"},"modified":"2026-04-23T16:06:35","modified_gmt":"2026-04-23T14:06:35","slug":"se-erikas-snabba-koksmakeover-sa-hjalpte-ikea-experten-till","status":"publish","type":"post","link":"https:\/\/kampanj.expressen.se\/ikease\/se-erikas-snabba-koksmakeover-sa-hjalpte-ikea-experten-till\/","title":{"rendered":"Se Erikas snabba k\u00f6ksmakeover \u2013 s\u00e5 hj\u00e4lpte IKEA-experten till"},"content":{"rendered":"<p>[et_pb_section fb_built=&#8221;1&#8243; _builder_version=&#8221;4.25.1&#8243; _module_preset=&#8221;default&#8221; background_color=&#8221;#fafafa&#8221; global_colors_info=&#8221;{}&#8221; theme_builder_area=&#8221;post_content&#8221;][et_pb_row custom_padding_last_edited=&#8221;on|phone&#8221; _builder_version=&#8221;4.27.6&#8243; _module_preset=&#8221;default&#8221; background_color=&#8221;#FFFFFF&#8221; width_tablet=&#8221;80%&#8221; width_phone=&#8221;96%&#8221; width_last_edited=&#8221;on|phone&#8221; max_width=&#8221;840px&#8221; custom_margin=&#8221;50px||||false|false&#8221; custom_padding=&#8221;30px|32px|30px|32px|true|true&#8221; custom_padding_tablet=&#8221;30px|32px|30px|32px|true|true&#8221; custom_padding_phone=&#8221;|8px||8px|false|true&#8221; border_radii=&#8221;off|16px||16px|&#8221; box_shadow_style=&#8221;preset1&#8243; box_shadow_horizontal=&#8221;2px&#8221; box_shadow_blur=&#8221;6px&#8221; box_shadow_spread=&#8221;1px&#8221; box_shadow_color=&#8221;rgba(173,173,173,0.25)&#8221; global_colors_info=&#8221;{}&#8221; theme_builder_area=&#8221;post_content&#8221;][et_pb_column type=&#8221;4_4&#8243; _builder_version=&#8221;4.25.1&#8243; _module_preset=&#8221;default&#8221; global_colors_info=&#8221;{}&#8221; theme_builder_area=&#8221;post_content&#8221;][et_pb_text _builder_version=&#8221;4.27.6&#8243; _module_preset=&#8221;default&#8221; header_font=&#8221;||||||||&#8221; header_font_size=&#8221;45px&#8221; width_tablet=&#8221;&#8221; width_phone=&#8221;&#8221; width_last_edited=&#8221;on|tablet&#8221; max_width=&#8221;640px&#8221; module_alignment=&#8221;center&#8221; custom_margin=&#8221;0px||0px||false|false&#8221; custom_padding=&#8221;0px||10px||false|false&#8221; header_font_size_tablet=&#8221;39px&#8221; header_font_size_phone=&#8221;30px&#8221; header_font_size_last_edited=&#8221;on|phone&#8221; global_colors_info=&#8221;{}&#8221; theme_builder_area=&#8221;post_content&#8221;]<\/p>\n<h1><b>Se Erikas snabba k\u00f6ksmakeover \u2013 s\u00e5 hj\u00e4lpte IKEA-experten till<\/b><br \/>\n<\/h1>\n<p>[\/et_pb_text][et_pb_text module_class=&#8221;ingress&#8221; _builder_version=&#8221;4.27.6&#8243; _module_preset=&#8221;default&#8221; text_font_size=&#8221;22px&#8221; header_font=&#8221;||||||||&#8221; header_font_size=&#8221;50px&#8221; width_tablet=&#8221;&#8221; width_phone=&#8221;&#8221; width_last_edited=&#8221;on|tablet&#8221; max_width=&#8221;640px&#8221; module_alignment=&#8221;center&#8221; custom_margin=&#8221;0px||0px||true|false&#8221; custom_padding=&#8221;0px||0px||true|false&#8221; header_font_size_tablet=&#8221;45px&#8221; header_font_size_phone=&#8221;32px&#8221; header_font_size_last_edited=&#8221;on|phone&#8221; global_colors_info=&#8221;{}&#8221; theme_builder_area=&#8221;post_content&#8221;]Fr\u00e5n prylar och st\u00f6k till maxad ordning i k\u00f6ket. Erika och Alva ville ha hj\u00e4lp att skapa en b\u00e4ttre struktur \u2013 och plats f\u00f6r att pyssla tillsammans. H\u00e4r \u00e4r inredarens b\u00e4sta tips f\u00f6r att skapa ett mer familjev\u00e4nligt k\u00f6k.[\/et_pb_text][et_pb_image src=&#8221;https:\/\/kampanj.expressen.se\/ikease\/wp-content\/uploads\/2026\/04\/se-erikas-snabba-koksmakeover\u2013sa-hjalpte-IKEA-experten-till.jpg&#8221; title_text=&#8221;se-erikas-snabba-koksmakeover\u2013sa-hjalpte-IKEA-experten-till&#8221; _builder_version=&#8221;4.27.6&#8243; _module_preset=&#8221;default&#8221; custom_margin=&#8221;16px||10px||false|false&#8221; custom_padding=&#8221;0px||0px||true|false&#8221; border_radii=&#8221;on|8px|8px|8px|8px&#8221; global_colors_info=&#8221;{}&#8221; theme_builder_area=&#8221;post_content&#8221;][\/et_pb_image][et_pb_text module_class=&#8221;bildtext&#8221; _builder_version=&#8221;4.27.6&#8243; _module_preset=&#8221;default&#8221; text_font_size=&#8221;16px&#8221; header_font=&#8221;||||||||&#8221; header_font_size=&#8221;50px&#8221; width_tablet=&#8221;&#8221; width_phone=&#8221;&#8221; width_last_edited=&#8221;on|tablet&#8221; max_width=&#8221;640px&#8221; module_alignment=&#8221;center&#8221; custom_margin=&#8221;0px||27px||false|false&#8221; custom_padding=&#8221;0px||0px||true|false&#8221; header_font_size_tablet=&#8221;45px&#8221; header_font_size_phone=&#8221;32px&#8221; header_font_size_last_edited=&#8221;on|phone&#8221; global_colors_info=&#8221;{}&#8221; theme_builder_area=&#8221;post_content&#8221;]<\/p>\n<p><a href=\"https:\/\/track.adform.net\/C\/?bn=88313836;gdpr=${GDPR};gdpr_consent=${GDPR_CONSENT_50\" target=\"_blank\" rel=\"noopener\">SJ\u00d6MAKT<\/a> taklampa 299:- <a href=\"https:\/\/track.adform.net\/C\/?bn=88313842;gdpr=${GDPR};gdpr_consent=${GDPR_CONSENT_50\" target=\"_blank\" rel=\"noopener\">P\u00c5VEFINK<\/a> v\u00e4rmeljush\u00e5llare 49:- <a href=\"https:\/\/track.adform.net\/C\/?bn=88313834;gdpr=${GDPR};gdpr_consent=${GDPR_CONSENT_50\" target=\"_blank\" rel=\"noopener\">VILJESTARK<\/a> vas 9:-<\/p>\n<p>[\/et_pb_text][et_pb_text _builder_version=&#8221;4.27.6&#8243; _module_preset=&#8221;default&#8221; header_font=&#8221;||||||||&#8221; header_font_size=&#8221;50px&#8221; width_tablet=&#8221;&#8221; width_phone=&#8221;&#8221; width_last_edited=&#8221;on|tablet&#8221; max_width=&#8221;640px&#8221; module_alignment=&#8221;center&#8221; custom_margin=&#8221;0px||||false|false&#8221; custom_padding=&#8221;0px||0px||true|false&#8221; header_font_size_tablet=&#8221;45px&#8221; header_font_size_phone=&#8221;32px&#8221; header_font_size_last_edited=&#8221;on|phone&#8221; global_colors_info=&#8221;{}&#8221; theme_builder_area=&#8221;post_content&#8221;]<\/p>\n<p><a href=\"https:\/\/track.adform.net\/C\/?bn=88313849;gdpr=${GDPR};gdpr_consent=${GDPR_CONSENT_50\" target=\"_blank\" rel=\"noopener\">Inspireras av fler k\u00f6k i olika stilar <\/a><\/p>\n<p>[\/et_pb_text][et_pb_text _builder_version=&#8221;4.27.6&#8243; _module_preset=&#8221;default&#8221; header_font=&#8221;||||||||&#8221; header_font_size=&#8221;50px&#8221; width_tablet=&#8221;&#8221; width_phone=&#8221;&#8221; width_last_edited=&#8221;on|tablet&#8221; max_width=&#8221;640px&#8221; module_alignment=&#8221;center&#8221; custom_margin=&#8221;0px||20px||false|false&#8221; custom_padding=&#8221;0px||0px||true|false&#8221; header_font_size_tablet=&#8221;45px&#8221; header_font_size_phone=&#8221;32px&#8221; header_font_size_last_edited=&#8221;on|phone&#8221; global_colors_info=&#8221;{}&#8221; theme_builder_area=&#8221;post_content&#8221;]<\/p>\n<p>Att g\u00f6ra en k\u00f6ksmakeover beh\u00f6ver inte kosta mycket, varken i tid eller pengar. Tv\u00e4rtom \u2013 sm\u00e5 insatser kan g\u00f6ra stor skillnad. Som hemma hos Erika och Alva. De trivs i sitt k\u00f6k i radhuset, men tyckte \u00e4nd\u00e5 att det saknades n\u00e5got.<\/p>\n<p>\u2013 Vi tycker om v\u00e5rt k\u00f6k och spenderar mycket tid h\u00e4r. Men vi har s\u00e5 m\u00e5nga saker och stundtals \u00e4r det supersv\u00e5rt att h\u00e5lla ordning, s\u00e4ger Erika.<\/p>\n<p>\u2013 Och jag skulle vilja ha en plats d\u00e4r jag kan ha mina grejer, s\u00e4ger Alva.<\/p>\n<p>F\u00f6r att f\u00e5 hj\u00e4lp med sin k\u00f6ksmakeover v\u00e4nde de sig till IKEA. Inredaren Ida b\u00f6rjade med att se \u00f6ver ytorna i k\u00f6ket. Utnyttjas de ytor som finns? G\u00e5r det att addera flera?<\/p>\n<p>\u2013 En st\u00e5ng \u00f6ver k\u00f6ksb\u00e4nken \u00e4r till exempel bra f\u00f6r att f\u00f6rvara mindre prylar som man beh\u00f6ver ha n\u00e4ra till hands. Det \u00e4r ett utrymme som ofta gl\u00f6ms bort men som \u00e4r enkelt att fixa till, s\u00e4ger Ida.<\/p>\n<p>Att samla saker som h\u00f6r ihop p\u00e5 samma plats hj\u00e4lper ocks\u00e5 till att skapa mer ordning i k\u00f6ket. Som till exempel att s\u00e4tta kryddor och oljor p\u00e5 en bricka eller samla alla sk\u00e4rbr\u00e4dor p\u00e5 samma plats. Det skapar en k\u00e4nsla av lugn i rummet. Nya och enhetliga knoppar p\u00e5 k\u00f6ksluckorna bidrar ocks\u00e5 till en mer konsekvent k\u00e4nsla.<\/p>\n<p>[\/et_pb_text][et_pb_text disabled_on=&#8221;on|on|on&#8221; _builder_version=&#8221;4.27.4&#8243; _module_preset=&#8221;default&#8221; text_text_color=&#8221;#8c8c8c&#8221; text_font_size=&#8221;16px&#8221; text_line_height=&#8221;1.3em&#8221; header_font=&#8221;||||||||&#8221; header_font_size=&#8221;50px&#8221; width_tablet=&#8221;&#8221; width_phone=&#8221;&#8221; width_last_edited=&#8221;on|tablet&#8221; max_width=&#8221;640px&#8221; module_alignment=&#8221;center&#8221; custom_margin=&#8221;0px||||false|false&#8221; custom_padding=&#8221;0px||0px||true|false&#8221; header_font_size_tablet=&#8221;45px&#8221; header_font_size_phone=&#8221;32px&#8221; header_font_size_last_edited=&#8221;on|phone&#8221; disabled=&#8221;on&#8221; global_colors_info=&#8221;{}&#8221; theme_builder_area=&#8221;post_content&#8221;]<\/p>\n<p>Nu n\u00e4r v\u00e5ren g\u00f6r sig p\u00e5mind \u00e4r m\u00f6rkl\u00e4ggningsgardiner v\u00e4rt att investera i. Det st\u00e4nger ute ljuset n\u00e4r det \u00e4r dags att sova. Mixa med skira gardiner f\u00f6r en lyxig hotellook.<\/p>\n<p>[\/et_pb_text][et_pb_image src=&#8221;https:\/\/kampanj.expressen.se\/ikease\/wp-content\/uploads\/2026\/04\/for-och-efterbild-pa-koket-nya-knoppar-ger-snabbt-ett-modernare-intryck.jpg&#8221; title_text=&#8221;for-och-efterbild-pa-koket-nya-knoppar-ger-snabbt-ett-modernare-intryck&#8221; _builder_version=&#8221;4.27.6&#8243; _module_preset=&#8221;default&#8221; max_width=&#8221;640px&#8221; module_alignment=&#8221;center&#8221; custom_margin=&#8221;6px||10px||false|false&#8221; custom_padding=&#8221;0px||0px||true|false&#8221; border_radii=&#8221;on|8px|8px|8px|8px&#8221; global_colors_info=&#8221;{}&#8221; theme_builder_area=&#8221;post_content&#8221;][\/et_pb_image][et_pb_text module_class=&#8221;bildtext&#8221; _builder_version=&#8221;4.27.6&#8243; _module_preset=&#8221;default&#8221; text_font_size=&#8221;16px&#8221; header_font=&#8221;||||||||&#8221; header_font_size=&#8221;50px&#8221; width_tablet=&#8221;&#8221; width_phone=&#8221;&#8221; width_last_edited=&#8221;on|tablet&#8221; max_width=&#8221;640px&#8221; module_alignment=&#8221;center&#8221; custom_margin=&#8221;0px||27px||false|false&#8221; custom_padding=&#8221;0px||0px||true|false&#8221; header_font_size_tablet=&#8221;45px&#8221; header_font_size_phone=&#8221;32px&#8221; header_font_size_last_edited=&#8221;on|phone&#8221; global_colors_info=&#8221;{}&#8221; theme_builder_area=&#8221;post_content&#8221;]<\/p>\n<p>F\u00f6re- och efterbild p\u00e5 k\u00f6ket. Nya knoppar ger snabbt ett modernare intryck.<br \/><a href=\"https:\/\/track.adform.net\/C\/?bn=88313850;gdpr=${GDPR};gdpr_consent=${GDPR_CONSENT_50\" target=\"_blank\" rel=\"noopener\">ENERYDA<\/a> knopp 69:-\/2 st <a href=\"https:\/\/track.adform.net\/C\/?bn=88313838;gdpr=${GDPR};gdpr_consent=${GDPR_CONSENT_50\" target=\"_blank\" rel=\"noopener\">APTITLIG<\/a> 49:- sk\u00e4rbr\u00e4da <a href=\"https:\/\/track.adform.net\/C\/?bn=88313852;gdpr=${GDPR};gdpr_consent=${GDPR_CONSENT_50\" target=\"_blank\" rel=\"noopener\">V\u00c4LV\u00c5RDAD<\/a> k\u00f6kshandduk 59:-\/4 st<\/p>\n<p>[\/et_pb_text][et_pb_image src=&#8221;https:\/\/kampanj.expressen.se\/ikease\/wp-content\/uploads\/2026\/04\/koksverktygen-hanger-nu-pa-vaggen-och-fina-burkar-anvands-till-slevar-och-andra-redskap.jpg&#8221; title_text=&#8221;koksverktygen-hanger-nu-pa-vaggen-och-fina-burkar-anvands-till-slevar-och-andra-redskap&#8221; _builder_version=&#8221;4.27.6&#8243; _module_preset=&#8221;default&#8221; max_width=&#8221;640px&#8221; module_alignment=&#8221;center&#8221; custom_margin=&#8221;27px||10px||false|false&#8221; custom_padding=&#8221;0px||0px||true|false&#8221; border_radii=&#8221;on|8px|8px|8px|8px&#8221; global_colors_info=&#8221;{}&#8221; theme_builder_area=&#8221;post_content&#8221;][\/et_pb_image][et_pb_text module_class=&#8221;bildtext&#8221; _builder_version=&#8221;4.27.6&#8243; _module_preset=&#8221;default&#8221; text_font_size=&#8221;16px&#8221; header_font=&#8221;||||||||&#8221; header_font_size=&#8221;50px&#8221; width_tablet=&#8221;&#8221; width_phone=&#8221;&#8221; width_last_edited=&#8221;on|tablet&#8221; max_width=&#8221;640px&#8221; module_alignment=&#8221;center&#8221; custom_margin=&#8221;0px||27px||false|false&#8221; custom_padding=&#8221;0px||0px||true|false&#8221; header_font_size_tablet=&#8221;45px&#8221; header_font_size_phone=&#8221;32px&#8221; header_font_size_last_edited=&#8221;on|phone&#8221; global_colors_info=&#8221;{}&#8221; theme_builder_area=&#8221;post_content&#8221;]<\/p>\n<p>K\u00f6ksverktygen h\u00e4nger nu p\u00e5 v\u00e4ggen och fina burkar anv\u00e4nds till slevar och andra redskap. <a href=\"https:\/\/track.adform.net\/C\/?bn=88313832;gdpr=${GDPR};gdpr_consent=${GDPR_CONSENT_50\" target=\"_blank\" rel=\"noopener\">IDEALISK<\/a> rivj\u00e4rn 49:- <a href=\"https:\/\/track.adform.net\/C\/?bn=88313831;gdpr=${GDPR};gdpr_consent=${GDPR_CONSENT_50\" target=\"_blank\" rel=\"noopener\">GR\u00c5M\u00d6RT<\/a> bricka 149:- <a href=\"https:\/\/track.adform.net\/C\/?bn=88313833;gdpr=${GDPR};gdpr_consent=${GDPR_CONSENT_50\" target=\"_blank\" rel=\"noopener\">BRUGDHAJ<\/a> olivolje-\/vin\u00e4gerflaska 59:- <a href=\"https:\/\/track.adform.net\/C\/?bn=88313843;gdpr=${GDPR};gdpr_consent=${GDPR_CONSENT_50\" target=\"_blank\" rel=\"noopener\">BRUGDHAJ<\/a> redskapsh\u00e5llare 99:-<\/p>\n<p>[\/et_pb_text][et_pb_text _builder_version=&#8221;4.27.6&#8243; _module_preset=&#8221;default&#8221; header_font=&#8221;||||||||&#8221; header_font_size=&#8221;50px&#8221; width_tablet=&#8221;&#8221; width_phone=&#8221;&#8221; width_last_edited=&#8221;on|tablet&#8221; max_width=&#8221;640px&#8221; module_alignment=&#8221;center&#8221; custom_margin=&#8221;0px||||false|false&#8221; custom_padding=&#8221;0px||0px||true|false&#8221; header_font_size_tablet=&#8221;45px&#8221; header_font_size_phone=&#8221;32px&#8221; header_font_size_last_edited=&#8221;on|phone&#8221; global_colors_info=&#8221;{}&#8221; theme_builder_area=&#8221;post_content&#8221;]<\/p>\n<p>Ordning i l\u00e5dor och sk\u00e5p \u00e4r ocks\u00e5 en viktig komponent n\u00e4r det g\u00e4ller att skapa ett mer funktionellt k\u00f6k. Skafferivaror kan till exempel l\u00e4ggas \u00f6ver i genomskinliga l\u00e5dor. P\u00e5 s\u00e5 vis blir det enhetligt i alla l\u00e5dor och l\u00e4tt att hitta.<\/p>\n<p>[\/et_pb_text][et_pb_image src=&#8221;https:\/\/kampanj.expressen.se\/ikease\/wp-content\/uploads\/2026\/04\/gor-det-enkelt-att-laga-mat-med-markta-genomskinliga-lador.jpg&#8221; title_text=&#8221;gor-det-enkelt-att-laga-mat-med-markta-genomskinliga-lador&#8221; _builder_version=&#8221;4.27.6&#8243; _module_preset=&#8221;default&#8221; max_width=&#8221;640px&#8221; module_alignment=&#8221;center&#8221; custom_margin=&#8221;27px||10px||false|false&#8221; custom_padding=&#8221;0px||0px||true|false&#8221; border_radii=&#8221;on|8px|8px|8px|8px&#8221; global_colors_info=&#8221;{}&#8221; theme_builder_area=&#8221;post_content&#8221;][\/et_pb_image][et_pb_text module_class=&#8221;bildtext&#8221; _builder_version=&#8221;4.27.6&#8243; _module_preset=&#8221;default&#8221; text_font_size=&#8221;16px&#8221; header_font=&#8221;||||||||&#8221; header_font_size=&#8221;50px&#8221; width_tablet=&#8221;&#8221; width_phone=&#8221;&#8221; width_last_edited=&#8221;on|tablet&#8221; max_width=&#8221;640px&#8221; module_alignment=&#8221;center&#8221; custom_margin=&#8221;0px||27px||false|false&#8221; custom_padding=&#8221;0px||0px||true|false&#8221; header_font_size_tablet=&#8221;45px&#8221; header_font_size_phone=&#8221;32px&#8221; header_font_size_last_edited=&#8221;on|phone&#8221; global_colors_info=&#8221;{}&#8221; theme_builder_area=&#8221;post_content&#8221;]<\/p>\n<p>G\u00f6r det enkelt att laga mat med m\u00e4rkta genomskinliga l\u00e5dor.<br \/><a href=\"https:\/\/track.adform.net\/C\/?bn=88313851;gdpr=${GDPR};gdpr_consent=${GDPR_CONSENT_50\" target=\"_blank\" rel=\"noopener\">IKEA 365+<\/a> matl\u00e5da med lock 39:- <a href=\"https:\/\/track.adform.net\/C\/?bn=88313846;gdpr=${GDPR};gdpr_consent=${GDPR_CONSENT_50\" target=\"_blank\" rel=\"noopener\">IKEA 365+<\/a> matl\u00e5da med lock 49:-<\/p>\n<p>[\/et_pb_text][et_pb_text _builder_version=&#8221;4.27.6&#8243; _module_preset=&#8221;default&#8221; header_font=&#8221;||||||||&#8221; header_font_size=&#8221;50px&#8221; width_tablet=&#8221;&#8221; width_phone=&#8221;&#8221; width_last_edited=&#8221;on|tablet&#8221; max_width=&#8221;640px&#8221; module_alignment=&#8221;center&#8221; custom_margin=&#8221;0px||||false|false&#8221; custom_padding=&#8221;0px||0px||true|false&#8221; header_font_size_tablet=&#8221;45px&#8221; header_font_size_phone=&#8221;32px&#8221; header_font_size_last_edited=&#8221;on|phone&#8221; global_colors_info=&#8221;{}&#8221; theme_builder_area=&#8221;post_content&#8221;]<\/p>\n<p>Alva och Erika tycker om att g\u00f6ra saker tillsammans i k\u00f6ket, som att baka eller pyssla. F\u00f6r att k\u00f6kssysslorna ska fungera smidigare beh\u00f6vdes lite mer f\u00f6rvaring och en egen plats f\u00f6r Alva att ha sina grejer p\u00e5. H\u00e4r kommer rullvagnen in i bilden \u2013 den \u00e4r l\u00e4tt att flytta och passar \u00e4ven i mindre k\u00f6k. Med ett bambulock p\u00e5 toppen skapas dessutom extra arbetsyta.<\/p>\n<p>P\u00e5 samma s\u00e4tt \u00e4r det mobila rullbordet F\u00d6RH\u00d6JA ett praktiskt tillskott, med gott om plats f\u00f6r bakning eller pyssel och smart f\u00f6rvaring p\u00e5 hyllorna nertill. Tack vare hjulen \u00e4r den enkel att rulla undan n\u00e4r det beh\u00f6vs.\n<\/p>\n<p>[\/et_pb_text][et_pb_image src=&#8221;https:\/\/kampanj.expressen.se\/ikease\/wp-content\/uploads\/2026\/04\/lasbara-hjul-haller-rullvagnen-pa-plats-nar-du-har-parkerat.jpg&#8221; title_text=&#8221;lasbara-hjul-haller-rullvagnen-pa-plats-nar-du-har-parkerat&#8221; _builder_version=&#8221;4.27.6&#8243; _module_preset=&#8221;default&#8221; max_width=&#8221;640px&#8221; module_alignment=&#8221;center&#8221; custom_margin=&#8221;27px||10px||false|false&#8221; custom_padding=&#8221;0px||0px||true|false&#8221; border_radii=&#8221;on|8px|8px|8px|8px&#8221; global_colors_info=&#8221;{}&#8221; theme_builder_area=&#8221;post_content&#8221;][\/et_pb_image][et_pb_text module_class=&#8221;bildtext&#8221; _builder_version=&#8221;4.27.6&#8243; _module_preset=&#8221;default&#8221; text_font_size=&#8221;16px&#8221; header_font=&#8221;||||||||&#8221; header_font_size=&#8221;50px&#8221; width_tablet=&#8221;&#8221; width_phone=&#8221;&#8221; width_last_edited=&#8221;on|tablet&#8221; max_width=&#8221;640px&#8221; module_alignment=&#8221;center&#8221; custom_margin=&#8221;0px||27px||false|false&#8221; custom_padding=&#8221;0px||0px||true|false&#8221; header_font_size_tablet=&#8221;45px&#8221; header_font_size_phone=&#8221;32px&#8221; header_font_size_last_edited=&#8221;on|phone&#8221; global_colors_info=&#8221;{}&#8221; theme_builder_area=&#8221;post_content&#8221;]<\/p>\n<p>L\u00e5sbara hjul h\u00e5ller rullvagnen p\u00e5 plats n\u00e4r du har parkerat. <a href=\"https:\/\/track.adform.net\/C\/?bn=88313835;gdpr=${GDPR};gdpr_consent=${GDPR_CONSENT_50\" target=\"_blank\" rel=\"noopener\">R\u00c5SKOG\/NORR\u00c5VA<\/a> rullvagn med lock 398:- <a href=\"https:\/\/track.adform.net\/C\/?bn=88313837;gdpr=${GDPR};gdpr_consent=${GDPR_CONSENT_50\" target=\"_blank\" rel=\"noopener\">F\u00d6RH\u00d6JA<\/a> rullbord 1495:- <a href=\"https:\/\/track.adform.net\/C\/?bn=88313844;gdpr=${GDPR};gdpr_consent=${GDPR_CONSENT_50\" target=\"_blank\" rel=\"noopener\">SKURUP<\/a> arbetslampa 299:-<\/p>\n<p>[\/et_pb_text][et_pb_text _builder_version=&#8221;4.27.6&#8243; _module_preset=&#8221;default&#8221; header_font=&#8221;||||||||&#8221; header_font_size=&#8221;50px&#8221; width_tablet=&#8221;&#8221; width_phone=&#8221;&#8221; width_last_edited=&#8221;on|tablet&#8221; max_width=&#8221;640px&#8221; module_alignment=&#8221;center&#8221; custom_margin=&#8221;0px||||false|false&#8221; custom_padding=&#8221;0px||0px||true|false&#8221; header_font_size_tablet=&#8221;45px&#8221; header_font_size_phone=&#8221;32px&#8221; header_font_size_last_edited=&#8221;on|phone&#8221; global_colors_info=&#8221;{}&#8221; theme_builder_area=&#8221;post_content&#8221;]<\/p>\n<h2>\u201cF\u00f6rh\u00f6j stilen med ett vitrinsk\u00e5p&#8221;<\/h2>\n<p>Ett fint vitrinsk\u00e5p sprider b\u00e5de ett mysigt ljus och ger en v\u00e4lorganiserad k\u00e4nsla till rummet. I Erikas och Alvas sk\u00e5p f\u00e5r fina glas och prydnadssaker plats bakom glasd\u00f6rren, medan Alvas pysselsaker st\u00e4lls i nedre delen av sk\u00e5pet, d\u00e4r de inte syns.<\/p>\n<p>\u2013 Vi adderade ett vitrinsk\u00e5p som f\u00f6rh\u00f6jer stilen. Det blir en perfekt plats f\u00f6r Erika att visa upp sina favoritsaker samtidigt som hon inte beh\u00f6ver damma titt som t\u00e4tt, s\u00e4ger inredaren Ida.<\/p>\n<p>[\/et_pb_text][et_pb_image src=&#8221;https:\/\/kampanj.expressen.se\/ikease\/wp-content\/uploads\/2026\/04\/fore-och-efter-har-har-ett-vitrinskap-fatt-flytta-in-hemma-hos-erika-och-alva.jpg&#8221; title_text=&#8221;fore-och-efter-har-har-ett-vitrinskap-fatt-flytta-in-hemma-hos-erika-och-alva&#8221; _builder_version=&#8221;4.27.6&#8243; _module_preset=&#8221;default&#8221; max_width=&#8221;640px&#8221; module_alignment=&#8221;center&#8221; custom_margin=&#8221;27px||10px||false|false&#8221; custom_padding=&#8221;0px||0px||true|false&#8221; border_radii=&#8221;on|8px|8px|8px|8px&#8221; global_colors_info=&#8221;{}&#8221; theme_builder_area=&#8221;post_content&#8221;][\/et_pb_image][et_pb_text module_class=&#8221;bildtext&#8221; _builder_version=&#8221;4.27.6&#8243; _module_preset=&#8221;default&#8221; text_font_size=&#8221;16px&#8221; header_font=&#8221;||||||||&#8221; header_font_size=&#8221;50px&#8221; width_tablet=&#8221;&#8221; width_phone=&#8221;&#8221; width_last_edited=&#8221;on|tablet&#8221; max_width=&#8221;640px&#8221; module_alignment=&#8221;center&#8221; custom_margin=&#8221;0px||27px||false|false&#8221; custom_padding=&#8221;0px||0px||true|false&#8221; header_font_size_tablet=&#8221;45px&#8221; header_font_size_phone=&#8221;32px&#8221; header_font_size_last_edited=&#8221;on|phone&#8221; global_colors_info=&#8221;{}&#8221; theme_builder_area=&#8221;post_content&#8221;]<\/p>\n<p>F\u00f6re- och efter. H\u00e4r har ett vitrinsk\u00e5p f\u00e5tt flytta in hemma hos Erika och Alva.<br \/><a href=\"https:\/\/track.adform.net\/C\/?bn=88313845;gdpr=${GDPR};gdpr_consent=${GDPR_CONSENT_50\" target=\"_blank\" rel=\"noopener\">HAVSTA<\/a> f\u00f6rvaringskombination 6995:-<\/p>\n<p>[\/et_pb_text][et_pb_image src=&#8221;https:\/\/kampanj.expressen.se\/ikease\/wp-content\/uploads\/2026\/04\/i-vitrinskapet-ryms-bade-vardagsporslin-och-finservis-nar-det-ar-dags-for-kalas.jpg&#8221; title_text=&#8221;i-vitrinskapet-ryms-bade-vardagsporslin-och-finservis-nar-det-ar-dags-for-kalas&#8221; _builder_version=&#8221;4.27.6&#8243; _module_preset=&#8221;default&#8221; max_width=&#8221;640px&#8221; module_alignment=&#8221;center&#8221; custom_margin=&#8221;27px||10px||false|false&#8221; custom_padding=&#8221;0px||0px||true|false&#8221; border_radii=&#8221;on|8px|8px|8px|8px&#8221; global_colors_info=&#8221;{}&#8221; theme_builder_area=&#8221;post_content&#8221;][\/et_pb_image][et_pb_text module_class=&#8221;bildtext&#8221; _builder_version=&#8221;4.27.6&#8243; _module_preset=&#8221;default&#8221; text_font_size=&#8221;16px&#8221; header_font=&#8221;||||||||&#8221; header_font_size=&#8221;50px&#8221; width_tablet=&#8221;&#8221; width_phone=&#8221;&#8221; width_last_edited=&#8221;on|tablet&#8221; max_width=&#8221;640px&#8221; module_alignment=&#8221;center&#8221; custom_margin=&#8221;0px||27px||false|false&#8221; custom_padding=&#8221;0px||0px||true|false&#8221; header_font_size_tablet=&#8221;45px&#8221; header_font_size_phone=&#8221;32px&#8221; header_font_size_last_edited=&#8221;on|phone&#8221; global_colors_info=&#8221;{}&#8221; theme_builder_area=&#8221;post_content&#8221;]<\/p>\n<p>I vitrinsk\u00e5pet ryms b\u00e5de vardagsporslin och finservis n\u00e4r det \u00e4r dags f\u00f6r kalas.<br \/><a href=\"https:\/\/track.adform.net\/C\/?bn=88313847;gdpr=${GDPR};gdpr_consent=${GDPR_CONSENT_50\" target=\"_blank\" rel=\"noopener\">ENTUSIASM<\/a> assiett 129:-\/4 st <a href=\"https:\/\/track.adform.net\/C\/?bn=88313839;gdpr=${GDPR};gdpr_consent=${GDPR_CONSENT_50\" target=\"_blank\" rel=\"noopener\">ENTUSIASM<\/a> sk\u00e5l 129:-\/4 st<\/p>\n<p>[\/et_pb_text][et_pb_image src=&#8221;https:\/\/kampanj.expressen.se\/ikease\/wp-content\/uploads\/2026\/04\/genom-att-addera-mjuka-textilier-flera-ljuskallor-och-ett-gang-grona-vaxter-hojer-du-snabbt-mysfaktorn.jpg&#8221; title_text=&#8221;genom-att-addera-mjuka-textilier-flera-ljuskallor-och-ett-gang-grona-vaxter-hojer-du-snabbt-mysfaktorn&#8221; _builder_version=&#8221;4.27.6&#8243; _module_preset=&#8221;default&#8221; max_width=&#8221;640px&#8221; module_alignment=&#8221;center&#8221; custom_margin=&#8221;27px||10px||false|false&#8221; custom_padding=&#8221;0px||0px||true|false&#8221; border_radii=&#8221;on|8px|8px|8px|8px&#8221; global_colors_info=&#8221;{}&#8221; theme_builder_area=&#8221;post_content&#8221;][\/et_pb_image][et_pb_text module_class=&#8221;bildtext&#8221; _builder_version=&#8221;4.27.6&#8243; _module_preset=&#8221;default&#8221; text_font_size=&#8221;16px&#8221; header_font=&#8221;||||||||&#8221; header_font_size=&#8221;50px&#8221; width_tablet=&#8221;&#8221; width_phone=&#8221;&#8221; width_last_edited=&#8221;on|tablet&#8221; max_width=&#8221;640px&#8221; module_alignment=&#8221;center&#8221; custom_margin=&#8221;0px||27px||false|false&#8221; custom_padding=&#8221;0px||0px||true|false&#8221; header_font_size_tablet=&#8221;45px&#8221; header_font_size_phone=&#8221;32px&#8221; header_font_size_last_edited=&#8221;on|phone&#8221; global_colors_info=&#8221;{}&#8221; theme_builder_area=&#8221;post_content&#8221;]<\/p>\n<p>Genom att addera mjuka textilier, flera ljusk\u00e4llor och ett g\u00e4ng gr\u00f6na v\u00e4xter h\u00f6jer du snabbt mysfaktorn. <a href=\"https:\/\/track.adform.net\/C\/?bn=88313853;gdpr=${GDPR};gdpr_consent=${GDPR_CONSENT_50\" target=\"_blank\" rel=\"noopener\">DYT\u00c5G<\/a> kuddfodral 99:- <a href=\"https:\/\/track.adform.net\/C\/?bn=88313840;gdpr=${GDPR};gdpr_consent=${GDPR_CONSENT_50\" target=\"_blank\" rel=\"noopener\">DEJSA<\/a> bordslampa 399:-<\/p>\n<p>[\/et_pb_text][et_pb_text _builder_version=&#8221;4.27.6&#8243; _module_preset=&#8221;default&#8221; header_font=&#8221;||||||||&#8221; header_font_size=&#8221;50px&#8221; width_tablet=&#8221;&#8221; width_phone=&#8221;&#8221; width_last_edited=&#8221;on|tablet&#8221; max_width=&#8221;640px&#8221; module_alignment=&#8221;center&#8221; custom_margin=&#8221;0px||||false|false&#8221; custom_padding=&#8221;0px||0px||true|false&#8221; header_font_size_tablet=&#8221;45px&#8221; header_font_size_phone=&#8221;32px&#8221; header_font_size_last_edited=&#8221;on|phone&#8221; global_colors_info=&#8221;{}&#8221; theme_builder_area=&#8221;post_content&#8221;]<\/p>\n<h2>3 tips f\u00f6r ett mer v\u00e4lorganiserat, familjev\u00e4nligt och mysigt k\u00f6k<\/h2>\n<p>1. Skapa b\u00e4ttre f\u00f6rvaring genom att t\u00e4nka igenom och maxa alla ytor \u2013 allt fr\u00e5n tak, v\u00e4ggar och golv, till insidan av sk\u00e5p och l\u00e5dor.<\/p>\n<p>2. F\u00e5 en personlig k\u00e4nsla med detaljer som speglar din stil, till exempel f\u00e4rgglada krukor, personliga tavlor eller loppisfynd.<\/p>\n<p>3. Barn l\u00e4r sig fr\u00e4mst genom lek, nyfikenhet och imitation av vuxna. Ge barnen egen plats i k\u00f6ket och inred det p\u00e5 ett barnv\u00e4nligt s\u00e4tt.<\/p>\n<p>[\/et_pb_text][et_pb_image src=&#8221;https:\/\/kampanj.expressen.se\/ikease\/wp-content\/uploads\/2026\/04\/se-erikas-snabba-koksmakeover\u2013sa-hjalpte-IKEA-experten-till_koket.jpg&#8221; title_text=&#8221;se-erikas-snabba-koksmakeover\u2013sa-hjalpte-IKEA-experten-till_koket&#8221; _builder_version=&#8221;4.27.6&#8243; _module_preset=&#8221;default&#8221; max_width=&#8221;640px&#8221; module_alignment=&#8221;center&#8221; custom_margin=&#8221;27px||10px||false|false&#8221; custom_padding=&#8221;0px||0px||true|false&#8221; border_radii=&#8221;on|8px|8px|8px|8px&#8221; global_colors_info=&#8221;{}&#8221; theme_builder_area=&#8221;post_content&#8221;][\/et_pb_image][et_pb_text module_class=&#8221;bildtext&#8221; _builder_version=&#8221;4.27.6&#8243; _module_preset=&#8221;default&#8221; text_font_size=&#8221;16px&#8221; header_font=&#8221;||||||||&#8221; header_font_size=&#8221;50px&#8221; width_tablet=&#8221;&#8221; width_phone=&#8221;&#8221; width_last_edited=&#8221;on|tablet&#8221; max_width=&#8221;640px&#8221; module_alignment=&#8221;center&#8221; custom_margin=&#8221;0px||27px||false|false&#8221; custom_padding=&#8221;0px||0px||true|false&#8221; header_font_size_tablet=&#8221;45px&#8221; header_font_size_phone=&#8221;32px&#8221; header_font_size_last_edited=&#8221;on|phone&#8221; global_colors_info=&#8221;{}&#8221; theme_builder_area=&#8221;post_content&#8221;]<\/p>\n<p><a href=\"https:\/\/track.adform.net\/C\/?bn=88313841;gdpr=${GDPR};gdpr_consent=${GDPR_CONSENT_50\" target=\"_blank\" rel=\"noopener\">AGAM<\/a> juniorstol 549:- <a href=\"https:\/\/track.adform.net\/C\/?bn=88313836;gdpr=${GDPR};gdpr_consent=${GDPR_CONSENT_50\" target=\"_blank\" rel=\"noopener\">SJ\u00d6MAKT<\/a> taklampa 299:-<\/p>\n<p>[\/et_pb_text][et_pb_text _builder_version=&#8221;4.27.6&#8243; _module_preset=&#8221;default&#8221; header_font=&#8221;||||||||&#8221; header_font_size=&#8221;50px&#8221; width_tablet=&#8221;&#8221; width_phone=&#8221;&#8221; width_last_edited=&#8221;on|tablet&#8221; max_width=&#8221;640px&#8221; module_alignment=&#8221;center&#8221; custom_margin=&#8221;0px||0px||false|false&#8221; custom_padding=&#8221;0px||0px||true|false&#8221; hover_enabled=&#8221;0&#8243; header_font_size_tablet=&#8221;45px&#8221; header_font_size_phone=&#8221;32px&#8221; header_font_size_last_edited=&#8221;on|phone&#8221; global_colors_info=&#8221;{}&#8221; theme_builder_area=&#8221;post_content&#8221; sticky_enabled=&#8221;0&#8243;]<\/p>\n<h2>Kika in hemma hos Erika och 7-\u00e5riga Alva<\/h2>\n<p>[\/et_pb_text][et_pb_code _builder_version=&#8221;4.27.6&#8243; _module_preset=&#8221;default&#8221; max_width=&#8221;640px&#8221; module_alignment=&#8221;center&#8221; global_colors_info=&#8221;{}&#8221; theme_builder_area=&#8221;post_content&#8221;]<script src=\"https:\/\/www.expressen.se\/video-player\/include.min.js\" data-video-player=\"true\" data-link-url=\"\/tv\/annons\/ikea\/annons-kika-in-hemma-hos-erika-och-7-ariga-alva-ikea\/\" data-autoplay=\"false\"><\/script>[\/et_pb_code][et_pb_text _builder_version=&#8221;4.27.6&#8243; _module_preset=&#8221;default&#8221; header_font=&#8221;||||||||&#8221; header_font_size=&#8221;50px&#8221; width_tablet=&#8221;&#8221; width_phone=&#8221;&#8221; width_last_edited=&#8221;on|tablet&#8221; max_width=&#8221;640px&#8221; module_alignment=&#8221;center&#8221; custom_margin=&#8221;0px||||false|false&#8221; custom_padding=&#8221;0px||0px||true|false&#8221; header_font_size_tablet=&#8221;45px&#8221; header_font_size_phone=&#8221;32px&#8221; header_font_size_last_edited=&#8221;on|phone&#8221; global_colors_info=&#8221;{}&#8221; theme_builder_area=&#8221;post_content&#8221;]<\/p>\n<p><a href=\"https:\/\/track.adform.net\/C\/?bn=88313848;gdpr=${GDPR};gdpr_consent=${GDPR_CONSENT_50\" target=\"_blank\" rel=\"noopener\">Vill du ocks\u00e5 g\u00f6ra om hemma? Se mer p\u00e5 IKEA<\/a><\/p>\n<p>[\/et_pb_text][\/et_pb_column][\/et_pb_row][\/et_pb_section]<\/p>\n","protected":false},"excerpt":{"rendered":"<p>Se Erikas snabba k\u00f6ksmakeover \u2013 s\u00e5 hj\u00e4lpte IKEA-experten till Fr\u00e5n prylar och st\u00f6k till maxad ordning i k\u00f6ket. Erika och Alva ville ha hj\u00e4lp att skapa en b\u00e4ttre struktur \u2013 och plats f\u00f6r att pyssla tillsammans. H\u00e4r \u00e4r inredarens b\u00e4sta tips f\u00f6r att skapa ett mer familjev\u00e4nligt k\u00f6k.SJ\u00d6MAKT taklampa 299:- P\u00c5VEFINK v\u00e4rmeljush\u00e5llare 49:- VILJESTARK vas [&hellip;]<\/p>\n","protected":false},"author":1,"featured_media":2840,"comment_status":"open","ping_status":"open","sticky":false,"template":"","format":"standard","meta":{"_et_pb_use_builder":"on","_et_pb_old_content":"","_et_gb_content_width":"","bnmp_articleUUID":"1f4663ae-db0f-5dcc-873a-545aeac14480","footnotes":""},"categories":[4],"tags":[],"class_list":["post-2828","post","type-post","status-publish","format-standard","has-post-thumbnail","hentry","category-visa-ej"],"_links":{"self":[{"href":"https:\/\/kampanj.expressen.se\/ikease\/wp-json\/wp\/v2\/posts\/2828","targetHints":{"allow":["GET"]}}],"collection":[{"href":"https:\/\/kampanj.expressen.se\/ikease\/wp-json\/wp\/v2\/posts"}],"about":[{"href":"https:\/\/kampanj.expressen.se\/ikease\/wp-json\/wp\/v2\/types\/post"}],"author":[{"embeddable":true,"href":"https:\/\/kampanj.expressen.se\/ikease\/wp-json\/wp\/v2\/users\/1"}],"replies":[{"embeddable":true,"href":"https:\/\/kampanj.expressen.se\/ikease\/wp-json\/wp\/v2\/comments?post=2828"}],"version-history":[{"count":18,"href":"https:\/\/kampanj.expressen.se\/ikease\/wp-json\/wp\/v2\/posts\/2828\/revisions"}],"predecessor-version":[{"id":2873,"href":"https:\/\/kampanj.expressen.se\/ikease\/wp-json\/wp\/v2\/posts\/2828\/revisions\/2873"}],"wp:featuredmedia":[{"embeddable":true,"href":"https:\/\/kampanj.expressen.se\/ikease\/wp-json\/wp\/v2\/media\/2840"}],"wp:attachment":[{"href":"https:\/\/kampanj.expressen.se\/ikease\/wp-json\/wp\/v2\/media?parent=2828"}],"wp:term":[{"taxonomy":"category","embeddable":true,"href":"https:\/\/kampanj.expressen.se\/ikease\/wp-json\/wp\/v2\/categories?post=2828"},{"taxonomy":"post_tag","embeddable":true,"href":"https:\/\/kampanj.expressen.se\/ikease\/wp-json\/wp\/v2\/tags?post=2828"}],"curies":[{"name":"wp","href":"https:\/\/api.w.org\/{rel}","templated":true}]}}