{"id":2793,"date":"2026-04-14T12:54:34","date_gmt":"2026-04-14T10:54:34","guid":{"rendered":"https:\/\/kampanj.expressen.se\/ikease\/?p=2793"},"modified":"2026-04-22T14:19:18","modified_gmt":"2026-04-22T12:19:18","slug":"sa-skapar-du-ett-trendigt-och-socialt-vardagsrum","status":"publish","type":"post","link":"https:\/\/kampanj.expressen.se\/ikease\/sa-skapar-du-ett-trendigt-och-socialt-vardagsrum\/","title":{"rendered":"S\u00e5 skapar du ett trendigt och socialt vardagsrum"},"content":{"rendered":"\n[et_pb_section fb_built=&#8221;1&#8243; _builder_version=&#8221;4.25.1&#8243; _module_preset=&#8221;default&#8221; background_color=&#8221;#fafafa&#8221; global_colors_info=&#8221;{}&#8221; theme_builder_area=&#8221;et_body_layout&#8221;][et_pb_row custom_padding_last_edited=&#8221;on|phone&#8221; _builder_version=&#8221;4.27.4&#8243; _module_preset=&#8221;default&#8221; background_color=&#8221;#FFFFFF&#8221; width_tablet=&#8221;80%&#8221; width_phone=&#8221;96%&#8221; width_last_edited=&#8221;on|phone&#8221; max_width=&#8221;840px&#8221; custom_margin=&#8221;50px||||false|false&#8221; custom_padding=&#8221;30px|32px|30px|32px|true|true&#8221; custom_padding_tablet=&#8221;30px|32px|30px|32px|true|true&#8221; custom_padding_phone=&#8221;|8px||8px|false|true&#8221; border_radii=&#8221;off|16px||16px|&#8221; box_shadow_style=&#8221;preset1&#8243; box_shadow_horizontal=&#8221;2px&#8221; box_shadow_blur=&#8221;6px&#8221; box_shadow_spread=&#8221;1px&#8221; box_shadow_color=&#8221;rgba(173,173,173,0.25)&#8221; global_colors_info=&#8221;{}&#8221; theme_builder_area=&#8221;et_body_layout&#8221;][et_pb_column type=&#8221;4_4&#8243; _builder_version=&#8221;4.25.1&#8243; _module_preset=&#8221;default&#8221; global_colors_info=&#8221;{}&#8221; theme_builder_area=&#8221;et_body_layout&#8221;][et_pb_text _builder_version=&#8221;4.27.5&#8243; _module_preset=&#8221;default&#8221; header_font=&#8221;||||||||&#8221; header_font_size=&#8221;45px&#8221; width_tablet=&#8221;&#8221; width_phone=&#8221;&#8221; width_last_edited=&#8221;on|tablet&#8221; max_width=&#8221;640px&#8221; module_alignment=&#8221;center&#8221; custom_margin=&#8221;0px||0px||false|false&#8221; custom_padding=&#8221;0px||10px||false|false&#8221; header_font_size_tablet=&#8221;39px&#8221; header_font_size_phone=&#8221;30px&#8221; header_font_size_last_edited=&#8221;on|phone&#8221; global_colors_info=&#8221;{}&#8221; theme_builder_area=&#8221;et_body_layout&#8221;]<h1><b>S\u00e5 skapar du ett trendigt och socialt vardagsrum<br \/><\/b><\/h1>[\/et_pb_text][et_pb_text module_class=&#8221;ingress&#8221; _builder_version=&#8221;4.27.5&#8243; _module_preset=&#8221;default&#8221; text_font_size=&#8221;22px&#8221; header_font=&#8221;||||||||&#8221; header_font_size=&#8221;50px&#8221; width_tablet=&#8221;&#8221; width_phone=&#8221;&#8221; width_last_edited=&#8221;on|tablet&#8221; max_width=&#8221;640px&#8221; module_alignment=&#8221;center&#8221; custom_margin=&#8221;0px||0px||true|false&#8221; custom_padding=&#8221;0px||0px||true|false&#8221; header_font_size_tablet=&#8221;45px&#8221; header_font_size_phone=&#8221;32px&#8221; header_font_size_last_edited=&#8221;on|phone&#8221; global_colors_info=&#8221;{}&#8221; theme_builder_area=&#8221;et_body_layout&#8221;]<p>Sugen p\u00e5 att f\u00f6rnya hemma? S\u00e5 skapar du ett vardagsrum som b\u00e5de \u00e4r trendigt och perfekt f\u00f6r sociala stunder.<\/p>[\/et_pb_text][et_pb_image src=&#8221;https:\/\/kampanj.expressen.se\/ikease\/wp-content\/uploads\/2026\/04\/Bild-1-Lat-soffan-bli-vardagsrummets-huvudkaraktar-Vardagsrum-2026-1024&#215;640.jpg&#8221; title_text=&#8221;Bild-1-La\u030at-soffan-bli-vardagsrummets-huvudkarakta\u0308r-Vardagsrum-2026&#8243; _builder_version=&#8221;4.27.6&#8243; _module_preset=&#8221;default&#8221; custom_margin=&#8221;16px||11px||false|false&#8221; custom_padding=&#8221;0px||0px||true|false&#8221; hover_enabled=&#8221;0&#8243; border_radii=&#8221;on|8px|8px|8px|8px&#8221; global_colors_info=&#8221;{}&#8221; theme_builder_area=&#8221;et_body_layout&#8221; sticky_enabled=&#8221;0&#8243;][\/et_pb_image][et_pb_text module_class=&#8221;bildtext&#8221; _builder_version=&#8221;4.27.6&#8243; _module_preset=&#8221;default&#8221; text_font_size=&#8221;16px&#8221; header_font=&#8221;||||||||&#8221; header_font_size=&#8221;50px&#8221; width_tablet=&#8221;&#8221; width_phone=&#8221;&#8221; width_last_edited=&#8221;on|tablet&#8221; max_width=&#8221;640px&#8221; module_alignment=&#8221;center&#8221; custom_margin=&#8221;0px||27px||false|false&#8221; custom_padding=&#8221;0px||0px||true|false&#8221; hover_enabled=&#8221;0&#8243; header_font_size_tablet=&#8221;45px&#8221; header_font_size_phone=&#8221;32px&#8221; header_font_size_last_edited=&#8221;on|phone&#8221; global_colors_info=&#8221;{}&#8221; theme_builder_area=&#8221;et_body_layout&#8221; sticky_enabled=&#8221;0&#8243;]<p>L\u00e5t soffan bli vardagsrummets huvudkarakt\u00e4r. <a href=\"https:\/\/track.adform.net\/C\/?bn=88150885\">UPP\u00c5KRA<\/a> 4,5-sitsig modulsoffa <br \/>15 395:- <a href=\"https:\/\/track.adform.net\/C\/?bn=88150877\">UPP\u00c5KRA<\/a> fotpall 2895:- <a href=\"https:\/\/track.adform.net\/C\/?bn=88150881\">OMBONAD<\/a> bricka 349:-<\/p>[\/et_pb_text][et_pb_text _builder_version=&#8221;4.27.6&#8243; _module_preset=&#8221;default&#8221; header_font=&#8221;||||||||&#8221; header_font_size=&#8221;50px&#8221; width_tablet=&#8221;&#8221; width_phone=&#8221;&#8221; width_last_edited=&#8221;on|tablet&#8221; max_width=&#8221;640px&#8221; module_alignment=&#8221;center&#8221; custom_margin=&#8221;0px||||false|false&#8221; custom_padding=&#8221;0px||0px||true|false&#8221; hover_enabled=&#8221;0&#8243; header_font_size_tablet=&#8221;45px&#8221; header_font_size_phone=&#8221;32px&#8221; header_font_size_last_edited=&#8221;on|phone&#8221; global_colors_info=&#8221;{}&#8221; theme_builder_area=&#8221;et_body_layout&#8221; sticky_enabled=&#8221;0&#8243;]<p><a href=\"https:\/\/track.adform.net\/C\/?bn=88150875\">Hitta allt f\u00f6r vardagsrummet p\u00e5 IKEA<\/a><\/p>[\/et_pb_text][et_pb_text _builder_version=&#8221;4.27.5&#8243; _module_preset=&#8221;default&#8221; header_font=&#8221;||||||||&#8221; header_font_size=&#8221;50px&#8221; width_tablet=&#8221;&#8221; width_phone=&#8221;&#8221; width_last_edited=&#8221;on|tablet&#8221; max_width=&#8221;640px&#8221; module_alignment=&#8221;center&#8221; custom_margin=&#8221;0px||20px||false|false&#8221; custom_padding=&#8221;0px||0px||true|false&#8221; header_font_size_tablet=&#8221;45px&#8221; header_font_size_phone=&#8221;32px&#8221; header_font_size_last_edited=&#8221;on|phone&#8221; global_colors_info=&#8221;{}&#8221; theme_builder_area=&#8221;et_body_layout&#8221;]<p>Allt fler vill ha ett vardagsrum som b\u00e5de k\u00e4nns inbjudande och modernt. I v\u00e5r ser vi hur sociala ytor, gener\u00f6sa soffor och inslag av valn\u00f6tstr\u00e4 tar plats i hemmet. H\u00e4r \u00e4r knepen f\u00f6r att lyckas med inredningen.<\/p>[\/et_pb_text][et_pb_text _builder_version=&#8221;4.27.6&#8243; _module_preset=&#8221;default&#8221; header_font=&#8221;||||||||&#8221; header_font_size=&#8221;50px&#8221; width_tablet=&#8221;&#8221; width_phone=&#8221;&#8221; width_last_edited=&#8221;on|tablet&#8221; max_width=&#8221;640px&#8221; module_alignment=&#8221;center&#8221; custom_margin=&#8221;0px||20px||false|false&#8221; custom_padding=&#8221;0px||0px||true|false&#8221; hover_enabled=&#8221;0&#8243; header_font_size_tablet=&#8221;45px&#8221; header_font_size_phone=&#8221;32px&#8221; header_font_size_last_edited=&#8221;on|phone&#8221; global_colors_info=&#8221;{}&#8221; theme_builder_area=&#8221;et_body_layout&#8221; sticky_enabled=&#8221;0&#8243;]<h2>Allt st\u00f6rre soffor<\/h2>\nTv-h\u00e4ng, cocktailparty eller spelkv\u00e4ll \u2013 i v\u00e5r f\u00e5r soffan \u00e4ntligen ta plats. Flytta in i vardagsrummet efter middagen och l\u00e5t de b\u00f6ljande samtalen forts\u00e4tta s\u00e5 l\u00e4nge ni orkar (eller ta en liten tupplur mitt i om ni vill). Eller s\u00e5 serverar ni maten h\u00e4r inne; perfekt f\u00f6r filmkv\u00e4llen eller pyjamaspartyt. Med en stor fotpall och ett rej\u00e4lt soffbord blir antalet g\u00e4ster i princip aldrig ett problem.\n\nF\u00f6r att verkligen l\u00e5ta soffan bli rummets centerpiece kan du med f\u00f6rdel v\u00e5ga vara lite dj\u00e4rv i f\u00e4rgvalet. <a href=\"https:\/\/track.adform.net\/C\/?bn=88150885\" style=\"text-decoration:none;\">UPP\u00c5KRA<\/a> 4,5-sitsig modulsoffa finns i m\u00e5nga h\u00e4rliga f\u00e4rger, och den m\u00f6rkt gr\u00e5bl\u00e5 st\u00e5r sig s\u00e4rskilt fint mot detaljerna i valn\u00f6t som ocks\u00e5 syns i det h\u00e4r vardagsrummet. Soffans \u00f6verdimensionerade design och extra gener\u00f6sa sittdjup g\u00f6r den till en sj\u00e4lvklar favorit.\nAddera m\u00e5nga, och mjuka, kuddar f\u00f6r att g\u00f6ra det \u00e4nnu mer bekv\u00e4mt. Genom att byta ut kuddfodralen efter s\u00e4song f\u00e5r du ocks\u00e5 en variation som g\u00f6r att du aldrig kommer att tr\u00f6ttna p\u00e5 vardagsrummets huvudkarakt\u00e4r.[\/et_pb_text][et_pb_text disabled_on=&#8221;on|on|on&#8221; _builder_version=&#8221;4.27.4&#8243; _module_preset=&#8221;default&#8221; text_text_color=&#8221;#8c8c8c&#8221; text_font_size=&#8221;16px&#8221; text_line_height=&#8221;1.3em&#8221; header_font=&#8221;||||||||&#8221; header_font_size=&#8221;50px&#8221; width_tablet=&#8221;&#8221; width_phone=&#8221;&#8221; width_last_edited=&#8221;on|tablet&#8221; max_width=&#8221;640px&#8221; module_alignment=&#8221;center&#8221; custom_margin=&#8221;0px||||false|false&#8221; custom_padding=&#8221;0px||0px||true|false&#8221; header_font_size_tablet=&#8221;45px&#8221; header_font_size_phone=&#8221;32px&#8221; header_font_size_last_edited=&#8221;on|phone&#8221; disabled=&#8221;on&#8221; global_colors_info=&#8221;{}&#8221; theme_builder_area=&#8221;et_body_layout&#8221;]<p>Nu n\u00e4r v\u00e5ren g\u00f6r sig p\u00e5mind \u00e4r m\u00f6rkl\u00e4ggningsgardiner v\u00e4rt att investera i. Det st\u00e4nger ute ljuset n\u00e4r det \u00e4r dags att sova. Mixa med skira gardiner f\u00f6r en lyxig hotellook.<\/p>[\/et_pb_text][et_pb_image src=&#8221;https:\/\/kampanj.expressen.se\/ikease\/wp-content\/uploads\/2026\/04\/Bild-2-Satsa-pa-ett-soffbord-med-smarta-funktioner-Vardagsrum-2026-1024&#215;640.jpg&#8221; title_text=&#8221;Bild-2-Satsa-pa\u030a-ett-soffbord-med-smarta-funktioner-Vardagsrum-2026&#8243; _builder_version=&#8221;4.27.6&#8243; _module_preset=&#8221;default&#8221; max_width=&#8221;640px&#8221; module_alignment=&#8221;center&#8221; custom_margin=&#8221;6px||10px||false|false&#8221; custom_padding=&#8221;0px||0px||true|false&#8221; hover_enabled=&#8221;0&#8243; border_radii=&#8221;on|8px|8px|8px|8px&#8221; global_colors_info=&#8221;{}&#8221; theme_builder_area=&#8221;et_body_layout&#8221; sticky_enabled=&#8221;0&#8243;][\/et_pb_image][et_pb_text module_class=&#8221;bildtext&#8221; _builder_version=&#8221;4.27.6&#8243; _module_preset=&#8221;default&#8221; text_font_size=&#8221;16px&#8221; header_font=&#8221;||||||||&#8221; header_font_size=&#8221;50px&#8221; width_tablet=&#8221;&#8221; width_phone=&#8221;&#8221; width_last_edited=&#8221;on|tablet&#8221; max_width=&#8221;640px&#8221; module_alignment=&#8221;center&#8221; custom_margin=&#8221;0px||27px||false|false&#8221; custom_padding=&#8221;0px||0px||true|false&#8221; hover_enabled=&#8221;0&#8243; header_font_size_tablet=&#8221;45px&#8221; header_font_size_phone=&#8221;32px&#8221; header_font_size_last_edited=&#8221;on|phone&#8221; global_colors_info=&#8221;{}&#8221; theme_builder_area=&#8221;et_body_layout&#8221; sticky_enabled=&#8221;0&#8243;]<p>Satsa p\u00e5 ett soffbord med smarta funktioner. H\u00e4r finns tv\u00e5 f\u00f6rvaringsfack med horisontella luckor f\u00f6r s\u00e5dant du vill g\u00f6mma undan men \u00e4nd\u00e5 ha l\u00e4ttillg\u00e4ngligt. <a href=\"https:\/\/track.adform.net\/C\/?bn=88150882\">TRANERED<\/a> soffbord 1595:- <a href=\"https:\/\/track.adform.net\/C\/?bn=88150884\">TRANERED<\/a> sidobord 799:- <a href=\"https:\/\/track.adform.net\/C\/?bn=88150871\">PELARK\u00d6RSB\u00c4R<\/a> kuddfodral 49:- <a href=\"https:\/\/track.adform.net\/C\/?bn=88150872\">\u00c5SVEIG<\/a> kuddfodral 79:- <a href=\"https:\/\/track.adform.net\/C\/?bn=88150870\">SANELA<\/a> kuddfodral 79:-<\/p>[\/et_pb_text][et_pb_text _builder_version=&#8221;4.27.6&#8243; _module_preset=&#8221;default&#8221; header_font=&#8221;||||||||&#8221; header_font_size=&#8221;50px&#8221; width_tablet=&#8221;&#8221; width_phone=&#8221;&#8221; width_last_edited=&#8221;on|tablet&#8221; max_width=&#8221;640px&#8221; module_alignment=&#8221;center&#8221; custom_margin=&#8221;0px||||false|false&#8221; custom_padding=&#8221;0px||0px||true|false&#8221; hover_enabled=&#8221;0&#8243; header_font_size_tablet=&#8221;45px&#8221; header_font_size_phone=&#8221;32px&#8221; header_font_size_last_edited=&#8221;on|phone&#8221; global_colors_info=&#8221;{}&#8221; theme_builder_area=&#8221;et_body_layout&#8221; sticky_enabled=&#8221;0&#8243;]<p>F\u00f6rvaring \u00e4r viktigt i alla rum, och kanske alldeles s\u00e4rskilt i ett vardagsrum d\u00e4r man vill kunna f\u00e5 plats m\u00e5nga. Med minimerat st\u00f6k kommer rummet att k\u00e4nnas b\u00e5de luftigare och lugnare. Tv-b\u00e4nk och f\u00f6rvaringssk\u00e5p i valn\u00f6t ger dessutom rummet en k\u00e4nsla av sober elegans. I den l\u00e5ga tv-b\u00e4nken finns det plats f\u00f6r det du inte vill ska st\u00e5 framme, utan att den stj\u00e4l f\u00f6r mycket av rummets rymd.<\/p>\n<p>Att kombinera dold f\u00f6rvaring med ett vitrinsk\u00e5p skapar ocks\u00e5 en k\u00e4nsla av luftighet. H\u00e4r placerar du s\u00e5nt du g\u00e4rna vill visa upp, kanske de loppisfyndade glasen eller barnens tjusigaste pyssel. Med belysning i sk\u00e5pet adderar du ocks\u00e5 en varm k\u00e4nsla till hela rummet.<\/p>[\/et_pb_text][et_pb_image src=&#8221;https:\/\/kampanj.expressen.se\/ikease\/wp-content\/uploads\/2026\/04\/Bild-3-Elegant-forvaring-som-skapar-ordning-Vardagsrum-2026-1024&#215;640.jpg&#8221; title_text=&#8221;Bild-3-Elegant-fo\u0308rvaring-som-skapar-ordning-Vardagsrum-2026&#8243; _builder_version=&#8221;4.27.6&#8243; _module_preset=&#8221;default&#8221; max_width=&#8221;640px&#8221; module_alignment=&#8221;center&#8221; custom_margin=&#8221;27px||10px||false|false&#8221; custom_padding=&#8221;0px||0px||true|false&#8221; hover_enabled=&#8221;0&#8243; border_radii=&#8221;on|8px|8px|8px|8px&#8221; global_colors_info=&#8221;{}&#8221; theme_builder_area=&#8221;et_body_layout&#8221; sticky_enabled=&#8221;0&#8243;][\/et_pb_image][et_pb_text module_class=&#8221;bildtext&#8221; _builder_version=&#8221;4.27.6&#8243; _module_preset=&#8221;default&#8221; text_font_size=&#8221;16px&#8221; header_font=&#8221;||||||||&#8221; header_font_size=&#8221;50px&#8221; width_tablet=&#8221;&#8221; width_phone=&#8221;&#8221; width_last_edited=&#8221;on|tablet&#8221; max_width=&#8221;640px&#8221; module_alignment=&#8221;center&#8221; custom_margin=&#8221;0px||27px||false|false&#8221; custom_padding=&#8221;0px||0px||true|false&#8221; hover_enabled=&#8221;0&#8243; header_font_size_tablet=&#8221;45px&#8221; header_font_size_phone=&#8221;32px&#8221; header_font_size_last_edited=&#8221;on|phone&#8221; global_colors_info=&#8221;{}&#8221; theme_builder_area=&#8221;et_body_layout&#8221; sticky_enabled=&#8221;0&#8243;]<p>Elegant f\u00f6rvaring som skapar ordning. <a href=\"https:\/\/track.adform.net\/C\/?bn=88150874\">BEST\u00c5<\/a> tv-b\u00e4nk 2195:- <br \/><a href=\"https:\/\/track.adform.net\/C\/?bn=88150880\">STOCKHOLM<\/a> 2025 vas 499:-<\/p>[\/et_pb_text][et_pb_image src=&#8221;https:\/\/kampanj.expressen.se\/ikease\/wp-content\/uploads\/2026\/04\/Bild-4-forvaringskombination-med-glasdorrar-Vardagsrum-2026-1024&#215;640.jpg&#8221; title_text=&#8221;Bild-4-fo\u0308rvaringskombination-med-glasdo\u0308rrar-Vardagsrum-2026&#8243; _builder_version=&#8221;4.27.6&#8243; _module_preset=&#8221;default&#8221; max_width=&#8221;640px&#8221; module_alignment=&#8221;center&#8221; custom_margin=&#8221;27px||10px||false|false&#8221; custom_padding=&#8221;0px||0px||true|false&#8221; hover_enabled=&#8221;0&#8243; border_radii=&#8221;on|8px|8px|8px|8px&#8221; global_colors_info=&#8221;{}&#8221; theme_builder_area=&#8221;et_body_layout&#8221; sticky_enabled=&#8221;0&#8243;][\/et_pb_image][et_pb_text module_class=&#8221;bildtext&#8221; _builder_version=&#8221;4.27.6&#8243; _module_preset=&#8221;default&#8221; text_font_size=&#8221;16px&#8221; header_font=&#8221;||||||||&#8221; header_font_size=&#8221;50px&#8221; width_tablet=&#8221;&#8221; width_phone=&#8221;&#8221; width_last_edited=&#8221;on|tablet&#8221; max_width=&#8221;640px&#8221; module_alignment=&#8221;center&#8221; custom_margin=&#8221;0px||27px||false|false&#8221; custom_padding=&#8221;0px||0px||true|false&#8221; header_font_size_tablet=&#8221;45px&#8221; header_font_size_phone=&#8221;32px&#8221; header_font_size_last_edited=&#8221;on|phone&#8221; global_colors_info=&#8221;{}&#8221; theme_builder_area=&#8221;et_body_layout&#8221;]<p><a href=\"https:\/\/track.adform.net\/C\/?bn=88150888\">BEST\u00c5<\/a> f\u00f6rvaringskombination med glasd\u00f6rrar 4650:- <br \/><a href=\"https:\/\/track.adform.net\/C\/?bn=88150887\">STOCKHOLM 2025<\/a> karaff 199:-<\/p>[\/et_pb_text][et_pb_text _builder_version=&#8221;4.27.6&#8243; _module_preset=&#8221;default&#8221; header_font=&#8221;||||||||&#8221; header_font_size=&#8221;50px&#8221; width_tablet=&#8221;&#8221; width_phone=&#8221;&#8221; width_last_edited=&#8221;on|tablet&#8221; max_width=&#8221;640px&#8221; module_alignment=&#8221;center&#8221; custom_margin=&#8221;0px||||false|false&#8221; custom_padding=&#8221;0px||0px||true|false&#8221; hover_enabled=&#8221;0&#8243; header_font_size_tablet=&#8221;45px&#8221; header_font_size_phone=&#8221;32px&#8221; header_font_size_last_edited=&#8221;on|phone&#8221; global_colors_info=&#8221;{}&#8221; theme_builder_area=&#8221;et_body_layout&#8221; sticky_enabled=&#8221;0&#8243;]<h2>Lek med ljuset<\/h2>\n<p>Belysningen g\u00f6r stor skillnad f\u00f6r k\u00e4nslan i vardagsrummet och numera \u00e4r det enkelt att styra rummets alla ljusk\u00e4llor via en app i mobilen. Med en knapptryckning fixar du d\u00e4mpat ljus f\u00f6r hemmakv\u00e4llen, eller starkare allm\u00e4nbelysning n\u00e4r rummet ska st\u00e4das.<\/p>\n<p>Det mysiga vardagsrummet, och den fantastiskt sk\u00f6na soffan, har bara en (m\u00f6jlig) nackdel \u2013 n\u00e4r du v\u00e4l placerat dig i soffan vill du helst inte resa dig ur den igen. Tur d\u00e5 att det finns fiffiga l\u00f6sningar f\u00f6r att plocka med sig det mest essentiella redan fr\u00e5n b\u00f6rjan. Popcornen till filmen eller kv\u00e4llens balja med te ryms n\u00e4mligen alldeles utm\u00e4rkt p\u00e5 den smarta armst\u00f6dsbrickan.<\/p>[\/et_pb_text][et_pb_image src=&#8221;https:\/\/kampanj.expressen.se\/ikease\/wp-content\/uploads\/2026\/04\/Bild-5-Bekvamlighet-framfor-allt-Vardagsrum-2026-1024&#215;640.jpg&#8221; title_text=&#8221;Bild-5-Bekva\u0308mlighet-framfo\u0308r-allt-Vardagsrum-2026&#8243; _builder_version=&#8221;4.27.6&#8243; _module_preset=&#8221;default&#8221; max_width=&#8221;640px&#8221; module_alignment=&#8221;center&#8221; custom_margin=&#8221;27px||10px||false|false&#8221; custom_padding=&#8221;0px||0px||true|false&#8221; hover_enabled=&#8221;0&#8243; border_radii=&#8221;on|8px|8px|8px|8px&#8221; global_colors_info=&#8221;{}&#8221; theme_builder_area=&#8221;et_body_layout&#8221; sticky_enabled=&#8221;0&#8243;][\/et_pb_image][et_pb_text module_class=&#8221;bildtext&#8221; _builder_version=&#8221;4.27.6&#8243; _module_preset=&#8221;default&#8221; text_font_size=&#8221;16px&#8221; header_font=&#8221;||||||||&#8221; header_font_size=&#8221;50px&#8221; width_tablet=&#8221;&#8221; width_phone=&#8221;&#8221; width_last_edited=&#8221;on|tablet&#8221; max_width=&#8221;640px&#8221; module_alignment=&#8221;center&#8221; custom_margin=&#8221;0px||27px||false|false&#8221; custom_padding=&#8221;0px||0px||true|false&#8221; hover_enabled=&#8221;0&#8243; header_font_size_tablet=&#8221;45px&#8221; header_font_size_phone=&#8221;32px&#8221; header_font_size_last_edited=&#8221;on|phone&#8221; global_colors_info=&#8221;{}&#8221; theme_builder_area=&#8221;et_body_layout&#8221; sticky_enabled=&#8221;0&#8243;]<p>Bekv\u00e4mlighet framf\u00f6r allt. <a href=\"https:\/\/track.adform.net\/C\/?bn=88150879\">TRANERED<\/a> armst\u00f6dsbricka 199:- <a href=\"https:\/\/track.adform.net\/C\/?bn=88150883\">STOCKHOLM 2025<\/a> bordslampa 599:- <a href=\"https:\/\/track.adform.net\/C\/?bn=88150878\">STOCKHOLM 2025<\/a> sk\u00e5l 129:-\/ 2 st <a href=\"https:\/\/track.adform.net\/C\/?bn=88150869\">STOCKHOLM 2025<\/a> glas 149:-\/4 st<\/p>[\/et_pb_text][et_pb_image src=&#8221;https:\/\/kampanj.expressen.se\/ikease\/wp-content\/uploads\/2026\/04\/Bild-6-smart-belysning-fran-IKEA-Vardagsrum-2026-1024&#215;640.jpg&#8221; title_text=&#8221;Bild-6-smart-belysning-fra\u030an-IKEA-Vardagsrum-2026&#8243; _builder_version=&#8221;4.27.6&#8243; _module_preset=&#8221;default&#8221; max_width=&#8221;640px&#8221; module_alignment=&#8221;center&#8221; custom_margin=&#8221;27px||10px||false|false&#8221; custom_padding=&#8221;0px||0px||true|false&#8221; hover_enabled=&#8221;0&#8243; border_radii=&#8221;on|8px|8px|8px|8px&#8221; global_colors_info=&#8221;{}&#8221; theme_builder_area=&#8221;et_body_layout&#8221; sticky_enabled=&#8221;0&#8243;][\/et_pb_image][et_pb_text module_class=&#8221;bildtext&#8221; _builder_version=&#8221;4.27.6&#8243; _module_preset=&#8221;default&#8221; text_font_size=&#8221;16px&#8221; header_font=&#8221;||||||||&#8221; header_font_size=&#8221;50px&#8221; width_tablet=&#8221;&#8221; width_phone=&#8221;&#8221; width_last_edited=&#8221;on|tablet&#8221; max_width=&#8221;640px&#8221; module_alignment=&#8221;center&#8221; custom_margin=&#8221;0px||27px||false|false&#8221; custom_padding=&#8221;0px||0px||true|false&#8221; hover_enabled=&#8221;0&#8243; header_font_size_tablet=&#8221;45px&#8221; header_font_size_phone=&#8221;32px&#8221; header_font_size_last_edited=&#8221;on|phone&#8221; global_colors_info=&#8221;{}&#8221; theme_builder_area=&#8221;et_body_layout&#8221; sticky_enabled=&#8221;0&#8243;]<p>Med smart belysning fr\u00e5n IKEA kan du snabbt \u00e4ndra ljusstyrka och f\u00e4rgtoner i rummet. <a href=\"https:\/\/track.adform.net\/C\/?bn=88150873\">GULLSUDARE<\/a> taklampsk\u00e4rm 99:- <a href=\"https:\/\/track.adform.net\/C\/?bn=88150876\">DYKARKLOCKA<\/a> taklampsk\u00e4rm 699:-<\/p>[\/et_pb_text][et_pb_text _builder_version=&#8221;4.27.6&#8243; _module_preset=&#8221;default&#8221; header_font=&#8221;||||||||&#8221; header_font_size=&#8221;50px&#8221; width_tablet=&#8221;&#8221; width_phone=&#8221;&#8221; width_last_edited=&#8221;on|tablet&#8221; max_width=&#8221;640px&#8221; module_alignment=&#8221;center&#8221; custom_margin=&#8221;0px||||false|false&#8221; custom_padding=&#8221;20px|20px|20px|20px|true|true&#8221; hover_enabled=&#8221;0&#8243; header_font_size_tablet=&#8221;45px&#8221; header_font_size_phone=&#8221;32px&#8221; header_font_size_last_edited=&#8221;on|phone&#8221; border_width_all=&#8221;1px&#8221; border_color_all=&#8221;#efefef&#8221; global_colors_info=&#8221;{}&#8221; theme_builder_area=&#8221;post_content&#8221; ol_position=&#8221;outside&#8221; ol_item_indent=&#8221;20px&#8221; ol_font=&#8221;|&#8211;et_global_body_font_weight|||||||&#8221; sticky_enabled=&#8221;0&#8243;]<h3>3 snabba tips f\u00f6r vardagsrummet<\/h3>\n<ol>\n<li><strong>Satsa p\u00e5 valn\u00f6t<\/strong><br \/>Valn\u00f6tstr\u00e4 forts\u00e4tter vara popul\u00e4rt och ger vardagsrummet en varm, elegant k\u00e4nsla. Kombinera g\u00e4rna soffbord, f\u00f6rvaring och detaljer i valn\u00f6t f\u00f6r en enhetlig k\u00e4nsla.\n<\/li>\n<li><strong>L\u00e5t soffan ta plats<\/strong><br \/>V\u00e4lj en gener\u00f6s soffa och g\u00f6r den till rummets sj\u00e4lvklara mittpunkt. Extra plus om du v\u00e5gar en f\u00e4rgstark modell \u2013 det ger energi till hela rummet.\n<\/li>\n<li><strong>Smart belysning f\u00f6r r\u00e4tt st\u00e4mning<\/strong><br \/><span style=\"font-weight: 400;\">Appstyrd belysning g\u00f6r det enkelt att skifta mellan mys, fest och vardag. Lek med olika ljusk\u00e4llor och dimmers f\u00f6r att skapa precis den k\u00e4nsla du vill ha.<br \/><\/span><\/li>\n<\/ol>[\/et_pb_text][et_pb_text _builder_version=&#8221;4.27.6&#8243; _module_preset=&#8221;default&#8221; header_font=&#8221;||||||||&#8221; header_font_size=&#8221;50px&#8221; width_tablet=&#8221;&#8221; width_phone=&#8221;&#8221; width_last_edited=&#8221;on|tablet&#8221; max_width=&#8221;640px&#8221; module_alignment=&#8221;center&#8221; custom_margin=&#8221;0px||||false|false&#8221; custom_padding=&#8221;0px||0px||true|false&#8221; hover_enabled=&#8221;0&#8243; header_font_size_tablet=&#8221;45px&#8221; header_font_size_phone=&#8221;32px&#8221; header_font_size_last_edited=&#8221;on|phone&#8221; global_colors_info=&#8221;{}&#8221; theme_builder_area=&#8221;et_body_layout&#8221; sticky_enabled=&#8221;0&#8243;]<p><a href=\"https:\/\/track.adform.net\/C\/?bn=88150886\">S\u00e5 inreder du vardagsrummet i samma stil<\/a><\/p>[\/et_pb_text][\/et_pb_column][\/et_pb_row][\/et_pb_section]\n","protected":false},"excerpt":{"rendered":"<p>S\u00e5 skapar du ett trendigt och socialt vardagsrumSugen p\u00e5 att f\u00f6rnya hemma? S\u00e5 skapar du ett vardagsrum som b\u00e5de \u00e4r trendigt och perfekt f\u00f6r sociala stunder.L\u00e5t soffan bli vardagsrummets huvudkarakt\u00e4r. UPP\u00c5KRA 4,5-sitsig modulsoffa 15 395:- UPP\u00c5KRA fotpall 2895:- OMBONAD bricka 349:-Hitta allt f\u00f6r vardagsrummet p\u00e5 IKEAAllt fler vill ha ett vardagsrum som b\u00e5de k\u00e4nns inbjudande [&hellip;]<\/p>\n","protected":false},"author":1,"featured_media":2797,"comment_status":"open","ping_status":"open","sticky":false,"template":"","format":"standard","meta":{"_et_pb_use_builder":"on","_et_pb_old_content":"","_et_gb_content_width":"","bnmp_articleUUID":"d0c0c283-a161-5c41-87e8-c88ac59529b8","footnotes":""},"categories":[1],"tags":[],"class_list":["post-2793","post","type-post","status-publish","format-standard","has-post-thumbnail","hentry","category-artikelflode"],"_links":{"self":[{"href":"https:\/\/kampanj.expressen.se\/ikease\/wp-json\/wp\/v2\/posts\/2793","targetHints":{"allow":["GET"]}}],"collection":[{"href":"https:\/\/kampanj.expressen.se\/ikease\/wp-json\/wp\/v2\/posts"}],"about":[{"href":"https:\/\/kampanj.expressen.se\/ikease\/wp-json\/wp\/v2\/types\/post"}],"author":[{"embeddable":true,"href":"https:\/\/kampanj.expressen.se\/ikease\/wp-json\/wp\/v2\/users\/1"}],"replies":[{"embeddable":true,"href":"https:\/\/kampanj.expressen.se\/ikease\/wp-json\/wp\/v2\/comments?post=2793"}],"version-history":[{"count":7,"href":"https:\/\/kampanj.expressen.se\/ikease\/wp-json\/wp\/v2\/posts\/2793\/revisions"}],"predecessor-version":[{"id":2813,"href":"https:\/\/kampanj.expressen.se\/ikease\/wp-json\/wp\/v2\/posts\/2793\/revisions\/2813"}],"wp:featuredmedia":[{"embeddable":true,"href":"https:\/\/kampanj.expressen.se\/ikease\/wp-json\/wp\/v2\/media\/2797"}],"wp:attachment":[{"href":"https:\/\/kampanj.expressen.se\/ikease\/wp-json\/wp\/v2\/media?parent=2793"}],"wp:term":[{"taxonomy":"category","embeddable":true,"href":"https:\/\/kampanj.expressen.se\/ikease\/wp-json\/wp\/v2\/categories?post=2793"},{"taxonomy":"post_tag","embeddable":true,"href":"https:\/\/kampanj.expressen.se\/ikease\/wp-json\/wp\/v2\/tags?post=2793"}],"curies":[{"name":"wp","href":"https:\/\/api.w.org\/{rel}","templated":true}]}}