{"id":84,"date":"2023-09-12T14:33:37","date_gmt":"2023-09-12T12:33:37","guid":{"rendered":"https:\/\/kampanj.expressen.se\/hjart-lungfonden\/?p=84"},"modified":"2025-07-07T12:09:05","modified_gmt":"2025-07-07T10:09:05","slug":"maja-fick-en-stroke-nar-hon-var-gravid-i-sjatte-manaden","status":"publish","type":"post","link":"https:\/\/kampanj.expressen.se\/hjart-lungfonden\/maja-fick-en-stroke-nar-hon-var-gravid-i-sjatte-manaden\/","title":{"rendered":"Maja fick en stroke n\u00e4r hon var gravid i sj\u00e4tte m\u00e5naden"},"content":{"rendered":"<p>[et_pb_section fb_built=&#8221;1&#8243; custom_padding_last_edited=&#8221;off|desktop&#8221; disabled_on=&#8221;off|off|off&#8221; admin_label=&#8221;header \/ video&#8221; _builder_version=&#8221;4.22.1&#8243; _module_preset=&#8221;default&#8221; background_color=&#8221;#000000&#8243; background_enable_image=&#8221;off&#8221; background_blend=&#8221;darken&#8221; background_enable_video_mp4=&#8221;off&#8221; background_video_width=&#8221;100%&#8221; z_index=&#8221;99999&#8243; vertical_offset_tablet=&#8221;&#8221; vertical_offset_phone=&#8221;&#8221; vertical_offset_last_edited=&#8221;on|phone&#8221; position_origin_a_last_edited=&#8221;off|desktop&#8221; position_origin_f_phone=&#8221;top_center&#8221; position_origin_f_last_edited=&#8221;off|desktop&#8221; position_origin_r_last_edited=&#8221;off|desktop&#8221; height_tablet=&#8221;500px&#8221; height_phone=&#8221;320px&#8221; height_last_edited=&#8221;off|desktop&#8221; custom_padding=&#8221;0px||0px||true|false&#8221; custom_padding_tablet=&#8221;73px||0px||false|false&#8221; custom_padding_phone=&#8221;70px||0px||false|false&#8221; scroll_vertical_motion_enable=&#8221;off&#8221; motion_trigger_start=&#8221;bottom&#8221; background_last_edited=&#8221;off|phone&#8221; background_enable_image_tablet=&#8221;off&#8221; background_enable_image_phone=&#8221;off&#8221; background_video_mp4_phone=&#8221;https:\/\/kampanj.di.se\/sts-alpresor\/wp-content\/uploads\/2021\/08\/Bad-Gastein-4k-mobile.mp4&#8243; background_enable_video_mp4_phone=&#8221;on&#8221; positioning_phone=&#8221;relative&#8221; positioning_last_edited=&#8221;off|desktop&#8221; z_index_last_edited=&#8221;off|phone&#8221; sticky_position_phone=&#8221;none&#8221; sticky_position_last_edited=&#8221;off|phone&#8221; collapsed=&#8221;off&#8221; global_colors_info=&#8221;{}&#8221; theme_builder_area=&#8221;post_content&#8221;][et_pb_row _builder_version=&#8221;4.22.1&#8243; _module_preset=&#8221;default&#8221; positioning=&#8221;none&#8221; position_origin_a=&#8221;bottom_center&#8221; vertical_offset=&#8221;30px&#8221; vertical_offset_last_edited=&#8221;off|phone&#8221; width=&#8221;100%&#8221; width_tablet=&#8221;100%&#8221; width_phone=&#8221;100%&#8221; width_last_edited=&#8221;on|phone&#8221; max_width=&#8221;100%&#8221; custom_margin=&#8221;0px||0px||false|false&#8221; custom_padding=&#8221;0px||0px||false|false&#8221; global_colors_info=&#8221;{}&#8221; theme_builder_area=&#8221;post_content&#8221;][et_pb_column type=&#8221;4_4&#8243; _builder_version=&#8221;4.19.2&#8243; _module_preset=&#8221;default&#8221; global_colors_info=&#8221;{}&#8221; theme_builder_area=&#8221;post_content&#8221;][et_pb_code _builder_version=&#8221;4.25.1&#8243; _module_preset=&#8221;default&#8221; hover_enabled=&#8221;0&#8243; global_colors_info=&#8221;{}&#8221; theme_builder_area=&#8221;post_content&#8221; sticky_enabled=&#8221;0&#8243;]<script src=\"https:\/\/www.expressen.se\/video-player\/include.min.js\" data-video-player=\"true\" data-link-url=\"\/tv\/brand-studio\/hjart-lungfonden\/annons-hjart-lungfonden-maja\/\" data-autoplay=\"true\"><\/script><!-- [et_pb_line_break_holder] --><\/p>\n<style><!-- [et_pb_line_break_holder] -->  .stickyVideo{<!-- [et_pb_line_break_holder] -->    position: fixed !important;<!-- [et_pb_line_break_holder] -->    width: 320px !important;<!-- [et_pb_line_break_holder] -->\t\theight: auto !important;<!-- [et_pb_line_break_holder] -->    top: 81px !important;<!-- [et_pb_line_break_holder] -->    right: 0px !important;<!-- [et_pb_line_break_holder] -->    z-index: 9999 !important;<!-- [et_pb_line_break_holder] -->  }<!-- [et_pb_line_break_holder] -->  @media (max-width: 500px) {<!-- [et_pb_line_break_holder] -->      .stickyVideo {<!-- [et_pb_line_break_holder] -->      \twidth: 100vw !important;<!-- [et_pb_line_break_holder] -->    }<!-- [et_pb_line_break_holder] -->\t}<!-- [et_pb_line_break_holder] -->  .closeStickyVideo{<!-- [et_pb_line_break_holder] -->    background: rgba(0,0,0,0.5);<!-- [et_pb_line_break_holder] -->    color: #fff;<!-- [et_pb_line_break_holder] -->    font-size: 11px;<!-- [et_pb_line_break_holder] -->    font-weight: bold;<!-- [et_pb_line_break_holder] -->    position: fixed;<!-- [et_pb_line_break_holder] -->    top: 81px;<!-- [et_pb_line_break_holder] -->    right: 0px;<!-- [et_pb_line_break_holder] -->    z-index: 1000;<!-- [et_pb_line_break_holder] -->    display: none;<!-- [et_pb_line_break_holder] -->    padding: 5px;<!-- [et_pb_line_break_holder] -->  }<!-- [et_pb_line_break_holder] -->  #videoScrollPlaceholder{<!-- [et_pb_line_break_holder] -->    display: none;<!-- [et_pb_line_break_holder] -->  }<!-- [et_pb_line_break_holder] --><\/style>\n<p><!-- [et_pb_line_break_holder] --><\/p>\n<div id=\"videoScrollPlaceholder\"><\/div>\n<p><!-- [et_pb_line_break_holder] --><script><!-- [et_pb_line_break_holder] -->  window.addEventListener ? window.addEventListener(\"load\",stickyVideo,false) : window.attachEvent && window.attachEvent(\"onload\", stickyVideo);<!-- [et_pb_line_break_holder] -->\tvar stickyClosed = false;<!-- [et_pb_line_break_holder] -->  function stickyVideo() {<!-- [et_pb_line_break_holder] -->    setTimeout(() => {<!-- [et_pb_line_break_holder] -->      const placeholder = document.getElementById(\"videoScrollPlaceholder\");<!-- [et_pb_line_break_holder] -->      const box = document.getElementsByClassName(\"exp-video-player\")[0];<!-- [et_pb_line_break_holder] -->      let videoHeight = box.offsetHeight;<!-- [et_pb_line_break_holder] -->      if(videoHeight == 0){<!-- [et_pb_line_break_holder] -->        setTimeout(videoHeight = box.offsetHeight, 1000);<!-- [et_pb_line_break_holder] -->        setTimeout(console.log(\"videoHeight delayed: \" + videoHeight),1001);<!-- [et_pb_line_break_holder] -->      }<!-- [et_pb_line_break_holder] -->      console.log(\"videoHeight: \" + videoHeight);<!-- [et_pb_line_break_holder] -->      \/\/ Create the close button<!-- [et_pb_line_break_holder] -->      const closeButton = document.createElement(\"div\");<!-- [et_pb_line_break_holder] -->      closeButton.classList.add('closeStickyVideo');<!-- [et_pb_line_break_holder] -->      closeButton.id = \"closeStickyVideo\";<!-- [et_pb_line_break_holder] -->      const closeText = document.createTextNode(\"ST\u00c4NG\");<!-- [et_pb_line_break_holder] -->      closeButton.appendChild(closeText);<!-- [et_pb_line_break_holder] -->      box.appendChild(closeButton);<!-- [et_pb_line_break_holder] --><!-- [et_pb_line_break_holder] -->      const closeSticky = document.querySelector('#closeStickyVideo');<!-- [et_pb_line_break_holder] --><!-- [et_pb_line_break_holder] -->      closeSticky.addEventListener(\"click\", function() {<!-- [et_pb_line_break_holder] -->        box.classList.remove(\"stickyVideo\");<!-- [et_pb_line_break_holder] -->        closeSticky.style.display = \"none\";<!-- [et_pb_line_break_holder] -->        placeholder.style.display = \"none\";<!-- [et_pb_line_break_holder] -->        box.parentElement.style.paddingTop = \"0px\";<!-- [et_pb_line_break_holder] -->      \/\/  iframeApi.pause();<!-- [et_pb_line_break_holder] -->        stickyClosed = true;<!-- [et_pb_line_break_holder] -->      });<!-- [et_pb_line_break_holder] --><!-- [et_pb_line_break_holder] -->      window.addEventListener(\"scroll\", function() {<!-- [et_pb_line_break_holder] -->        if (window.scrollY > ((videoHeight) - 15) && !stickyClosed) {<!-- [et_pb_line_break_holder] -->            box.classList.add(\"stickyVideo\");<!-- [et_pb_line_break_holder] -->            \/\/box.parentElement.style.paddingTop = ((videoHeight*2)-15) +\"px\";<!-- [et_pb_line_break_holder] -->            placeholder.style.height = ((videoHeight)-15) +\"px\";<!-- [et_pb_line_break_holder] -->            closeSticky.style.display = \"block\";<!-- [et_pb_line_break_holder] -->            placeholder.style.display = \"block\";<!-- [et_pb_line_break_holder] -->        }<!-- [et_pb_line_break_holder] -->        if (window.scrollY < ((videoHeight) - 15) &#038;&#038; box.classList.contains(\"stickyVideo\")) {<!-- [et_pb_line_break_holder] -->            box.classList.remove(\"stickyVideo\");<!-- [et_pb_line_break_holder] -->            closeSticky.style.display = \"none\";<!-- [et_pb_line_break_holder] -->            placeholder.style.display = \"none\";<!-- [et_pb_line_break_holder] -->            \/\/box.parentElement.style.paddingTop = \"0px\";      \t<!-- [et_pb_line_break_holder] -->        }<!-- [et_pb_line_break_holder] -->      });<!-- [et_pb_line_break_holder] -->    }, 750);<!-- [et_pb_line_break_holder] -->  };<!-- [et_pb_line_break_holder] --><\/script>[\/et_pb_code][\/et_pb_column][\/et_pb_row][\/et_pb_section][et_pb_section fb_built=&#8221;1&#8243; custom_padding_last_edited=&#8221;on|phone&#8221; admin_label=&#8221;Artikel\/text 1&#8243; _builder_version=&#8221;4.19.2&#8243; _module_preset=&#8221;default&#8221; background_color=&#8221;#FFFFFF&#8221; custom_padding=&#8221;40px|0px|40px||true|false&#8221; custom_padding_tablet=&#8221;40px||40px||true|false&#8221; custom_padding_phone=&#8221;35px||40px||false|false&#8221; collapsed=&#8221;off&#8221; global_colors_info=&#8221;{}&#8221; theme_builder_area=&#8221;post_content&#8221;][et_pb_row custom_padding_last_edited=&#8221;off|desktop&#8221; _builder_version=&#8221;4.22.1&#8243; _module_preset=&#8221;default&#8221; background_enable_color=&#8221;off&#8221; width_tablet=&#8221;80%&#8221; width_phone=&#8221;90%&#8221; width_last_edited=&#8221;on|phone&#8221; max_width=&#8221;640px&#8221; max_width_last_edited=&#8221;off|desktop&#8221; module_alignment=&#8221;center&#8221; custom_padding=&#8221;0px||0px||false|false&#8221; custom_padding_tablet=&#8221;0px|60px|0px|60px|true|true&#8221; custom_padding_phone=&#8221;|0px||0px|true|true&#8221; global_colors_info=&#8221;{}&#8221; theme_builder_area=&#8221;post_content&#8221;][et_pb_column type=&#8221;4_4&#8243; _builder_version=&#8221;4.16&#8243; _module_preset=&#8221;default&#8221; global_colors_info=&#8221;{}&#8221; theme_builder_area=&#8221;post_content&#8221;][et_pb_text _builder_version=&#8221;4.22.1&#8243; _module_preset=&#8221;default&#8221; header_text_color=&#8221;#212121&#8243; header_font_size=&#8221;58px&#8221; module_alignment=&#8221;center&#8221; custom_margin=&#8221;||15px||false|false&#8221; header_font_size_tablet=&#8221;55px&#8221; header_font_size_phone=&#8221;30px&#8221; header_font_size_last_edited=&#8221;on|phone&#8221; global_colors_info=&#8221;{}&#8221; theme_builder_area=&#8221;post_content&#8221;]<\/p>\n<h1>Maja fick en stroke n\u00e4r hon var gravid i sj\u00e4tte m\u00e5naden<\/h1>\n<p>[\/et_pb_text][et_pb_text _builder_version=&#8221;4.22.1&#8243; _module_preset=&#8221;default&#8221; text_font=&#8221;Arial|700|||||||&#8221; text_text_color=&#8221;#212121&#8243; text_font_size=&#8221;20px&#8221; text_line_height=&#8221;1.5em&#8221; header_font_size=&#8221;50px&#8221; header_3_font=&#8221;Siri Expressen|700|||||||&#8221; header_3_text_color=&#8221;#222222&#8243; header_3_font_size=&#8221;62px&#8221; header_3_line_height=&#8221;1.1em&#8221; module_alignment=&#8221;center&#8221; custom_padding=&#8221;||22px|||&#8221; custom_padding_tablet=&#8221;||22px||false|false&#8221; custom_padding_phone=&#8221;&#8221; custom_padding_last_edited=&#8221;on|tablet&#8221; text_font_size_tablet=&#8221;&#8221; text_font_size_phone=&#8221;18px&#8221; text_font_size_last_edited=&#8221;on|phone&#8221; text_line_height_tablet=&#8221;&#8221; text_line_height_phone=&#8221;&#8221; text_line_height_last_edited=&#8221;on|desktop&#8221; header_font_size_tablet=&#8221;45px&#8221; header_font_size_phone=&#8221;30px&#8221; header_font_size_last_edited=&#8221;on|phone&#8221; header_3_font_size_tablet=&#8221;&#8221; header_3_font_size_phone=&#8221;18px&#8221; header_3_font_size_last_edited=&#8221;on|phone&#8221; border_width_bottom=&#8221;1px&#8221; border_color_bottom=&#8221;rgba(0,0,0,0.15)&#8221; inline_fonts=&#8221;Siri Expressen,Benton Sans,Helvetica Neue Bold&#8221; global_colors_info=&#8221;{}&#8221; theme_builder_area=&#8221;post_content&#8221;]<\/p>\n<p>Maja var fullt frisk och gravid i vecka 28.<br \/><span class=\"indenta\">D\u00e5 kom sm\u00e4llen \u2013 en stroke som f\u00f6r\u00e4ndrade allt.<\/span><br \/><span class=\"indenta\">\u2013 Forskningen r\u00e4ddade inte bara mitt liv \u2013 den r\u00e4ddade faktiskt tv\u00e5, s\u00e4ger hon.<\/span><\/p>\n<p>[\/et_pb_text][\/et_pb_column][\/et_pb_row][et_pb_row column_structure=&#8221;1_2,1_2&#8243; use_custom_gutter=&#8221;on&#8221; gutter_width=&#8221;2&#8243; custom_padding_last_edited=&#8221;off|phone&#8221; _builder_version=&#8221;4.22.1&#8243; _module_preset=&#8221;default&#8221; background_enable_color=&#8221;off&#8221; width_tablet=&#8221;80%&#8221; width_phone=&#8221;90%&#8221; width_last_edited=&#8221;on|desktop&#8221; max_width=&#8221;640px&#8221; max_width_last_edited=&#8221;off|desktop&#8221; module_alignment=&#8221;center&#8221; custom_padding=&#8221;24px||0px||false|false&#8221; custom_padding_tablet=&#8221;24px|60px|0px|60px|false|true&#8221; custom_padding_phone=&#8221;|0px||0px|false|true&#8221; global_colors_info=&#8221;{}&#8221; theme_builder_area=&#8221;post_content&#8221;][et_pb_column type=&#8221;1_2&#8243; _builder_version=&#8221;4.16&#8243; _module_preset=&#8221;default&#8221; global_colors_info=&#8221;{}&#8221; theme_builder_area=&#8221;post_content&#8221;][et_pb_text _builder_version=&#8221;4.22.1&#8243; _module_preset=&#8221;default&#8221; text_font=&#8221;Arial||||||||&#8221; text_text_color=&#8221;#212121&#8243; text_font_size=&#8221;18px&#8221; text_line_height=&#8221;1.5em&#8221; link_font=&#8221;Arial|300|||||||&#8221; link_text_color=&#8221;#0876b5&#8243; header_font_size=&#8221;24px&#8221; header_2_font=&#8221;di-benton-bold||||||||&#8221; header_2_text_color=&#8221;#222222&#8243; header_2_font_size=&#8221;24px&#8221; module_alignment=&#8221;center&#8221; custom_margin=&#8221;||||false|false&#8221; custom_padding=&#8221;||||false|false&#8221; header_2_font_size_tablet=&#8221;&#8221; header_2_font_size_phone=&#8221;23px&#8221; header_2_font_size_last_edited=&#8221;on|phone&#8221; global_colors_info=&#8221;{}&#8221; theme_builder_area=&#8221;post_content&#8221;]<\/p>\n<p>I april 2015 f\u00f6r\u00e4ndrades livet f\u00f6r Maja Ullberg. Ett drygt \u00e5r tidigare hade hon flyttat tillbaka till Stockholm efter n\u00e5gra \u00e5r i V\u00e4ster\u00e5s d\u00e4r hon utbildat sig till sjuksk\u00f6terska. F\u00f6rsta helgen tillbaka i huvudstaden tr\u00e4ffade hon Thomas och de blev ett par. N\u00e5gra m\u00e5nader senare visade ett graviditetstest att de v\u00e4ntade sitt f\u00f6rsta barn. Maja ber\u00e4ttar att hon s\u00e5g sig som en v\u00e4ldigt frisk person, som dessutom var aktiv och spelade b\u00e5de fotboll och innebandy.<\/p>\n<p>\u2013 Jag t\u00e4nkte flera g\u00e5nger innan p\u00e5 att jag hade v\u00e4ldigt ont i huvudet, men jag var inte orolig \u00f6ver det.<\/p>\n<p>[\/et_pb_text][\/et_pb_column][et_pb_column type=&#8221;1_2&#8243; _builder_version=&#8221;4.16&#8243; _module_preset=&#8221;default&#8221; global_colors_info=&#8221;{}&#8221; theme_builder_area=&#8221;post_content&#8221;][et_pb_image src=&#8221;https:\/\/kampanj.expressen.se\/hjart-lungfonden\/wp-content\/uploads\/2023\/09\/maja-portratt-1.jpg&#8221; title_text=&#8221;maja-portratt-1&#8243; _builder_version=&#8221;4.22.1&#8243; _module_preset=&#8221;default&#8221; custom_margin=&#8221;||0px||false|false&#8221; custom_padding=&#8221;||0px||false|false&#8221; global_colors_info=&#8221;{}&#8221; theme_builder_area=&#8221;post_content&#8221;][\/et_pb_image][et_pb_text content_tablet=&#8221;<\/p>\n<p><img src=%22https:\/\/kampanj.expressen.se\/rightlivelihood\/wp-content\/uploads\/2021\/11\/ROSA_2021-500px.png%22 width=%22500%22 height=%22800%22 alt=%22%22 class=%22faktabild2%22 \/><\/p>\n<h2>Sverigelotten<\/h2>\n<p>Sverigelotten \u00e4r en skraplott som \u00e4gs av Folkspel, en ideell organisation som har till uppgift att generera pengar till svenskt f\u00f6reningsliv. 100 procent av \u00f6verskottet fr\u00e5n skraplotterna g\u00e5r till Sveriges f\u00f6reningar, klubbar och organisationer. 2020 delade Folkspel ut 232 miljoner kronor till svenskt f\u00f6reningsliv och fr\u00e4mjandet av h\u00e4lsa, integration och respekten f\u00f6r andra.<\/p>\n<p>2021 \u00e4r det \u00e5ttonde \u00e5ret som Sverigelotten och Br\u00f6stcancerf\u00f6rbundet g\u00f6r en kampanj d\u00e4r f\u00f6r varje rosa Sverigelott som s\u00e4ljs g\u00e5r ett extra \u00f6verskott till kampen mot br\u00f6stcancer. Totalt har den rosa Sverigelotten inbringat 3 994 880 kronor genom \u00e5ren och bara i fjol blev \u00f6verskottet 601 914 kronor.<\/p>\n<p>Genom att k\u00f6pa en Sverigelott st\u00f6ttar du Br\u00f6stcancerf\u00f6rbundet \u2013 och kampen mot br\u00f6stcancer. Dessutom har du chans att vinna miljoner!<\/p>\n<p><a href=%22https:\/\/www.sverigelotten.se\/kop-sverigelotten\/%22 data-et-target-link=%22_blank%22 rel=%22noopener%22><strong>EXTERN L\u00c4NK: St\u00f6d Br\u00f6stcancerf\u00f6rbundet genom att k\u00f6pa en Sverigelott<\/strong><\/a><\/p>\n<p>&#8221; content_phone=&#8221;<\/p>\n<p><img src=%22https:\/\/kampanj.expressen.se\/rightlivelihood\/wp-content\/uploads\/2021\/11\/ROSA_2021-500px.png%22 width=%22500%22 height=%22800%22 alt=%22%22 class=%22faktabild3%22 \/><\/p>\n<h2>Sverigelotten<\/h2>\n<p>Sverigelotten \u00e4r en skraplott som \u00e4gs av Folkspel, en ideell organisation som har till uppgift att generera pengar till svenskt f\u00f6reningsliv. 100 procent av \u00f6verskottet fr\u00e5n skraplotterna g\u00e5r till Sveriges f\u00f6reningar, klubbar och organisationer. 2020 delade Folkspel ut 232 miljoner kronor till svenskt f\u00f6reningsliv och fr\u00e4mjandet av h\u00e4lsa, integration och respekten f\u00f6r andra.<\/p>\n<p>2021 \u00e4r det \u00e5ttonde \u00e5ret som Sverigelotten och Br\u00f6stcancerf\u00f6rbundet g\u00f6r en kampanj d\u00e4r f\u00f6r varje rosa Sverigelott som s\u00e4ljs g\u00e5r ett extra \u00f6verskott till kampen mot br\u00f6stcancer. Totalt har den rosa Sverigelotten inbringat 3 994 880 kronor genom \u00e5ren och bara i fjol blev \u00f6verskottet 601 914 kronor.<\/p>\n<p>Genom att k\u00f6pa en Sverigelott st\u00f6ttar du Br\u00f6stcancerf\u00f6rbundet \u2013 och kampen mot br\u00f6stcancer. Dessutom har du chans att vinna miljoner!<\/p>\n<p><a href=%22https:\/\/www.sverigelotten.se\/kop-sverigelotten\/%22 data-et-target-link=%22_blank%22 rel=%22noopener%22><strong>EXTERN L\u00c4NK: St\u00f6d Br\u00f6stcancerf\u00f6rbundet genom att k\u00f6pa en Sverigelott<\/strong><\/a><\/p>\n<p>&#8221; content_last_edited=&#8221;off|desktop&#8221; _builder_version=&#8221;4.22.1&#8243; _module_preset=&#8221;default&#8221; text_font=&#8221;Arial||||||||&#8221; text_text_color=&#8221;#222222&#8243; text_font_size=&#8221;15px&#8221; text_line_height=&#8221;1.5em&#8221; header_font_size=&#8221;24px&#8221; header_2_font=&#8221;Siri Expressen|||on|||||&#8221; header_2_text_color=&#8221;#222222&#8243; header_2_font_size=&#8221;22px&#8221; background_color=&#8221;RGBA(0,0,0,0)&#8221; custom_margin=&#8221;0px||||false|false&#8221; custom_margin_tablet=&#8221;0px||||false|false&#8221; custom_margin_phone=&#8221;0px||||false|false&#8221; custom_margin_last_edited=&#8221;on|tablet&#8221; custom_padding=&#8221;15px|15px|15px|15px|false|true&#8221; custom_padding_tablet=&#8221;25px|25px|25px|25px|true|true&#8221; custom_padding_phone=&#8221;25px|25px|25px|25px|true|true&#8221; custom_padding_last_edited=&#8221;on|desktop&#8221; animation_style=&#8221;fade&#8221; text_font_size_tablet=&#8221;16px&#8221; text_font_size_phone=&#8221;16px&#8221; text_font_size_last_edited=&#8221;on|phone&#8221; header_2_font_size_phone=&#8221;23px&#8221; header_2_font_size_last_edited=&#8221;off|desktop&#8221; border_width_all=&#8221;1px&#8221; border_color_all=&#8221;#EBEBEB&#8221; locked=&#8221;off&#8221; global_colors_info=&#8221;{}&#8221; theme_builder_area=&#8221;post_content&#8221;]<\/p>\n<h3>Maja Ullberg<\/h3>\n<p><strong>\u00c5lder:<\/strong> 40 \u00e5r<br \/><strong>Familj:<\/strong> Maken Thomas. Barnen Elliott 8 \u00e5r och Alfred 19 m\u00e5nader.<\/p>\n<p>[\/et_pb_text][\/et_pb_column][\/et_pb_row][\/et_pb_section][et_pb_section fb_built=&#8221;1&#8243; _builder_version=&#8221;4.22.1&#8243; _module_preset=&#8221;default&#8221; background_color=&#8221;rgba(0,0,0,0.6)&#8221; background_image=&#8221;https:\/\/kampanj.expressen.se\/hjart-lungfonden\/wp-content\/uploads\/2023\/09\/pregnant-woman-2.jpg&#8221; background_blend=&#8221;darken&#8221; width_last_edited=&#8221;off|desktop&#8221; height=&#8221;600px&#8221; height_tablet=&#8221;500px&#8221; height_phone=&#8221;320px&#8221; height_last_edited=&#8221;on|phone&#8221; background_last_edited=&#8221;on|phone&#8221; parallax_tablet=&#8221;off&#8221; locked=&#8221;off&#8221; global_colors_info=&#8221;{}&#8221; theme_builder_area=&#8221;post_content&#8221;][et_pb_row custom_padding_last_edited=&#8221;off|desktop&#8221; module_class=&#8221;et-readmore-toggle&#8221; _builder_version=&#8221;4.22.1&#8243; _module_preset=&#8221;default&#8221; background_color=&#8221;RGBA(0,0,0,0)&#8221; positioning=&#8221;absolute&#8221; position_origin_a=&#8221;center_center&#8221; position_origin_r=&#8221;top_right&#8221; vertical_offset=&#8221;278px&#8221; vertical_offset_tablet=&#8221;40px&#8221; vertical_offset_phone=&#8221;0px&#8221; vertical_offset_last_edited=&#8221;off|desktop&#8221; horizontal_offset_tablet=&#8221;40px&#8221; horizontal_offset_phone=&#8221;0px&#8221; horizontal_offset_last_edited=&#8221;on|desktop&#8221; position_origin_a_tablet=&#8221;&#8221; position_origin_a_phone=&#8221;center_center&#8221; position_origin_a_last_edited=&#8221;on|phone&#8221; position_origin_f_tablet=&#8221;&#8221; position_origin_f_phone=&#8221;&#8221; position_origin_f_last_edited=&#8221;on|tablet&#8221; position_origin_r_tablet=&#8221;bottom_right&#8221; position_origin_r_phone=&#8221;&#8221; position_origin_r_last_edited=&#8221;on|tablet&#8221; width=&#8221;700px&#8221; width_tablet=&#8221;80%&#8221; width_phone=&#8221;90%&#8221; width_last_edited=&#8221;on|phone&#8221; max_width_tablet=&#8221;450px&#8221; max_width_phone=&#8221;100%&#8221; max_width_last_edited=&#8221;off|desktop&#8221; custom_padding=&#8221;||||false|false&#8221; custom_padding_phone=&#8221;40px|20px|40px|20px|true|false&#8221; animation_style=&#8221;fade&#8221; positioning_tablet=&#8221;&#8221; positioning_phone=&#8221;&#8221; positioning_last_edited=&#8221;on|phone&#8221; custom_css_main_element=&#8221;position: absolute;||z-index: 1000;&#8221; global_colors_info=&#8221;{}&#8221; theme_builder_area=&#8221;post_content&#8221;][et_pb_column type=&#8221;4_4&#8243; _builder_version=&#8221;4.18.0&#8243; _module_preset=&#8221;default&#8221; global_colors_info=&#8221;{}&#8221; theme_builder_area=&#8221;post_content&#8221;][et_pb_text module_class=&#8221;citat&#8221; _builder_version=&#8221;4.22.1&#8243; _module_preset=&#8221;default&#8221; text_font=&#8221;||||||||&#8221; text_text_color=&#8221;#ffffff&#8221; text_font_size=&#8221;55px&#8221; header_font_size=&#8221;48px&#8221; header_2_font=&#8221;Siri Expressen||||||||&#8221; header_2_text_color=&#8221;#FFFFFF&#8221; header_2_font_size=&#8221;60px&#8221; header_3_font=&#8221;||||||||&#8221; header_3_text_align=&#8221;left&#8221; header_3_text_color=&#8221;#FFFFFF&#8221; header_3_font_size=&#8221;40px&#8221; header_3_line_height=&#8221;1.2em&#8221; header_4_text_color=&#8221;#FFFFFF&#8221; header_4_font_size=&#8221;45px&#8221; text_orientation=&#8221;center&#8221; custom_padding=&#8221;|1px|0px|||&#8221; text_font_size_tablet=&#8221;40px&#8221; text_font_size_phone=&#8221;30px&#8221; text_font_size_last_edited=&#8221;on|phone&#8221; header_2_font_size_tablet=&#8221;50px&#8221; header_2_font_size_phone=&#8221;36px&#8221; header_2_font_size_last_edited=&#8221;on|phone&#8221; header_3_text_align_tablet=&#8221;left&#8221; header_3_text_align_phone=&#8221;center&#8221; header_3_text_align_last_edited=&#8221;on|phone&#8221; header_3_font_size_tablet=&#8221;42px&#8221; header_3_font_size_phone=&#8221;27px&#8221; header_3_font_size_last_edited=&#8221;on|tablet&#8221; header_4_font_size_tablet=&#8221;40px&#8221; header_4_font_size_phone=&#8221;26px&#8221; header_4_font_size_last_edited=&#8221;on|phone&#8221; text_orientation_tablet=&#8221;left&#8221; text_orientation_phone=&#8221;center&#8221; text_orientation_last_edited=&#8221;off|desktop&#8221; text_text_shadow_style=&#8221;preset5&#8243; text_text_shadow_horizontal_length=&#8221;0.04em&#8221; text_text_shadow_vertical_length=&#8221;0.04em&#8221; header_3_text_shadow_style=&#8221;preset3&#8243; header_3_text_shadow_blur_strength=&#8221;0.53em&#8221; header_3_text_shadow_color=&#8221;rgba(0,0,0,0.3)&#8221; header_3_text_shadow_blur_strength_tablet=&#8221;0.46em&#8221; header_3_text_shadow_blur_strength_phone=&#8221;&#8221; header_3_text_shadow_blur_strength_last_edited=&#8221;on|tablet&#8221; header_3_text_shadow_color_tablet=&#8221;rgba(0,0,0,0.4)&#8221; header_3_text_shadow_color_phone=&#8221;&#8221; header_3_text_shadow_color_last_edited=&#8221;on|phone&#8221; inline_fonts=&#8221;Siri Expressen&#8221; global_colors_info=&#8221;{}&#8221; theme_builder_area=&#8221;post_content&#8221;]<\/p>\n<h4>\u201dN\u00e4r jag var d\u00e4r tjatade jag fortfarande om att jag inte k\u00e4nde bebisen och d\u00e5 gav han mig en j\u00e4tteh\u00e5rd spark. Det \u00e4r en spark jag kan \u00e5teruppleva \u00e4n i dag. D\u00e5 visste jag att han m\u00e5dde bra.\u201d<\/h4>\n<p>[\/et_pb_text][\/et_pb_column][\/et_pb_row][\/et_pb_section][et_pb_section fb_built=&#8221;1&#8243; fullwidth=&#8221;on&#8221; admin_label=&#8221;Kollagebild&#8221; _builder_version=&#8221;4.19.2&#8243; _module_preset=&#8221;default&#8221; background_enable_image=&#8221;off&#8221; locked=&#8221;off&#8221; global_colors_info=&#8221;{}&#8221; theme_builder_area=&#8221;post_content&#8221;][et_pb_fullwidth_image title_text=&#8221;maja-2&#8243; _builder_version=&#8221;4.22.1&#8243; _module_preset=&#8221;default&#8221; background_image=&#8221;https:\/\/kampanj.expressen.se\/hjart-lungfonden\/wp-content\/uploads\/2023\/09\/maja-2.jpg&#8221; parallax=&#8221;on&#8221; parallax_method=&#8221;off&#8221; height=&#8221;600px&#8221; height_tablet=&#8221;500px&#8221; height_phone=&#8221;300px&#8221; height_last_edited=&#8221;on|phone&#8221; background_last_edited=&#8221;on|phone&#8221; background_image_tablet=&#8221;https:\/\/kampanj.expressen.se\/hjart-lungfonden\/wp-content\/uploads\/2023\/09\/maja-2.jpg&#8221; background_enable_image_tablet=&#8221;on&#8221; parallax_tablet=&#8221;off&#8221; global_colors_info=&#8221;{}&#8221; theme_builder_area=&#8221;post_content&#8221;][\/et_pb_fullwidth_image][\/et_pb_section][et_pb_section fb_built=&#8221;1&#8243; custom_padding_last_edited=&#8221;on|phone&#8221; admin_label=&#8221;Artikel\/text 1&#8243; _builder_version=&#8221;4.22.1&#8243; _module_preset=&#8221;default&#8221; background_color=&#8221;#FFFFFF&#8221; custom_padding=&#8221;40px|0px|40px||true|false&#8221; custom_padding_tablet=&#8221;40px||40px||true|false&#8221; custom_padding_phone=&#8221;35px||40px||false|false&#8221; collapsed=&#8221;off&#8221; global_colors_info=&#8221;{}&#8221; theme_builder_area=&#8221;post_content&#8221;][et_pb_row use_custom_gutter=&#8221;on&#8221; gutter_width=&#8221;2&#8243; custom_padding_last_edited=&#8221;off|phone&#8221; _builder_version=&#8221;4.22.1&#8243; _module_preset=&#8221;default&#8221; background_enable_color=&#8221;off&#8221; width_tablet=&#8221;80%&#8221; width_phone=&#8221;90%&#8221; width_last_edited=&#8221;on|desktop&#8221; max_width=&#8221;640px&#8221; max_width_last_edited=&#8221;off|desktop&#8221; module_alignment=&#8221;center&#8221; custom_padding=&#8221;0px||0px||false|false&#8221; custom_padding_tablet=&#8221;24px|60px|0px|60px|false|true&#8221; custom_padding_phone=&#8221;|0px||0px|false|true&#8221; global_colors_info=&#8221;{}&#8221; theme_builder_area=&#8221;post_content&#8221;][et_pb_column type=&#8221;4_4&#8243; _builder_version=&#8221;4.16&#8243; _module_preset=&#8221;default&#8221; global_colors_info=&#8221;{}&#8221; theme_builder_area=&#8221;post_content&#8221;][et_pb_text _builder_version=&#8221;4.22.1&#8243; _module_preset=&#8221;default&#8221; text_font=&#8221;Arial||||||||&#8221; text_text_color=&#8221;#212121&#8243; text_font_size=&#8221;18px&#8221; text_line_height=&#8221;1.5em&#8221; link_font=&#8221;Arial|300|||||||&#8221; link_text_color=&#8221;#0876b5&#8243; header_font_size=&#8221;24px&#8221; header_2_font=&#8221;||||||||&#8221; header_2_text_color=&#8221;#222222&#8243; header_2_font_size=&#8221;24px&#8221; module_alignment=&#8221;center&#8221; custom_margin=&#8221;||0px||false|false&#8221; custom_padding=&#8221;||0px||false|false&#8221; header_2_font_size_tablet=&#8221;&#8221; header_2_font_size_phone=&#8221;23px&#8221; header_2_font_size_last_edited=&#8221;on|phone&#8221; global_colors_info=&#8221;{}&#8221; theme_builder_area=&#8221;post_content&#8221;]<\/p>\n<h2>Sm\u00e4llde till i tinningen<\/h2>\n<p>Det var en fredagskv\u00e4ll det h\u00e4nde. Maja och Thomas \u00e5t middag, fl\u00e4skfil\u00e9 med senapss\u00e5s, n\u00e4r hon k\u00e4nde att hela rummet b\u00f6rjade snurra. Det sm\u00e4llde till i tinningen, f\u00f6ljt av k\u00e4nslan av att det gick en varm v\u00e5g l\u00e4ngs bakhuvudet.<\/p>\n<p>\u2013 I samma sekund slutade jag k\u00e4nna mitt ben. Jag f\u00f6rs\u00f6kte lyfta p\u00e5 det och \u00e4ndra position, men det h\u00e4nde ingenting. D\u00e5 br\u00f6t jag ihop, b\u00f6rjade grina och det enda jag fick fram var \u201dmitt ben, mitt ben\u201d, ber\u00e4ttar Maja Ullberg och forts\u00e4tter:<\/p>\n<p>\u2013 Sedan b\u00f6rjade det sticka i min v\u00e4nstra arm. Jag gr\u00e4t f\u00f6r att jag k\u00e4nde att det var n\u00e5got som inte st\u00e4mde. Det l\u00e5g en servett framf\u00f6r mig. Jag t\u00e4nkte att jag skulle ta den f\u00f6r att jag beh\u00f6vde torka mina t\u00e5rar, men jag kunde inte.<\/p>\n<p>[\/et_pb_text][et_pb_image src=&#8221;https:\/\/kampanj.expressen.se\/hjart-lungfonden\/wp-content\/uploads\/2023\/09\/maja-4.jpg&#8221; title_text=&#8221;maja-4&#8243; _builder_version=&#8221;4.22.1&#8243; _module_preset=&#8221;default&#8221; module_alignment=&#8221;center&#8221; custom_margin=&#8221;30px||30px||true|false&#8221; animation_style=&#8221;fade&#8221; global_colors_info=&#8221;{}&#8221; theme_builder_area=&#8221;post_content&#8221;][\/et_pb_image][et_pb_text _builder_version=&#8221;4.22.1&#8243; _module_preset=&#8221;default&#8221; text_font=&#8221;Arial||||||||&#8221; text_text_color=&#8221;#212121&#8243; text_font_size=&#8221;18px&#8221; text_line_height=&#8221;1.5em&#8221; link_font=&#8221;Arial|300|||||||&#8221; link_text_color=&#8221;#0876b5&#8243; header_font_size=&#8221;24px&#8221; header_2_font=&#8221;||||||||&#8221; header_2_text_color=&#8221;#222222&#8243; header_2_font_size=&#8221;24px&#8221; module_alignment=&#8221;center&#8221; custom_margin=&#8221;||25px||false|false&#8221; custom_padding=&#8221;||||false|false&#8221; header_2_font_size_tablet=&#8221;&#8221; header_2_font_size_phone=&#8221;23px&#8221; header_2_font_size_last_edited=&#8221;on|phone&#8221; global_colors_info=&#8221;{}&#8221; theme_builder_area=&#8221;post_content&#8221;]<\/p>\n<h2>V\u00e4nstra sidan f\u00f6rlamad<\/h2>\n<p>N\u00e4r de har f\u00e5tt kontakt med larmoperat\u00f6ren fick Maja luren och svarade p\u00e5 fr\u00e5gor som skulle visa hur medveten hon var. Medan hon pratar i telefonen ramlar hon av stolen. Hela hennes v\u00e4nstra sida har blivit f\u00f6rlamad. Strax efter\u00e5t kommer ambulansen.<\/p>\n<p>\u2013 Det enda jag blev r\u00e4dd f\u00f6r var att jag inte l\u00e4ngre k\u00e4nde bebisen i magen. Jag b\u00f6rjade t\u00e4nka p\u00e5 att jag inte mindes n\u00e4r jag hade k\u00e4nt honom sparka senast. Jag brydde mig inte om ifall jag sj\u00e4lv skulle \u00f6verleva, min enda oro handlade om bebisen, s\u00e4ger Maja.<\/p>\n<p>En kvinnlig l\u00e4kare sa att deras fokus var att jag skulle \u00f6verleva eftersom att om inte jag gjorde det skulle inte bebisen heller g\u00f6ra det. Men n\u00e4r hon skulle in i r\u00f6ntgenapparaten h\u00e4nde n\u00e5got som gjorde att hon kunde fokusera p\u00e5 sig sj\u00e4lv.<\/p>\n<p>\u2013 N\u00e4r jag var d\u00e4r tjatade jag fortfarande om att jag inte k\u00e4nde bebisen och d\u00e5 gav han mig en j\u00e4tteh\u00e5rd spark. Det \u00e4r en spark jag kan \u00e5teruppleva \u00e4n i dag. D\u00e5 visste jag att han m\u00e5dde bra.<\/p>\n<p>[\/et_pb_text][et_pb_text _builder_version=&#8221;4.23.1&#8243; _module_preset=&#8221;default&#8221; text_font=&#8221;Arial||||||||&#8221; text_text_color=&#8221;#212121&#8243; text_font_size=&#8221;18px&#8221; text_line_height=&#8221;1.5em&#8221; link_font=&#8221;Arial|300|||||||&#8221; link_text_color=&#8221;#0876b5&#8243; header_font_size=&#8221;24px&#8221; header_2_font=&#8221;||||||||&#8221; header_2_text_color=&#8221;#222222&#8243; header_2_font_size=&#8221;24px&#8221; header_3_font=&#8221;|||on|||||&#8221; header_3_text_color=&#8221;#141414&#8243; module_alignment=&#8221;center&#8221; custom_margin=&#8221;||0px||false|false&#8221; custom_padding=&#8221;20px|20px|20px|20px|true|true&#8221; header_2_font_size_tablet=&#8221;&#8221; header_2_font_size_phone=&#8221;23px&#8221; header_2_font_size_last_edited=&#8221;on|phone&#8221; border_width_all=&#8221;1px&#8221; border_color_all=&#8221;#EBEBEB&#8221; global_module=&#8221;2273&#8243; global_colors_info=&#8221;{}&#8221; theme_builder_area=&#8221;post_content&#8221;]<\/p>\n<h3>Fakta: SCAPIS<\/h3>\n<p>SCAPIS \u00e4r v\u00e4rldens st\u00f6rsta studie av sitt slag inom hj\u00e4rta, k\u00e4rl och lungor. M\u00e5let \u00e4r att p\u00e5 sikt kunna hitta och stoppa sjukdomar som hj\u00e4rtinfarkt och stroke innan de kommer. SCAPIS leds och drivs av sex universitet och universitetssjukhus i Sverige med Hj\u00e4rt-Lungfonden som huvudfinansi\u00e4r.<\/p>\n<p>[\/et_pb_text][\/et_pb_column][\/et_pb_row][\/et_pb_section][et_pb_section fb_built=&#8221;1&#8243; fullwidth=&#8221;on&#8221; admin_label=&#8221;Kollagebild&#8221; _builder_version=&#8221;4.19.2&#8243; _module_preset=&#8221;default&#8221; background_enable_image=&#8221;off&#8221; locked=&#8221;off&#8221; global_colors_info=&#8221;{}&#8221; theme_builder_area=&#8221;post_content&#8221;][et_pb_fullwidth_image title_text=&#8221;maja-3&#8243; _builder_version=&#8221;4.22.1&#8243; _module_preset=&#8221;default&#8221; background_image=&#8221;https:\/\/kampanj.expressen.se\/hjart-lungfonden\/wp-content\/uploads\/2023\/09\/maja-3.jpg&#8221; parallax=&#8221;on&#8221; parallax_method=&#8221;off&#8221; height=&#8221;600px&#8221; height_tablet=&#8221;500px&#8221; height_phone=&#8221;300px&#8221; height_last_edited=&#8221;on|phone&#8221; background_last_edited=&#8221;on|tablet&#8221; background_image_tablet=&#8221;https:\/\/kampanj.expressen.se\/hjart-lungfonden\/wp-content\/uploads\/2023\/09\/maja-3.jpg&#8221; background_enable_image_tablet=&#8221;on&#8221; parallax_tablet=&#8221;off&#8221; global_colors_info=&#8221;{}&#8221; theme_builder_area=&#8221;post_content&#8221;][\/et_pb_fullwidth_image][\/et_pb_section][et_pb_section fb_built=&#8221;1&#8243; custom_padding_last_edited=&#8221;on|phone&#8221; admin_label=&#8221;Artikel\/text 1&#8243; _builder_version=&#8221;4.19.2&#8243; _module_preset=&#8221;default&#8221; background_color=&#8221;#FFFFFF&#8221; custom_padding=&#8221;40px|0px|40px||true|false&#8221; custom_padding_tablet=&#8221;40px||40px||true|false&#8221; custom_padding_phone=&#8221;35px||40px||false|false&#8221; collapsed=&#8221;off&#8221; global_colors_info=&#8221;{}&#8221; theme_builder_area=&#8221;post_content&#8221;][et_pb_row use_custom_gutter=&#8221;on&#8221; gutter_width=&#8221;2&#8243; custom_padding_last_edited=&#8221;off|phone&#8221; _builder_version=&#8221;4.22.1&#8243; _module_preset=&#8221;default&#8221; background_enable_color=&#8221;off&#8221; width_tablet=&#8221;80%&#8221; width_phone=&#8221;90%&#8221; width_last_edited=&#8221;on|desktop&#8221; max_width=&#8221;640px&#8221; max_width_last_edited=&#8221;off|desktop&#8221; module_alignment=&#8221;center&#8221; custom_padding=&#8221;0px||0px||false|false&#8221; custom_padding_tablet=&#8221;24px|60px|0px|60px|false|true&#8221; custom_padding_phone=&#8221;|0px||0px|false|true&#8221; global_colors_info=&#8221;{}&#8221; theme_builder_area=&#8221;post_content&#8221;][et_pb_column type=&#8221;4_4&#8243; _builder_version=&#8221;4.16&#8243; _module_preset=&#8221;default&#8221; global_colors_info=&#8221;{}&#8221; theme_builder_area=&#8221;post_content&#8221;][et_pb_text _builder_version=&#8221;4.22.1&#8243; _module_preset=&#8221;default&#8221; text_font=&#8221;Arial||||||||&#8221; text_text_color=&#8221;#212121&#8243; text_font_size=&#8221;18px&#8221; text_line_height=&#8221;1.5em&#8221; link_font=&#8221;Arial|300|||||||&#8221; link_text_color=&#8221;#0876b5&#8243; header_font_size=&#8221;24px&#8221; header_2_font=&#8221;||||||||&#8221; header_2_text_color=&#8221;#222222&#8243; header_2_font_size=&#8221;24px&#8221; module_alignment=&#8221;center&#8221; custom_margin=&#8221;||0px||false|false&#8221; custom_padding=&#8221;||0px||false|false&#8221; header_2_font_size_tablet=&#8221;&#8221; header_2_font_size_phone=&#8221;23px&#8221; header_2_font_size_last_edited=&#8221;on|phone&#8221; global_colors_info=&#8221;{}&#8221; theme_builder_area=&#8221;post_content&#8221;]<\/p>\n<h2>T\u00e4vlade med bebisen<\/h2>\n<p>R\u00f6ntgenunders\u00f6kningen visade att Maja hade drabbats av en stroke. Fem veckor efter att Maja insjuknat f\u00f6ddes bebisen med ett kejsarsnitt. Han fick namnet Elliott, och bidrog med att hon fick tydliga m\u00e5lbilder att str\u00e4va mot med sin tr\u00e4ning.<\/p>\n<p>\u2013 N\u00e4r jag kunde skrivas ut fr\u00e5n IVA var mitt fokus att kunna r\u00f6ra min arm innan Elliott skulle f\u00f6das, s\u00e5 att jag kunde h\u00e5lla och b\u00e4ra honom och jag blev n\u00e4stan helt bra i armen innan han kom.<\/p>\n<p>\u2013 Jag satt fortfarande i rullstol n\u00e4r vi kom hem, s\u00e5 mitt n\u00e4sta m\u00e5l var att jag skulle l\u00e4ra mig g\u00e5 innan Elliott gjorde det. Vi hade en liten t\u00e4vling d\u00e4r, han och jag. Jag vann.<\/p>\n<p>[\/et_pb_text][et_pb_image src=&#8221;https:\/\/kampanj.expressen.se\/hjart-lungfonden\/wp-content\/uploads\/2023\/09\/maja-5.jpg&#8221; title_text=&#8221;maja-5&#8243; align=&#8221;center&#8221; _builder_version=&#8221;4.22.1&#8243; _module_preset=&#8221;default&#8221; custom_margin=&#8221;30px||30px||true|false&#8221; animation_style=&#8221;fade&#8221; global_colors_info=&#8221;{}&#8221; theme_builder_area=&#8221;post_content&#8221;][\/et_pb_image][et_pb_text _builder_version=&#8221;4.22.1&#8243; _module_preset=&#8221;default&#8221; text_font=&#8221;Arial||||||||&#8221; text_text_color=&#8221;#212121&#8243; text_font_size=&#8221;18px&#8221; text_line_height=&#8221;1.5em&#8221; link_font=&#8221;Arial|300|||||||&#8221; link_text_color=&#8221;#0876b5&#8243; header_font_size=&#8221;24px&#8221; header_2_font=&#8221;di-benton-bold||||||||&#8221; header_2_text_color=&#8221;#222222&#8243; header_2_font_size=&#8221;24px&#8221; module_alignment=&#8221;center&#8221; custom_margin=&#8221;||||false|false&#8221; custom_padding=&#8221;||||false|false&#8221; header_2_font_size_tablet=&#8221;&#8221; header_2_font_size_phone=&#8221;23px&#8221; header_2_font_size_last_edited=&#8221;on|phone&#8221; global_colors_info=&#8221;{}&#8221; theme_builder_area=&#8221;post_content&#8221;]<\/p>\n<p>Maja och Thomas har alltid dr\u00f6mt om en stor familj med m\u00e5nga barn. Nu blev det en kamp mot klockan om de ville att Elliott ska f\u00e5 ett syskon. Att bli gravid igen var alldeles f\u00f6r riskabelt f\u00f6r Maja. Det kr\u00e4vdes flera operationer och mellan vissa beh\u00f6vde Maja v\u00e4nta tre \u00e5r innan de kunde g\u00f6ra n\u00e4sta. N\u00e4r de v\u00e4l fick klartecken blev Maja gravid n\u00e4stan p\u00e5 direkten.<\/p>\n<p>\u2013 Med honom har det varit ett fokus p\u00e5 att f\u00e5 en revansch \u2013 n\u00e4r det g\u00e4ller graviditet, f\u00f6rlossning och den f\u00f6rsta tiden hemma. Ganska snabbt b\u00f6rjade jag t\u00e4nka p\u00e5 hur det skulle bli ifall det h\u00e4nde igen. D\u00e5 skulle jag ju l\u00e4mna Elliott. Jag vaknade ganska ofta p\u00e5 n\u00e4tterna av att jag var ledsen eller r\u00e4dd.<\/p>\n<p>[\/et_pb_text][\/et_pb_column][\/et_pb_row][\/et_pb_section][et_pb_section fb_built=&#8221;1&#8243; fullwidth=&#8221;on&#8221; admin_label=&#8221;Kollagebild&#8221; _builder_version=&#8221;4.19.2&#8243; _module_preset=&#8221;default&#8221; background_enable_image=&#8221;off&#8221; locked=&#8221;off&#8221; global_colors_info=&#8221;{}&#8221; theme_builder_area=&#8221;post_content&#8221;][et_pb_fullwidth_image title_text=&#8221;maja-7&#8243; _builder_version=&#8221;4.22.1&#8243; _module_preset=&#8221;default&#8221; background_image=&#8221;https:\/\/kampanj.expressen.se\/hjart-lungfonden\/wp-content\/uploads\/2023\/09\/maja-7.jpg&#8221; parallax=&#8221;on&#8221; parallax_method=&#8221;off&#8221; height=&#8221;600px&#8221; height_tablet=&#8221;500px&#8221; height_phone=&#8221;300px&#8221; height_last_edited=&#8221;on|phone&#8221; background_last_edited=&#8221;on|phone&#8221; background_image_tablet=&#8221;https:\/\/kampanj.expressen.se\/hjart-lungfonden\/wp-content\/uploads\/2023\/09\/maja-7.jpg&#8221; background_enable_image_tablet=&#8221;on&#8221; parallax_tablet=&#8221;off&#8221; global_colors_info=&#8221;{}&#8221; theme_builder_area=&#8221;post_content&#8221;][\/et_pb_fullwidth_image][\/et_pb_section][et_pb_section fb_built=&#8221;1&#8243; custom_padding_last_edited=&#8221;on|phone&#8221; admin_label=&#8221;Artikel\/text 1&#8243; _builder_version=&#8221;4.19.2&#8243; _module_preset=&#8221;default&#8221; background_color=&#8221;#FFFFFF&#8221; custom_padding=&#8221;40px|0px|40px||true|false&#8221; custom_padding_tablet=&#8221;40px||40px||true|false&#8221; custom_padding_phone=&#8221;35px||40px||false|false&#8221; collapsed=&#8221;off&#8221; global_colors_info=&#8221;{}&#8221; theme_builder_area=&#8221;post_content&#8221;][et_pb_row use_custom_gutter=&#8221;on&#8221; gutter_width=&#8221;2&#8243; custom_padding_last_edited=&#8221;off|phone&#8221; _builder_version=&#8221;4.22.1&#8243; _module_preset=&#8221;default&#8221; background_enable_color=&#8221;off&#8221; width_tablet=&#8221;80%&#8221; width_phone=&#8221;90%&#8221; width_last_edited=&#8221;on|desktop&#8221; max_width=&#8221;640px&#8221; max_width_last_edited=&#8221;off|desktop&#8221; module_alignment=&#8221;center&#8221; custom_padding=&#8221;0px||0px||false|false&#8221; custom_padding_tablet=&#8221;24px|60px|0px|60px|false|true&#8221; custom_padding_phone=&#8221;|0px||0px|false|true&#8221; global_colors_info=&#8221;{}&#8221; theme_builder_area=&#8221;post_content&#8221;][et_pb_column type=&#8221;4_4&#8243; _builder_version=&#8221;4.16&#8243; _module_preset=&#8221;default&#8221; global_colors_info=&#8221;{}&#8221; theme_builder_area=&#8221;post_content&#8221;][et_pb_text _builder_version=&#8221;4.22.1&#8243; _module_preset=&#8221;default&#8221; text_font=&#8221;Arial||||||||&#8221; text_text_color=&#8221;#212121&#8243; text_font_size=&#8221;18px&#8221; text_line_height=&#8221;1.5em&#8221; link_font=&#8221;Arial|300|||||||&#8221; link_text_color=&#8221;#0876b5&#8243; header_font_size=&#8221;24px&#8221; header_2_font=&#8221;||||||||&#8221; header_2_text_color=&#8221;#222222&#8243; header_2_font_size=&#8221;24px&#8221; module_alignment=&#8221;center&#8221; custom_margin=&#8221;||0px||false|false&#8221; custom_padding=&#8221;||0px||false|false&#8221; header_2_font_size_tablet=&#8221;&#8221; header_2_font_size_phone=&#8221;23px&#8221; header_2_font_size_last_edited=&#8221;on|phone&#8221; global_colors_info=&#8221;{}&#8221; theme_builder_area=&#8221;post_content&#8221;]<\/p>\n<h2>Ett speciellt kejsarsnitt<\/h2>\n<p>N\u00e4r lillebror Alfred skulle f\u00f6das hade Maja hunnit vidareutbilda sig till barnmorska. Hon hade en tydlig bild av hur hon ville att f\u00f6rlossningen ska g\u00e5 till. Eftersom en vaginal f\u00f6rlossning skulle vara f\u00f6renad med f\u00f6r stora risker f\u00f6rl\u00f6stes barnet med ett planerat kejsarsnitt. Ett snitt d\u00e4r Maja ville vara fullt n\u00e4rvarande.<\/p>\n<p>\u2013 Mig veterligen \u00e4r det ingen annan som har f\u00f6tt s\u00e5 i Sverige. Jag f\u00f6dde honom med ett kejsarsnitt d\u00e4r jag hela tiden tittade ner p\u00e5 magen och fick se honom f\u00f6das. Jag tog emot honom sj\u00e4lv och fick ta upp honom p\u00e5 br\u00f6stet. Han var s\u00e5 varm n\u00e4r han kom upp p\u00e5 mitt br\u00f6st. Den revansch-k\u00e4nslan var sk\u00f6n, ber\u00e4ttar hon.<\/p>\n<p>[\/et_pb_text][et_pb_image src=&#8221;https:\/\/kampanj.expressen.se\/hjart-lungfonden\/wp-content\/uploads\/2023\/09\/maja-6.jpg&#8221; title_text=&#8221;maja-6&#8243; align=&#8221;center&#8221; _builder_version=&#8221;4.22.1&#8243; _module_preset=&#8221;default&#8221; custom_margin=&#8221;30px||30px||true|false&#8221; animation_style=&#8221;fade&#8221; global_colors_info=&#8221;{}&#8221; theme_builder_area=&#8221;post_content&#8221;][\/et_pb_image][et_pb_text _builder_version=&#8221;4.22.1&#8243; _module_preset=&#8221;default&#8221; text_font=&#8221;Arial||||||||&#8221; text_text_color=&#8221;#212121&#8243; text_font_size=&#8221;18px&#8221; text_line_height=&#8221;1.5em&#8221; link_font=&#8221;Arial|300|||||||&#8221; link_text_color=&#8221;#0876b5&#8243; header_font_size=&#8221;24px&#8221; header_2_font=&#8221;||||||||&#8221; header_2_text_color=&#8221;#222222&#8243; header_2_font_size=&#8221;24px&#8221; module_alignment=&#8221;center&#8221; custom_margin=&#8221;||||false|false&#8221; custom_padding=&#8221;||||false|false&#8221; header_2_font_size_tablet=&#8221;&#8221; header_2_font_size_phone=&#8221;23px&#8221; header_2_font_size_last_edited=&#8221;on|phone&#8221; global_colors_info=&#8221;{}&#8221; theme_builder_area=&#8221;post_content&#8221;]<\/p>\n<h2>\u201dForskningen r\u00e4ddade inte bara mitt liv\u201d<\/h2>\n<p>Det \u00e4r tydligt att Maja fortfarande blir ber\u00f6rd n\u00e4r hon pratar om sjukdomstiden. R\u00f6sten tjocknar och t\u00e5rarna kommer vid ett flertal tillf\u00e4llen under v\u00e5rt samtal. I tr\u00e4dg\u00e5rden leker Alfred som i dag \u00e4r 19 m\u00e5nader gammal och precis har b\u00f6rjat p\u00e5 f\u00f6rskolan. P\u00e5 kylen i radhuset utanf\u00f6r Stockholm sitter bilder p\u00e5 Elliott i hockeyutrustning. Han \u00e4r hemma hos en kompis och leker efter skolan.<\/p>\n<p>\u2013 N\u00e4r det \u00e4r som tyngst f\u00e5r jag landa i att det blev s\u00e5 bra det kunde bli, \u00e4nd\u00e5, s\u00e4ger Maja, som g\u00e4rna ber\u00e4ttar om det dramatiska som h\u00e4nt henne i hopp om att p\u00e5 s\u00e5 s\u00e4tt f\u00e5 m\u00e4nniskor att sk\u00e4nka pengar som m\u00f6jligg\u00f6r fortsatt forskning p\u00e5 omr\u00e5det.<\/p>\n<p>\u2013 I mitt fall r\u00e4ddade forskningen inte bara ett liv \u2013 den r\u00e4ddade faktiskt tv\u00e5. Om inte forskningen hade kommit s\u00e5 l\u00e5ngt som den har kommit s\u00e5 kanske inte jag hade suttit h\u00e4r idag. \u00c4ven om jag bara kan bidra med att det blir tio kronor extra till forskningen s\u00e5 kanske det hj\u00e4lper n\u00e5gon.<\/p>\n<p>[\/et_pb_text][et_pb_image src=&#8221;https:\/\/kampanj.expressen.se\/hjart-lungfonden\/wp-content\/uploads\/2023\/09\/640-stars.png&#8221; title_text=&#8221;640-stars&#8221; align=&#8221;center&#8221; _builder_version=&#8221;4.22.1&#8243; _module_preset=&#8221;default&#8221; custom_margin=&#8221;30px||30px||true|false&#8221; global_colors_info=&#8221;{}&#8221; theme_builder_area=&#8221;post_content&#8221;][\/et_pb_image][et_pb_text _builder_version=&#8221;4.22.1&#8243; _module_preset=&#8221;default&#8221; text_font=&#8221;Arial||||||||&#8221; text_text_color=&#8221;#212121&#8243; text_font_size=&#8221;18px&#8221; text_line_height=&#8221;1.5em&#8221; link_font=&#8221;Arial|300|||||||&#8221; link_text_color=&#8221;#0876b5&#8243; header_font_size=&#8221;24px&#8221; header_2_font=&#8221;di-benton-bold||||||||&#8221; header_2_text_color=&#8221;#222222&#8243; header_2_font_size=&#8221;24px&#8221; module_alignment=&#8221;center&#8221; custom_margin=&#8221;||||false|false&#8221; custom_padding=&#8221;||||false|false&#8221; header_2_font_size_tablet=&#8221;&#8221; header_2_font_size_phone=&#8221;23px&#8221; header_2_font_size_last_edited=&#8221;on|phone&#8221; border_color_all=&#8221;#EBEBEB&#8221; global_colors_info=&#8221;{}&#8221; theme_builder_area=&#8221;post_content&#8221;]<\/p>\n<p>Elliott f\u00f6rl\u00f6stes med kejsarsnitt. F\u00f6rlossningsl\u00e4karen hette Lennart.<\/p>\n<p>\u2013 Han tog bara v\u00e4ldigt speciella fall. Det \u00e4r bland annat han som har f\u00f6rl\u00f6st prinsessan Victoria. I operationssalen var de lite uppspelta \u00f6ver att det var han som skulle g\u00f6ra det. Det var en lite h\u00e4rlig st\u00e4mning. Han ber\u00e4ttade att han kallar kejsarsnittet f\u00f6r soluppg\u00e5ngen, att han plockar ut barnet i soluppg\u00e5ngen.<\/p>\n<p>[\/et_pb_text][\/et_pb_column][\/et_pb_row][\/et_pb_section][et_pb_section fb_built=&#8221;1&#8243; admin_label=&#8221;ANNONS 2: Brandad&#8221; _builder_version=&#8221;4.24.2&#8243; _module_preset=&#8221;default&#8221; z_index=&#8221;999999&#8243; custom_margin=&#8221;0px||0px||true|false&#8221; custom_padding=&#8221;0px||0px||true|false&#8221; border_width_top=&#8221;1px&#8221; border_color_top=&#8221;#EBEBEB&#8221; global_module=&#8221;2277&#8243; saved_tabs=&#8221;all&#8221; locked=&#8221;off&#8221; global_colors_info=&#8221;{}&#8221; theme_builder_area=&#8221;post_content&#8221;][et_pb_row column_structure=&#8221;1_2,1_2&#8243; use_custom_gutter=&#8221;on&#8221; gutter_width=&#8221;2&#8243; _builder_version=&#8221;4.22.1&#8243; _module_preset=&#8221;default&#8221; width=&#8221;100%&#8221; max_width=&#8221;100%&#8221; custom_padding=&#8221;0px||0px||true|false&#8221; global_colors_info=&#8221;{}&#8221; theme_builder_area=&#8221;post_content&#8221;][et_pb_column type=&#8221;1_2&#8243; _builder_version=&#8221;4.22.1&#8243; _module_preset=&#8221;default&#8221; background_enable_color=&#8221;off&#8221; use_background_color_gradient=&#8221;on&#8221; background_color_gradient_stops=&#8221;rgba(255,255,255,0) 16%|rgba(0,0,0,0.34) 100%&#8221; background_image=&#8221;https:\/\/kampanj.expressen.se\/hjart-lungfonden\/wp-content\/uploads\/2023\/09\/hlf-lakare-3.jpg&#8221; background_blend=&#8221;overlay&#8221; custom_css_main_element=&#8221;height:500px;&#8221; global_colors_info=&#8221;{}&#8221; custom_css_main_element_last_edited=&#8221;on|phone&#8221; custom_css_main_element_tablet=&#8221;height:400px;&#8221; custom_css_main_element_phone=&#8221;height:320px;&#8221; theme_builder_area=&#8221;post_content&#8221;][et_pb_text _builder_version=&#8221;4.22.1&#8243; _module_preset=&#8221;default&#8221; text_font=&#8221;Arial|700|||||||&#8221; text_text_color=&#8221;#FFFFFF&#8221; text_font_size=&#8221;50px&#8221; text_line_height=&#8221;1.1em&#8221; header_4_font=&#8221;Arial|700|||||||&#8221; header_4_text_color=&#8221;#FFFFFF&#8221; header_4_font_size=&#8221;46px&#8221; positioning=&#8221;absolute&#8221; position_origin_a=&#8221;center_center&#8221; vertical_offset=&#8221;60px&#8221; vertical_offset_tablet=&#8221;70px&#8221; vertical_offset_phone=&#8221;50px&#8221; vertical_offset_last_edited=&#8221;on|phone&#8221; position_origin_a_tablet=&#8221;bottom_center&#8221; position_origin_a_phone=&#8221;bottom_center&#8221; position_origin_a_last_edited=&#8221;on|phone&#8221; position_origin_f_tablet=&#8221;&#8221; position_origin_f_phone=&#8221;&#8221; position_origin_f_last_edited=&#8221;on|desktop&#8221; position_origin_r_tablet=&#8221;&#8221; position_origin_r_phone=&#8221;&#8221; position_origin_r_last_edited=&#8221;on|desktop&#8221; text_orientation=&#8221;center&#8221; width=&#8221;90%&#8221; width_tablet=&#8221;80%&#8221; width_phone=&#8221;90%&#8221; width_last_edited=&#8221;on|phone&#8221; max_width=&#8221;640px&#8221; text_font_size_tablet=&#8221;50px&#8221; text_font_size_phone=&#8221;30px&#8221; text_font_size_last_edited=&#8221;on|phone&#8221; header_4_font_size_tablet=&#8221;&#8221; header_4_font_size_phone=&#8221;30px&#8221; header_4_font_size_last_edited=&#8221;on|phone&#8221; positioning_tablet=&#8221;absolute&#8221; positioning_phone=&#8221;absolute&#8221; positioning_last_edited=&#8221;on|phone&#8221; text_text_shadow_style=&#8221;preset3&#8243; text_text_shadow_blur_strength=&#8221;0.4em&#8221; text_text_shadow_color=&#8221;rgba(0,0,0,0.25)&#8221; header_4_text_shadow_style=&#8221;preset3&#8243; global_colors_info=&#8221;{}&#8221; theme_builder_area=&#8221;post_content&#8221;]<\/p>\n<h4>Vill du ocks\u00e5 stoppa stroke?<\/h4>\n<p>[\/et_pb_text][et_pb_text _builder_version=&#8221;4.22.1&#8243; _module_preset=&#8221;default&#8221; text_font=&#8221;Arial|700|||||||&#8221; text_text_color=&#8221;#FFFFFF&#8221; text_font_size=&#8221;50px&#8221; text_line_height=&#8221;1.1em&#8221; header_4_font=&#8221;Arial|700|||||||&#8221; header_4_text_color=&#8221;#FFFFFF&#8221; header_4_font_size=&#8221;46px&#8221; positioning=&#8221;absolute&#8221; position_origin_a=&#8221;center_center&#8221; vertical_offset=&#8221;60px&#8221; vertical_offset_tablet=&#8221;70px&#8221; vertical_offset_phone=&#8221;50px&#8221; vertical_offset_last_edited=&#8221;on|phone&#8221; position_origin_a_tablet=&#8221;bottom_center&#8221; position_origin_a_phone=&#8221;bottom_center&#8221; position_origin_a_last_edited=&#8221;on|phone&#8221; position_origin_f_tablet=&#8221;&#8221; position_origin_f_phone=&#8221;&#8221; position_origin_f_last_edited=&#8221;on|desktop&#8221; position_origin_r_tablet=&#8221;&#8221; position_origin_r_phone=&#8221;&#8221; position_origin_r_last_edited=&#8221;on|desktop&#8221; text_orientation=&#8221;center&#8221; width=&#8221;90%&#8221; width_tablet=&#8221;80%&#8221; width_phone=&#8221;90%&#8221; width_last_edited=&#8221;on|phone&#8221; max_width=&#8221;640px&#8221; text_font_size_tablet=&#8221;50px&#8221; text_font_size_phone=&#8221;30px&#8221; text_font_size_last_edited=&#8221;on|phone&#8221; header_4_font_size_tablet=&#8221;&#8221; header_4_font_size_phone=&#8221;30px&#8221; header_4_font_size_last_edited=&#8221;on|phone&#8221; positioning_tablet=&#8221;absolute&#8221; positioning_phone=&#8221;absolute&#8221; positioning_last_edited=&#8221;on|phone&#8221; text_text_shadow_style=&#8221;preset3&#8243; text_text_shadow_blur_strength=&#8221;0.4em&#8221; text_text_shadow_color=&#8221;rgba(0,0,0,0.25)&#8221; header_4_text_shadow_style=&#8221;preset3&#8243; global_colors_info=&#8221;{}&#8221; theme_builder_area=&#8221;post_content&#8221;][\/et_pb_text][et_pb_text _builder_version=&#8221;4.22.1&#8243; _module_preset=&#8221;default&#8221; text_font=&#8221;Arial||||||||&#8221; text_text_color=&#8221;#FFFFFF&#8221; text_font_size=&#8221;16px&#8221; text_line_height=&#8221;1.3em&#8221; positioning=&#8221;absolute&#8221; position_origin_a=&#8221;bottom_left&#8221; vertical_offset=&#8221;20px&#8221; horizontal_offset=&#8221;20px&#8221; width=&#8221;100%&#8221; text_font_size_tablet=&#8221;15px&#8221; text_font_size_phone=&#8221;14px&#8221; text_font_size_last_edited=&#8221;on|phone&#8221; text_text_shadow_style=&#8221;preset3&#8243; text_text_shadow_blur_strength=&#8221;0.5em&#8221; global_colors_info=&#8221;{}&#8221; theme_builder_area=&#8221;post_content&#8221;]<\/p>\n<p>John Pernow<br \/>Professor i Kardiologi, Ordf\u00f6rande<br \/>i Hj\u00e4rt-Lungfondens forskningsr\u00e5d<\/p>\n<p>[\/et_pb_text][\/et_pb_column][et_pb_column type=&#8221;1_2&#8243; _builder_version=&#8221;4.22.1&#8243; _module_preset=&#8221;default&#8221; global_colors_info=&#8221;{}&#8221; theme_builder_area=&#8221;post_content&#8221;][et_pb_text _builder_version=&#8221;4.22.1&#8243; _module_preset=&#8221;default&#8221; text_font=&#8221;Arial||||||||&#8221; text_text_color=&#8221;#212121&#8243; text_font_size=&#8221;32px&#8221; text_line_height=&#8221;1.1em&#8221; header_4_font=&#8221;||||||||&#8221; header_4_text_color=&#8221;#212121&#8243; header_4_font_size=&#8221;21px&#8221; header_4_line_height=&#8221;1.2em&#8221; width_tablet=&#8221;80%&#8221; width_phone=&#8221;90%&#8221; width_last_edited=&#8221;off|desktop&#8221; max_width=&#8221;640px&#8221; module_alignment=&#8221;left&#8221; custom_margin=&#8221;94px|0px|0px|0px|false|false&#8221; custom_margin_tablet=&#8221;10px|0px|10px|0px|false|true&#8221; custom_margin_phone=&#8221;0px|0px|0px|0px|false|true&#8221; custom_margin_last_edited=&#8221;on|phone&#8221; custom_padding=&#8221;|16px||16px|false|true&#8221; text_font_size_tablet=&#8221;32px&#8221; text_font_size_phone=&#8221;24px&#8221; text_font_size_last_edited=&#8221;on|phone&#8221; header_4_font_size_tablet=&#8221;20px&#8221; header_4_font_size_phone=&#8221;18px&#8221; header_4_font_size_last_edited=&#8221;on|phone&#8221; global_colors_info=&#8221;{}&#8221; theme_builder_area=&#8221;post_content&#8221;]<\/p>\n<h4>St\u00f6d i s\u00e5 fall forskningen. Det tar mindre \u00e4n en minut att swisha. 50 kronor \u00e4r en vanlig g\u00e5va men du v\u00e4ljer s\u00e5klart sj\u00e4lv vad du vill bidra med.<\/h4>\n<p>[\/et_pb_text][et_pb_code disabled_on=&#8221;on|off|off&#8221; admin_label=&#8221;Desktop \/ Tablet \/ Module&#8221; _builder_version=&#8221;4.22.1&#8243; _module_preset=&#8221;default&#8221; position_origin_r=&#8221;bottom_left&#8221; custom_margin=&#8221;||0px||false|false&#8221; custom_padding=&#8221;||0px||false|false&#8221; global_colors_info=&#8221;{}&#8221; theme_builder_area=&#8221;post_content&#8221;]<\/p>\n<div class=\"ad-container\">\n<div data-slot-name=\"module\" data-slot-name-number=\"6\" class=\"bam-ad-slot\"><\/div>\n<\/div>\n<p>[\/et_pb_code][et_pb_code disabled_on=&#8221;off|on|on&#8221; admin_label=&#8221;Mobil&#8221; _builder_version=&#8221;4.22.1&#8243; _module_preset=&#8221;default&#8221; module_alignment=&#8221;center&#8221; global_colors_info=&#8221;{}&#8221; theme_builder_area=&#8221;post_content&#8221;]<\/p>\n<div class=\"ad-container\">\n<div data-slot-name=\"mob\" data-slot-name-number=\"8\" class=\"bam-ad-slot\"><\/div>\n<\/div>\n<p>[\/et_pb_code][\/et_pb_column][\/et_pb_row][\/et_pb_section][et_pb_section fb_built=&#8221;1&#8243; disabled_on=&#8221;off|off|off&#8221; _builder_version=&#8221;4.24.0&#8243; _module_preset=&#8221;default&#8221; background_color=&#8221;#FFFFFF&#8221; z_index=&#8221;99999&#8243; custom_margin=&#8221;0px||0px||true|false&#8221; custom_padding=&#8221;0px||0px||true|false&#8221; border_width_top=&#8221;2px&#8221; border_color_top=&#8221;#0076D6&#8243; global_module=&#8221;166&#8243; global_colors_info=&#8221;{}&#8221; theme_builder_area=&#8221;post_content&#8221;][et_pb_row _builder_version=&#8221;4.24.0&#8243; _module_preset=&#8221;default&#8221; background_enable_color=&#8221;off&#8221; width_tablet=&#8221;80%&#8221; width_phone=&#8221;90%&#8221; width_last_edited=&#8221;on|phone&#8221; max_width=&#8221;900px&#8221; module_alignment=&#8221;center&#8221; custom_margin=&#8221;0px||0px||true|false&#8221; custom_padding=&#8221;27px|0px|27px|0px|true|false&#8221; border_width_top=&#8221;0px&#8221; border_color_top=&#8221;#0076D6&#8243; global_colors_info=&#8221;{}&#8221; theme_builder_area=&#8221;post_content&#8221;][et_pb_column type=&#8221;4_4&#8243; _builder_version=&#8221;4.23&#8243; _module_preset=&#8221;default&#8221; global_colors_info=&#8221;{}&#8221; theme_builder_area=&#8221;post_content&#8221;][et_pb_text _builder_version=&#8221;4.24.0&#8243; _module_preset=&#8221;default&#8221; text_font=&#8221;|||on|||||&#8221; text_text_color=&#8221;#FFFFFF&#8221; text_line_height=&#8221;1.3em&#8221; background_color=&#8221;#EB0000&#8243; text_orientation=&#8221;center&#8221; custom_padding=&#8221;4px||2px||false|false&#8221; custom_css_main_element=&#8221;font-family:%22Siri%22, Helvetica, Arial, Lucida, sans-serif;||font-size:16px!important;&#8221; global_colors_info=&#8221;{}&#8221; theme_builder_area=&#8221;post_content&#8221;]<\/p>\n<p>Andra har ocks\u00e5 l\u00e4st<\/p>\n<p>[\/et_pb_text][et_pb_blog fullwidth=&#8221;off&#8221; posts_number=&#8221;100&#8243; include_categories=&#8221;12&#8243; show_author=&#8221;off&#8221; show_date=&#8221;off&#8221; show_categories=&#8221;off&#8221; show_excerpt=&#8221;off&#8221; show_pagination=&#8221;off&#8221; module_class=&#8221;more-articles et_blog_grid_equal_height&#8221; _builder_version=&#8221;4.24.0&#8243; _module_preset=&#8221;default&#8221; header_font=&#8221;||||||||&#8221; header_text_color=&#8221;#000000&#8243; header_font_size=&#8221;21px&#8221; body_font=&#8221;Source Sans Pro||||||||&#8221; read_more_font=&#8221;Arial|||on|||||&#8221; read_more_text_color=&#8221;#141414&#8243; read_more_font_size=&#8221;13px&#8221; custom_margin=&#8221;30px||0px||false|false&#8221; custom_padding=&#8221;0px||0px||false|false&#8221; custom_css_title=&#8221;font-family:%22Siri Expressen%22, Helvetica, Arial, Lucida, sans-serif!important;&#8221; custom_css_featured_image=&#8221;height:160px;&#8221; border_radii=&#8221;off|16px||16px|&#8221; border_width_all=&#8221;0px&#8221; box_shadow_style=&#8221;preset1&#8243; box_shadow_horizontal=&#8221;2px&#8221; box_shadow_blur=&#8221;6px&#8221; box_shadow_spread=&#8221;1px&#8221; box_shadow_color=&#8221;rgba(173,173,173,0.3)&#8221; locked=&#8221;off&#8221; global_colors_info=&#8221;{}&#8221; custom_css_featured_image_last_edited=&#8221;off|phone&#8221; theme_builder_area=&#8221;post_content&#8221;][\/et_pb_blog][\/et_pb_column][\/et_pb_row][\/et_pb_section]<\/p>\n","protected":false},"excerpt":{"rendered":"<p>Maja fick en stroke n\u00e4r hon var gravid i sj\u00e4tte m\u00e5nadenMaja var fullt frisk och gravid i vecka 28.D\u00e5 kom sm\u00e4llen \u2013 en stroke som f\u00f6r\u00e4ndrade allt.\u2013 Forskningen r\u00e4ddade inte bara mitt liv \u2013 den r\u00e4ddade faktiskt tv\u00e5, s\u00e4ger hon.I april 2015 f\u00f6r\u00e4ndrades livet f\u00f6r Maja Ullberg. Ett drygt \u00e5r tidigare hade hon flyttat tillbaka [&hellip;]<\/p>\n","protected":false},"author":1,"featured_media":2015,"comment_status":"closed","ping_status":"open","sticky":false,"template":"","format":"standard","meta":{"_et_pb_use_builder":"on","_et_pb_old_content":"","_et_gb_content_width":"","footnotes":""},"categories":[1],"tags":[],"class_list":["post-84","post","type-post","status-publish","format-standard","has-post-thumbnail","hentry","category-okategoriserade"],"_links":{"self":[{"href":"https:\/\/kampanj.expressen.se\/hjart-lungfonden\/wp-json\/wp\/v2\/posts\/84","targetHints":{"allow":["GET"]}}],"collection":[{"href":"https:\/\/kampanj.expressen.se\/hjart-lungfonden\/wp-json\/wp\/v2\/posts"}],"about":[{"href":"https:\/\/kampanj.expressen.se\/hjart-lungfonden\/wp-json\/wp\/v2\/types\/post"}],"author":[{"embeddable":true,"href":"https:\/\/kampanj.expressen.se\/hjart-lungfonden\/wp-json\/wp\/v2\/users\/1"}],"replies":[{"embeddable":true,"href":"https:\/\/kampanj.expressen.se\/hjart-lungfonden\/wp-json\/wp\/v2\/comments?post=84"}],"version-history":[{"count":91,"href":"https:\/\/kampanj.expressen.se\/hjart-lungfonden\/wp-json\/wp\/v2\/posts\/84\/revisions"}],"predecessor-version":[{"id":3732,"href":"https:\/\/kampanj.expressen.se\/hjart-lungfonden\/wp-json\/wp\/v2\/posts\/84\/revisions\/3732"}],"wp:featuredmedia":[{"embeddable":true,"href":"https:\/\/kampanj.expressen.se\/hjart-lungfonden\/wp-json\/wp\/v2\/media\/2015"}],"wp:attachment":[{"href":"https:\/\/kampanj.expressen.se\/hjart-lungfonden\/wp-json\/wp\/v2\/media?parent=84"}],"wp:term":[{"taxonomy":"category","embeddable":true,"href":"https:\/\/kampanj.expressen.se\/hjart-lungfonden\/wp-json\/wp\/v2\/categories?post=84"},{"taxonomy":"post_tag","embeddable":true,"href":"https:\/\/kampanj.expressen.se\/hjart-lungfonden\/wp-json\/wp\/v2\/tags?post=84"}],"curies":[{"name":"wp","href":"https:\/\/api.w.org\/{rel}","templated":true}]}}