{"id":5240,"date":"2025-07-07T23:43:52","date_gmt":"2025-07-07T21:43:52","guid":{"rendered":"https:\/\/kampanj.expressen.se\/hjart-lungfonden\/?p=5240"},"modified":"2025-10-13T15:56:48","modified_gmt":"2025-10-13T13:56:48","slug":"tvabarnsmamman-elin-fick-en-stroke-allt-jag-kunde-tanka-pa-var-att-jag-maste-traffa-mina-barn-innan-jag-dor-2","status":"publish","type":"post","link":"https:\/\/kampanj.expressen.se\/hjart-lungfonden\/tvabarnsmamman-elin-fick-en-stroke-allt-jag-kunde-tanka-pa-var-att-jag-maste-traffa-mina-barn-innan-jag-dor-2\/","title":{"rendered":"Tv\u00e5barnsmamman Elin fick en stroke: \u201dAllt jag kunde t\u00e4nka p\u00e5 var att jag m\u00e5ste tr\u00e4ffa mina barn innan jag d\u00f6r\u201d"},"content":{"rendered":"<p>[et_pb_section fb_built=&#8221;1&#8243; custom_padding_last_edited=&#8221;on|phone&#8221; disabled_on=&#8221;off|off|off&#8221; admin_label=&#8221;Hero \/ toppbild&#8221; _builder_version=&#8221;4.27.4&#8243; _module_preset=&#8221;default&#8221; background_color=&#8221;#000000&#8243; use_background_color_gradient=&#8221;on&#8221; background_color_gradient_stops=&#8221;rgba(255,255,255,0) 0%|rgba(0,0,0,0.4) 100%&#8221; background_image=&#8221;https:\/\/kampanj.expressen.se\/hjart-lungfonden\/wp-content\/uploads\/2024\/08\/hlf-woman-hospital-24.jpg&#8221; background_blend=&#8221;overlay&#8221; background_enable_video_mp4=&#8221;off&#8221; background_video_width=&#8221;100%&#8221; z_index=&#8221;99999&#8243; vertical_offset_tablet=&#8221;&#8221; vertical_offset_phone=&#8221;&#8221; vertical_offset_last_edited=&#8221;on|phone&#8221; position_origin_a_last_edited=&#8221;off|desktop&#8221; position_origin_f_phone=&#8221;top_center&#8221; position_origin_f_last_edited=&#8221;off|desktop&#8221; position_origin_r_last_edited=&#8221;off|desktop&#8221; min_height=&#8221;600px&#8221; min_height_tablet=&#8221;501px&#8221; min_height_phone=&#8221;320px&#8221; min_height_last_edited=&#8221;on|tablet&#8221; height=&#8221;90vh&#8221; height_tablet=&#8221;520px&#8221; height_phone=&#8221;400px&#8221; height_last_edited=&#8221;on|tablet&#8221; custom_padding=&#8221;73px||0px||false|false&#8221; custom_padding_tablet=&#8221;73px||0px||false|false&#8221; custom_padding_phone=&#8221;70px||0px||false|false&#8221; scroll_vertical_motion_enable=&#8221;off&#8221; motion_trigger_start=&#8221;bottom&#8221; background_last_edited=&#8221;off|phone&#8221; background_enable_image_tablet=&#8221;off&#8221; background_enable_image_phone=&#8221;off&#8221; background_video_mp4_phone=&#8221;https:\/\/kampanj.di.se\/sts-alpresor\/wp-content\/uploads\/2021\/08\/Bad-Gastein-4k-mobile.mp4&#8243; background_enable_video_mp4_phone=&#8221;on&#8221; positioning_phone=&#8221;relative&#8221; positioning_last_edited=&#8221;off|desktop&#8221; z_index_last_edited=&#8221;off|phone&#8221; sticky_position_phone=&#8221;none&#8221; sticky_position_last_edited=&#8221;off|phone&#8221; locked=&#8221;off&#8221; collapsed=&#8221;on&#8221; global_colors_info=&#8221;{}&#8221; theme_builder_area=&#8221;post_content&#8221;][et_pb_row _builder_version=&#8221;4.22.2&#8243; _module_preset=&#8221;default&#8221; positioning=&#8221;absolute&#8221; position_origin_a=&#8221;bottom_center&#8221; vertical_offset=&#8221;7%&#8221; vertical_offset_tablet=&#8221;40px&#8221; vertical_offset_phone=&#8221;10px&#8221; vertical_offset_last_edited=&#8221;on|phone&#8221; width=&#8221;100%&#8221; width_tablet=&#8221;80%&#8221; width_phone=&#8221;90%&#8221; width_last_edited=&#8221;on|phone&#8221; max_width=&#8221;850px&#8221; custom_margin=&#8221;0px||0px||false|false&#8221; custom_padding=&#8221;0px||0px||false|false&#8221; animation_style=&#8221;fade&#8221; global_colors_info=&#8221;{}&#8221; theme_builder_area=&#8221;post_content&#8221;][et_pb_column type=&#8221;4_4&#8243; _builder_version=&#8221;4.19.2&#8243; _module_preset=&#8221;default&#8221; global_colors_info=&#8221;{}&#8221; theme_builder_area=&#8221;post_content&#8221;][et_pb_text content_tablet=&#8221;<\/p>\n<h1>10 toppserier du m\u00e5ste se i h\u00f6st<\/h1>\n<p>&#8221; content_phone=&#8221;<\/p>\n<h1>10 toppserier du m\u00e5ste se i h\u00f6st<\/h1>\n<p>&#8221; content_last_edited=&#8221;off|desktop&#8221; _builder_version=&#8221;4.27.4&#8243; _module_preset=&#8221;default&#8221; header_font=&#8221;||||||||&#8221; header_text_align=&#8221;center&#8221; header_text_color=&#8221;#FFFFFF&#8221; header_font_size=&#8221;54px&#8221; custom_margin=&#8221;||20px||false|false&#8221; custom_margin_tablet=&#8221;||20px||false|false&#8221; custom_margin_phone=&#8221;||0px||false|false&#8221; custom_margin_last_edited=&#8221;on|phone&#8221; custom_padding=&#8221;||0px||false|false&#8221; header_font_size_tablet=&#8221;50px&#8221; header_font_size_phone=&#8221;34px&#8221; header_font_size_last_edited=&#8221;on|phone&#8221; header_text_shadow_style=&#8221;preset3&#8243; global_colors_info=&#8221;{}&#8221; theme_builder_area=&#8221;post_content&#8221;]<\/p>\n<h1>Tv\u00e5barnsmamman Elin fick en stroke: \u201dAllt jag kunde t\u00e4nka p\u00e5 var att jag m\u00e5ste tr\u00e4ffa mina barn innan jag d\u00f6r\u201d<\/h1>\n<p>[\/et_pb_text][et_pb_icon font_icon=&#8221;&#x33;||divi||400&#8243; icon_color=&#8221;#FFFFFF&#8221; icon_width=&#8221;50px&#8221; icon_width_tablet=&#8221;50px&#8221; icon_width_phone=&#8221;50px&#8221; icon_width_last_edited=&#8221;on|phone&#8221; _builder_version=&#8221;4.22.2&#8243; _module_preset=&#8221;default&#8221; custom_margin=&#8221;||||false|false&#8221; custom_padding=&#8221;||||false|false&#8221; animation_style=&#8221;bounce&#8221; animation_delay=&#8221;500ms&#8221; global_colors_info=&#8221;{}&#8221; theme_builder_area=&#8221;post_content&#8221;][\/et_pb_icon][\/et_pb_column][\/et_pb_row][\/et_pb_section][et_pb_section fb_built=&#8221;1&#8243; custom_padding_last_edited=&#8221;on|phone&#8221; admin_label=&#8221;Artikel\/text 1&#8243; _builder_version=&#8221;4.19.2&#8243; _module_preset=&#8221;default&#8221; background_color=&#8221;#FFFFFF&#8221; custom_padding=&#8221;40px|0px|40px||true|false&#8221; custom_padding_tablet=&#8221;40px||40px||true|false&#8221; custom_padding_phone=&#8221;35px||40px||false|false&#8221; collapsed=&#8221;off&#8221; global_colors_info=&#8221;{}&#8221; theme_builder_area=&#8221;post_content&#8221;][et_pb_row custom_padding_last_edited=&#8221;off|desktop&#8221; _builder_version=&#8221;4.22.1&#8243; _module_preset=&#8221;default&#8221; background_enable_color=&#8221;off&#8221; width_tablet=&#8221;80%&#8221; width_phone=&#8221;90%&#8221; width_last_edited=&#8221;on|phone&#8221; max_width=&#8221;640px&#8221; max_width_last_edited=&#8221;off|desktop&#8221; module_alignment=&#8221;center&#8221; custom_padding=&#8221;0px||0px||false|false&#8221; custom_padding_tablet=&#8221;0px|60px|0px|60px|true|true&#8221; custom_padding_phone=&#8221;|0px||0px|true|true&#8221; global_colors_info=&#8221;{}&#8221; theme_builder_area=&#8221;post_content&#8221;][et_pb_column type=&#8221;4_4&#8243; _builder_version=&#8221;4.16&#8243; _module_preset=&#8221;default&#8221; global_colors_info=&#8221;{}&#8221; theme_builder_area=&#8221;post_content&#8221;][et_pb_text _builder_version=&#8221;4.27.4&#8243; _module_preset=&#8221;default&#8221; text_font=&#8221;Arial|700|||||||&#8221; text_text_color=&#8221;#212121&#8243; text_font_size=&#8221;20px&#8221; text_line_height=&#8221;1.5em&#8221; header_font_size=&#8221;50px&#8221; header_3_font=&#8221;Siri Expressen|700|||||||&#8221; header_3_text_color=&#8221;#222222&#8243; header_3_font_size=&#8221;62px&#8221; header_3_line_height=&#8221;1.1em&#8221; module_alignment=&#8221;center&#8221; custom_margin=&#8221;||25px||false|false&#8221; custom_padding=&#8221;||22px|||&#8221; custom_padding_tablet=&#8221;||22px||false|false&#8221; custom_padding_phone=&#8221;&#8221; custom_padding_last_edited=&#8221;on|tablet&#8221; text_font_size_tablet=&#8221;&#8221; text_font_size_phone=&#8221;18px&#8221; text_font_size_last_edited=&#8221;on|phone&#8221; text_line_height_tablet=&#8221;&#8221; text_line_height_phone=&#8221;&#8221; text_line_height_last_edited=&#8221;on|desktop&#8221; header_font_size_tablet=&#8221;45px&#8221; header_font_size_phone=&#8221;30px&#8221; header_font_size_last_edited=&#8221;on|phone&#8221; header_3_font_size_tablet=&#8221;&#8221; header_3_font_size_phone=&#8221;18px&#8221; header_3_font_size_last_edited=&#8221;on|phone&#8221; border_width_bottom=&#8221;1px&#8221; border_color_bottom=&#8221;rgba(0,0,0,0.15)&#8221; inline_fonts=&#8221;Siri Expressen,Benton Sans,Helvetica Neue Bold&#8221; global_colors_info=&#8221;{}&#8221; theme_builder_area=&#8221;post_content&#8221;]<\/p>\n<p>En vintermorgon tog livet en helt annan v\u00e4ndning f\u00f6r Elin Andersson. Hon skulle precis p\u00e5b\u00f6rja ett crossfit-pass p\u00e5 gymmet n\u00e4r n\u00e5got pl\u00f6tsligt k\u00e4ndes konstigt i huvudet.<br \/>\u2013 Jag visste att n\u00e5got var v\u00e4ldigt fel. Jag fick extrem d\u00f6ds\u00e5ngest, ber\u00e4ttar hon.<\/p>\n<p>[\/et_pb_text][et_pb_text _builder_version=&#8221;4.27.4&#8243; _module_preset=&#8221;default&#8221; text_font=&#8221;Arial||||||||&#8221; text_text_color=&#8221;#212121&#8243; text_font_size=&#8221;18px&#8221; text_line_height=&#8221;1.5em&#8221; link_font=&#8221;Arial|300|||||||&#8221; link_text_color=&#8221;#0876b5&#8243; header_font_size=&#8221;24px&#8221; header_2_font=&#8221;di-benton-bold||||||||&#8221; header_2_text_color=&#8221;#222222&#8243; header_2_font_size=&#8221;24px&#8221; module_alignment=&#8221;center&#8221; custom_margin=&#8221;||||false|false&#8221; custom_padding=&#8221;||||false|false&#8221; header_2_font_size_tablet=&#8221;&#8221; header_2_font_size_phone=&#8221;23px&#8221; header_2_font_size_last_edited=&#8221;on|phone&#8221; global_colors_info=&#8221;{}&#8221; theme_builder_area=&#8221;post_content&#8221;]<\/p>\n<p>Elin Andersson var 44 \u00e5r n\u00e4r hon drabbades av en stroke.<\/p>\n<p>Hon bor i Vellinge i Sk\u00e5ne tillsammans med sin man Christian och deras tv\u00e5 ton\u00e5rsd\u00f6ttrar, och den h\u00e4r morgonen hade hon \u00e4tit frukost med sin man och sedan tagit sig till gymmet f\u00f6r ett crossfit-pass, precis som hon gjorde varje l\u00f6rdag. I v\u00e4ntan p\u00e5 att passet skulle b\u00f6rja stod hon och sm\u00e5pratade med sina tr\u00e4ningskompisar \u2013 och det var d\u00e5 hon k\u00e4nde hur det b\u00f6rjade snurra i huvudet.<\/p>\n<p>\u2013 Till att b\u00f6rja med k\u00e4ndes det precis som ett blodtrycksfall. Men ganska snabbt f\u00f6rstod jag att det handlade om n\u00e5got mycket allvarligare.<\/p>\n<p>[\/et_pb_text][et_pb_image src=&#8221;https:\/\/kampanj.expressen.se\/hjart-lungfonden\/wp-content\/uploads\/2024\/08\/Elin_Sardinien_crop.jpg&#8221; title_text=&#8221;Elin Strokefighter Sardinien croppad&#8221; _builder_version=&#8221;4.27.4&#8243; _module_preset=&#8221;default&#8221; custom_margin=&#8221;25px||8px||false|false&#8221; custom_padding=&#8221;0px||0px||true|false&#8221; animation_style=&#8221;fade&#8221; border_radii=&#8221;on|16px|16px|16px|16px&#8221; global_colors_info=&#8221;{}&#8221; theme_builder_area=&#8221;post_content&#8221;][\/et_pb_image][et_pb_text _builder_version=&#8221;4.27.4&#8243; _module_preset=&#8221;default&#8221; text_text_color=&#8221;#757575&#8243; text_font_size=&#8221;16px&#8221; text_line_height=&#8221;1.3em&#8221; custom_margin=&#8221;||30px||false|false&#8221; custom_padding=&#8221;||0px||false|false&#8221; locked=&#8221;off&#8221; global_colors_info=&#8221;{}&#8221; theme_builder_area=&#8221;post_content&#8221;]<\/p>\n<p>Elin Andersson.<\/p>\n<p>[\/et_pb_text][et_pb_text _builder_version=&#8221;4.27.4&#8243; _module_preset=&#8221;default&#8221; text_font=&#8221;Arial||||||||&#8221; text_text_color=&#8221;#212121&#8243; text_font_size=&#8221;18px&#8221; text_line_height=&#8221;1.5em&#8221; link_font=&#8221;Arial|300|||||||&#8221; link_text_color=&#8221;#0876b5&#8243; header_font_size=&#8221;24px&#8221; header_2_font=&#8221;||||||||&#8221; header_2_text_color=&#8221;#222222&#8243; header_2_font_size=&#8221;24px&#8221; module_alignment=&#8221;center&#8221; custom_margin=&#8221;||||false|false&#8221; custom_padding=&#8221;||||false|false&#8221; header_2_font_size_tablet=&#8221;&#8221; header_2_font_size_phone=&#8221;23px&#8221; header_2_font_size_last_edited=&#8221;on|phone&#8221; global_colors_info=&#8221;{}&#8221; theme_builder_area=&#8221;post_content&#8221;]<\/p>\n<h2>&#8221;Jag fick panik&#8221;<\/h2>\n<p>Elin satte sig ner p\u00e5 golvet och har bara vaga minnen av vad som h\u00e4nde d\u00e4refter. Hennes v\u00e4nner gjorde AKUT-testet, som \u00e4r en metod f\u00f6r att unders\u00f6ka om n\u00e5gon har drabbats av en stroke, men till en b\u00f6rjan hade hon inga problem med vare sig v\u00e4nsterarmen eller talet. Det var f\u00f6rst efter n\u00e5gra minuter som hon fick sv\u00e5rt att lyfta armen och b\u00f6rjade sluddra.<\/p>\n<p>\u2013 Det var ingenting jag sj\u00e4lv m\u00e4rkte av. Allt jag k\u00e4nde var att tungan hade domnat av och d\u00e5 fick jag panik. Jag minns att jag skrek \u201dhj\u00e4lp, jag kommer att d\u00f6!\u201d, och allt jag kunde t\u00e4nka p\u00e5 var att jag m\u00e5ste f\u00e5 tr\u00e4ffa mina barn igen.<\/p>\n<p>Ambulansen kom inom loppet av tio minuter och d\u00e5 hade \u00e4ven Elins man hunnit ta sig dit. P\u00e5 akuten i Trelleborg visade en CT-r\u00f6ntgen att Elin hade f\u00e5tt en hj\u00e4rnbl\u00f6dning. D\u00e4refter blev hon skickad i ilfart till neurointensiven i Lund.<\/p>\n<p>\u2013 Jag var fortfarande vid medvetande och hade tusen tankar i huvudet. Bland annat att jag inte fick somna eftersom jag var r\u00e4dd att aldrig vakna igen \u2013 eller att jag skulle vakna upp ett halv\u00e5r senare och ha missat min dotters student.<\/p>\n<p>[\/et_pb_text][et_pb_image src=&#8221;https:\/\/kampanj.expressen.se\/hjart-lungfonden\/wp-content\/uploads\/2024\/08\/hlf-elin-Middag.jpg&#8221; title_text=&#8221;hlf-elin-Middag&#8221; _builder_version=&#8221;4.27.4&#8243; _module_preset=&#8221;default&#8221; custom_margin=&#8221;8px||25px||false|false&#8221; custom_padding=&#8221;0px||0px||true|false&#8221; animation_style=&#8221;fade&#8221; border_radii=&#8221;on|16px|16px|16px|16px&#8221; global_colors_info=&#8221;{}&#8221; theme_builder_area=&#8221;post_content&#8221;][\/et_pb_image][et_pb_text _builder_version=&#8221;4.27.4&#8243; _module_preset=&#8221;default&#8221; text_font=&#8221;Arial||||||||&#8221; text_text_color=&#8221;#212121&#8243; text_font_size=&#8221;18px&#8221; text_line_height=&#8221;1.5em&#8221; link_font=&#8221;Arial|300|||||||&#8221; link_text_color=&#8221;#0876b5&#8243; header_font_size=&#8221;24px&#8221; header_2_font=&#8221;||||||||&#8221; header_2_text_color=&#8221;#222222&#8243; header_2_font_size=&#8221;24px&#8221; module_alignment=&#8221;center&#8221; custom_margin=&#8221;||||false|false&#8221; custom_padding=&#8221;||||false|false&#8221; header_2_font_size_tablet=&#8221;&#8221; header_2_font_size_phone=&#8221;23px&#8221; header_2_font_size_last_edited=&#8221;on|phone&#8221; global_colors_info=&#8221;{}&#8221; theme_builder_area=&#8221;post_content&#8221;]<\/p>\n<h2>En tickande bomb<\/h2>\n<p>Efter n\u00e5gra dagar slutade bl\u00f6dningen av sig sj\u00e4lv och en vecka senare k\u00e4nde Elin sig tillr\u00e4ckligt klar i huvudet f\u00f6r att fr\u00e5ga l\u00e4karna varf\u00f6r det h\u00e4r hade drabbat henne. Men det kunde ingen svara p\u00e5 just d\u00e5.<\/p>\n<p>\u2013 Jag levde ett aktivt liv, \u00e5t h\u00e4lsosamt och var inte \u00f6verviktig, s\u00e5 det fanns inga riskfaktorer f\u00f6r stroke som h\u00f6gt blodtryck, r\u00f6kning eller fetma. Det var f\u00f6rst i maj 2023, n\u00e4r jag fick g\u00f6ra en r\u00f6ntgen av de sm\u00e5 k\u00e4rlen i hj\u00e4rnan, som man hittade en fistel, som \u00e4r en ovanlig typ av k\u00e4rlmissbildning, i min hj\u00e4rna. Den l\u00e5g d\u00e4r som en tickande bomb och kunde b\u00f6rja bl\u00f6da igen n\u00e4rsomhelst.<\/p>\n<p>Inom loppet av ett halv\u00e5r opererades Elin tv\u00e5 g\u00e5nger. F\u00f6rst f\u00f6rs\u00f6kte l\u00e4karna limma igen missbildningen, men n\u00e4r det inte lyckades var de tvungna att g\u00f6ra en \u00f6ppen operation f\u00f6r att ist\u00e4llet plocka bort fisteln helt.<\/p>\n<p>\u2013 N\u00e4r de ber\u00e4ttade att jag beh\u00f6vde opereras igen var det som att allt r\u00e4mnade. M\u00e5naderna innan min andra operation var otroligt psykiskt p\u00e5frestande och jag gjorde allt f\u00f6r att bara leva i nuet.<\/p>\n<p>Den h\u00e4r g\u00e5ngen lyckades operationen och ett par veckor senare v\u00e4nde allt f\u00f6r Elin.<\/p>\n<p>\u2013 \u00c4ntligen sl\u00e4ppte den tr\u00f6tthet som jag hade haft \u00e4nda sedan hj\u00e4rnbl\u00f6dningen och jag k\u00e4nde mig som en ny m\u00e4nniska \u2013 f\u00f6rutom n\u00e4r det g\u00e4llde det fysiska. Hela v\u00e4nstersidan av min kropp \u00e4r fortfarande funktionsnedsatt.<\/p>\n<p>[\/et_pb_text][et_pb_image src=&#8221;https:\/\/kampanj.expressen.se\/hjart-lungfonden\/wp-content\/uploads\/2024\/08\/hlf-elin-Crosstrainer.jpg&#8221; title_text=&#8221;hlf-elin-Crosstrainer&#8221; _builder_version=&#8221;4.27.4&#8243; _module_preset=&#8221;default&#8221; custom_margin=&#8221;8px||25px||false|false&#8221; custom_padding=&#8221;0px||0px||true|false&#8221; animation_style=&#8221;fade&#8221; border_radii=&#8221;on|16px|16px|16px|16px&#8221; global_colors_info=&#8221;{}&#8221; theme_builder_area=&#8221;post_content&#8221;][\/et_pb_image][et_pb_text _builder_version=&#8221;4.27.4&#8243; _module_preset=&#8221;default&#8221; text_font=&#8221;Arial||||||||&#8221; text_text_color=&#8221;#212121&#8243; text_font_size=&#8221;18px&#8221; text_line_height=&#8221;1.5em&#8221; link_font=&#8221;Arial|300|||||||&#8221; link_text_color=&#8221;#0876b5&#8243; header_font_size=&#8221;24px&#8221; header_2_font=&#8221;||||||||&#8221; header_2_text_color=&#8221;#222222&#8243; header_2_font_size=&#8221;24px&#8221; module_alignment=&#8221;center&#8221; custom_margin=&#8221;||||false|false&#8221; custom_padding=&#8221;||||false|false&#8221; header_2_font_size_tablet=&#8221;&#8221; header_2_font_size_phone=&#8221;23px&#8221; header_2_font_size_last_edited=&#8221;on|phone&#8221; global_colors_info=&#8221;{}&#8221; theme_builder_area=&#8221;post_content&#8221;]<\/p>\n<h2>Tr\u00e4nar varje dag<\/h2>\n<p>Elin har tr\u00e4nat varje dag sedan hon kom hem fr\u00e5n sjukhuset, men hon beskriver det som att hon har en l\u00e5ng v\u00e4g kvar.<\/p>\n<p>\u2013 Idag kan jag lyfta armen och axeln men handen har jag fortfarande ingen funktion i. Jag har inte heller ett normalt g\u00e5ngm\u00f6nster utan haltar n\u00e4r jag g\u00e5r. Eftersom v\u00e4nstersidan av mitt ansikte h\u00e4nger ser det ut som att mitt huvud \u00e4r snett. Men jag klarar mig sj\u00e4lv hemma och har inte beh\u00f6vt n\u00e5gon assistans, s\u00e4ger hon och till\u00e4gger:<\/p>\n<p>\u2013 Jag tror inte att jag kommer att bli helt \u00e5terst\u00e4lld, men jag m\u00e4rker att det fortfarande sker f\u00f6rb\u00e4ttringar varje vecka s\u00e5 jag kommer att forts\u00e4tta att k\u00e4mpa. St\u00f6det fr\u00e5n min familj och v\u00e4nner har varit avg\u00f6rande f\u00f6r min \u00e5terh\u00e4mtning. Det har betytt allt. Utan dem hade jag inte klarat det h\u00e4r.<\/p>\n<p>[\/et_pb_text][et_pb_image src=&#8221;https:\/\/kampanj.expressen.se\/hjart-lungfonden\/wp-content\/uploads\/2025\/07\/hlf-mia-von-euler.jpg&#8221; title_text=&#8221;hlf-mia-von-euler&#8221; _builder_version=&#8221;4.27.4&#8243; _module_preset=&#8221;default&#8221; custom_margin=&#8221;8px||8px||false|false&#8221; custom_padding=&#8221;0px||0px||true|false&#8221; animation_style=&#8221;fade&#8221; border_radii=&#8221;on|16px|16px|16px|16px&#8221; global_colors_info=&#8221;{}&#8221; theme_builder_area=&#8221;post_content&#8221;][\/et_pb_image][et_pb_text _builder_version=&#8221;4.27.4&#8243; _module_preset=&#8221;default&#8221; text_text_color=&#8221;#757575&#8243; text_font_size=&#8221;16px&#8221; text_line_height=&#8221;1.3em&#8221; custom_margin=&#8221;||30px||false|false&#8221; custom_padding=&#8221;||0px||false|false&#8221; locked=&#8221;off&#8221; global_colors_info=&#8221;{}&#8221; theme_builder_area=&#8221;post_content&#8221;]<\/p>\n<p>Mia von Euler, professor i neurologi vid \u00d6rebro universitet.<\/p>\n<p>[\/et_pb_text][et_pb_text _builder_version=&#8221;4.27.4&#8243; _module_preset=&#8221;default&#8221; text_font=&#8221;Arial||||||||&#8221; text_text_color=&#8221;#212121&#8243; text_font_size=&#8221;18px&#8221; text_line_height=&#8221;1.5em&#8221; link_font=&#8221;Arial|300|||||||&#8221; link_text_color=&#8221;#0876b5&#8243; header_font_size=&#8221;24px&#8221; header_2_font=&#8221;||||||||&#8221; header_2_text_color=&#8221;#222222&#8243; header_2_font_size=&#8221;24px&#8221; module_alignment=&#8221;center&#8221; custom_margin=&#8221;||||false|false&#8221; custom_padding=&#8221;||||false|false&#8221; header_2_font_size_tablet=&#8221;&#8221; header_2_font_size_phone=&#8221;23px&#8221; header_2_font_size_last_edited=&#8221;on|phone&#8221; global_colors_info=&#8221;{}&#8221; theme_builder_area=&#8221;post_content&#8221;]<\/p>\n<h2>Alla kan drabbas<\/h2>\n<p>Enligt Mia von Euler, professor i neurologi vid \u00d6rebro universitet som har forskat p\u00e5 stroke i \u00f6ver 20 \u00e5r, kan vem som helst drabbas av stroke. Risken \u00f6kar dock om man exempelvis r\u00f6ker, har obehandlat h\u00f6gt blodtryck, h\u00f6ga blodfetter, h\u00f6gt blodsocker, r\u00f6r p\u00e5 sig f\u00f6r lite och \u00e4ter onyttigt.<\/p>\n<p>\u2013 Men man kan ocks\u00e5 ha otur, som Elin, och exempelvis f\u00e5 en k\u00e4rlvariation. Risken \u00f6kar med \u00e5ldern, men stroke kan drabba alla, \u00e4ven barn och unga.<\/p>\n<p>Mia von Euler menar att det inte finns n\u00e5gon enkel l\u00f6sning n\u00e4r det g\u00e4ller stroke, men forskningen bidrar med nya insikter och pusselbitar.<\/p>\n<p>\u2013 Hittills har forskningen varit mest framg\u00e5ngsrik n\u00e4r det g\u00e4ller ischemisk stroke, vardagligt kallat \u201cpropp i hj\u00e4rnan\u201d. Fokus har legat p\u00e5 akut omh\u00e4ndertagande och \u00e5tg\u00e4rder som minskar skadans omfattning. Mycket \u00e5terst\u00e5r att ta reda p\u00e5 n\u00e4r det g\u00e4ller rehabilitering \u2013 hur intensivt, hur l\u00e4nge, hur ofta och n\u00e4r den ska b\u00f6rja. Mer forskning beh\u00f6vs.<\/p>\n<p>[\/et_pb_text][et_pb_text disabled_on=&#8221;on|on|on&#8221; _builder_version=&#8221;4.24.2&#8243; _module_preset=&#8221;default&#8221; text_font=&#8221;Arial||||||||&#8221; text_text_color=&#8221;#141414&#8243; text_font_size=&#8221;18px&#8221; text_line_height=&#8221;1.5em&#8221; link_font=&#8221;Arial|700|||||||&#8221; link_text_color=&#8221;#0076D6&#8243; header_font_size=&#8221;24px&#8221; header_2_font=&#8221;||||||||&#8221; header_2_text_color=&#8221;#222222&#8243; header_2_font_size=&#8221;24px&#8221; header_6_font=&#8221;Arial||||||||&#8221; header_6_text_color=&#8221;#FFFFFF&#8221; header_6_font_size=&#8221;18px&#8221; header_6_line_height=&#8221;1.5em&#8221; background_color=&#8221;#0076D6&#8243; module_alignment=&#8221;center&#8221; custom_margin=&#8221;||0px||false|false&#8221; custom_padding=&#8221;10px|10px|10px|10px|true|true&#8221; header_2_font_size_tablet=&#8221;&#8221; header_2_font_size_phone=&#8221;23px&#8221; header_2_font_size_last_edited=&#8221;on|phone&#8221; border_color_all=&#8221;#EBEBEB&#8221; disabled=&#8221;on&#8221; locked=&#8221;off&#8221; global_colors_info=&#8221;{}&#8221; theme_builder_area=&#8221;post_content&#8221;]<\/p>\n<h2 style=\"color: #fff!important;\">Starta en egen insamling<\/h2>\n<p style=\"color: #fff!important;\">Hj\u00e4rt- och lungsjukdomar \u00e4r den vanligaste d\u00f6dsorsaken i Sverige idag. N\u00e5gra av v\u00e4rldens fr\u00e4msta forskare inom omr\u00e5det finns i Sverige \u2013 men det saknas pengar. Just nu v\u00e4xer en r\u00f6relse fram i Sverige d\u00e4r alla kan hj\u00e4lpa till, antingen genom att st\u00f6dja n\u00e5gon annans insamlingsinitiativ eller att starta ett eget. M\u00e5l: Att finansiera forskarnas livsviktiga arbete.<\/p>\n<p style=\"color: #fff!important;\"><a href=\"https:\/\/www.hjart-lungfonden.se\/stod-oss\/egen-insamling\/?utm_source=bonnierfaktaruta&amp;utm_medium=native&amp;utm_campaign=egeninsamling&amp;utm_content=banner\" target=\"_blank\" rel=\"noopener\"><span style=\"color: #fff!important; text-decoration: underline;\">EXTERN L\u00c4NK: Starta en egen insamling p\u00e5 \u00e5retshj\u00e4rta.se<\/span><\/a><\/p>\n<p>[\/et_pb_text][et_pb_image src=&#8221;https:\/\/kampanj.expressen.se\/hjart-lungfonden\/wp-content\/uploads\/2023\/09\/640-stars.png&#8221; title_text=&#8221;640-stars&#8221; align=&#8221;center&#8221; _builder_version=&#8221;4.22.1&#8243; _module_preset=&#8221;default&#8221; custom_margin=&#8221;30px||30px||true|false&#8221; locked=&#8221;off&#8221; global_colors_info=&#8221;{}&#8221; theme_builder_area=&#8221;post_content&#8221;][\/et_pb_image][\/et_pb_column][\/et_pb_row][et_pb_row disabled_on=&#8221;off|off|off&#8221; admin_label=&#8221;GAM Banner Slot 1&#8243; _builder_version=&#8221;4.26.0&#8243; _module_preset=&#8221;default&#8221; background_color=&#8221;#FFFFFF&#8221; positioning=&#8221;none&#8221; width_tablet=&#8221;&#8221; width_phone=&#8221;92%&#8221; width_last_edited=&#8221;on|phone&#8221; max_width=&#8221;980px&#8221; module_alignment=&#8221;center&#8221; custom_margin=&#8221;0px|0px|0px|0px|false|true&#8221; custom_padding=&#8221;0px|0px|30px|0px|false|false&#8221; locked=&#8221;off&#8221; global_colors_info=&#8221;{}&#8221; theme_builder_area=&#8221;post_content&#8221;][et_pb_column type=&#8221;4_4&#8243; _builder_version=&#8221;4.20.1&#8243; _module_preset=&#8221;default&#8221; custom_padding=&#8221;|0px||0px|false|false&#8221; global_colors_info=&#8221;{}&#8221; theme_builder_area=&#8221;post_content&#8221;][et_pb_text _builder_version=&#8221;4.27.4&#8243; _module_preset=&#8221;default&#8221; text_font=&#8221;Arial||||||||&#8221; text_text_color=&#8221;#212121&#8243; text_font_size=&#8221;18px&#8221; text_line_height=&#8221;1.5em&#8221; link_font=&#8221;Arial|300|||||||&#8221; link_text_color=&#8221;#0876b5&#8243; header_text_color=&#8221;#141414&#8243; header_font_size=&#8221;50px&#8221; header_2_font=&#8221;||||||||&#8221; header_2_text_color=&#8221;#222222&#8243; width_phone=&#8221;90%&#8221; width_last_edited=&#8221;off|phone&#8221; max_width=&#8221;640px&#8221; module_alignment=&#8221;center&#8221; custom_margin=&#8221;0px||10px||false|false&#8221; custom_padding=&#8221;0px||0px||false|false&#8221; header_font_size_tablet=&#8221;45px&#8221; header_font_size_phone=&#8221;32px&#8221; header_font_size_last_edited=&#8221;on|phone&#8221; header_2_font_size_tablet=&#8221;&#8221; header_2_font_size_phone=&#8221;23px&#8221; header_2_font_size_last_edited=&#8221;on|phone&#8221; global_colors_info=&#8221;{}&#8221; theme_builder_area=&#8221;post_content&#8221;]<\/p>\n<h1>Vill du ocks\u00e5 att fler ska kunna \u00f6verleva en stroke?<\/h1>\n<p>[\/et_pb_text][et_pb_text _builder_version=&#8221;4.27.0&#8243; _module_preset=&#8221;default&#8221; max_width=&#8221;640px&#8221; module_alignment=&#8221;center&#8221; global_colors_info=&#8221;{}&#8221; theme_builder_area=&#8221;post_content&#8221;]<\/p>\n<p>Swisha i s\u00e5 fall ditt st\u00f6d. Det tar bara n\u00e5gon minut. 50 kronor \u00e4r en vanlig g\u00e5va men du v\u00e4ljer s\u00e5klart sj\u00e4lv vad du vill bidra med.<\/p>\n<p>[\/et_pb_text][et_pb_code _builder_version=&#8221;4.27.4&#8243; _module_preset=&#8221;default&#8221; max_width=&#8221;640px&#8221; module_alignment=&#8221;center&#8221; min_height=&#8221;250px&#8221; custom_padding=&#8221;0px|0px|0px|0px|false|false&#8221; global_module=&#8221;5166&#8243; saved_tabs=&#8221;all&#8221; locked=&#8221;off&#8221; global_colors_info=&#8221;{}&#8221; theme_builder_area=&#8221;post_content&#8221;]<\/p>\n<div id=\"hlf_iframe_widget\"><!-- [et_pb_line_break_holder] -->  <a href=\"https:\/\/www.hjart-lungfonden.se\/det-galler-oss-alla\/forskning-ar-losningen\/\" rel=\"sponsored\" id=\"hlf-fallback-link\"><!-- [et_pb_line_break_holder] -->    <img decoding=\"async\" src=\"https:\/\/static.bonniernews.se\/images\/f2\/02\/f2022d4d827a443e9784ca1cbbf6f838\/annan\/900.png\" \/><!-- [et_pb_line_break_holder] -->  <\/a><!-- [et_pb_line_break_holder] --><\/div>\n<p><!-- [et_pb_line_break_holder] --><!-- [et_pb_line_break_holder] --><script type=\"didomi\/javascript\" data-purposes=\"embeds\"><!-- [et_pb_line_break_holder] -->\tfunction loadHLFIframe() {<!-- [et_pb_line_break_holder] --><!-- [et_pb_line_break_holder] -->    document.getElementById('hlf-fallback-link').remove();<!-- [et_pb_line_break_holder] --><!-- [et_pb_line_break_holder] -->    const url = window.location.href;<!-- [et_pb_line_break_holder] -->    const title = document.title;<!-- [et_pb_line_break_holder] -->    if (!url) {<!-- [et_pb_line_break_holder] -->        console.error('URL not found at window.bnaData.content.location');<!-- [et_pb_line_break_holder] -->        return;<!-- [et_pb_line_break_holder] -->    }<!-- [et_pb_line_break_holder] -->    const completeUrl = \"https:\/\/feapi.prod.c3.hjart-lungfonden.se\/swishwidget\/bonnier\/50?parentTitle=\"+title+\"&parentUrl=\"+url;<!-- [et_pb_line_break_holder] -->    <!-- [et_pb_line_break_holder] --><!-- [et_pb_line_break_holder] -->    const iframe = document.createElement('iframe');<!-- [et_pb_line_break_holder] -->    iframe.src = completeUrl;<!-- [et_pb_line_break_holder] -->    iframe.height = '250px';<!-- [et_pb_line_break_holder] -->    iframe.width = '100%';<!-- [et_pb_line_break_holder] -->    iframe.scrolling = 'no';<!-- [et_pb_line_break_holder] -->    iframe.frameBorder = '0';<!-- [et_pb_line_break_holder] -->    iframe.border = '0';<!-- [et_pb_line_break_holder] -->    iframe.sandbox='allow-scripts allow-forms allow-popups allow-popups-to-escape-sandbox allow-same-origin';<!-- [et_pb_line_break_holder] -->    <!-- [et_pb_line_break_holder] -->    document.getElementById('hlf_iframe_widget').appendChild(iframe);<!-- [et_pb_line_break_holder] -->    <!-- [et_pb_line_break_holder] -->    \/\/ Set up intersection observer for iframe visibility tracking<!-- [et_pb_line_break_holder] -->    let visibilityTimer = null;<!-- [et_pb_line_break_holder] -->    let hasTriggered = false;<!-- [et_pb_line_break_holder] -->    <!-- [et_pb_line_break_holder] -->    const observer = new IntersectionObserver((entries) => {<!-- [et_pb_line_break_holder] -->      entries.forEach((entry) => {<!-- [et_pb_line_break_holder] -->        if (entry.isIntersecting && entry.intersectionRatio >= 0.5 && !hasTriggered) {<!-- [et_pb_line_break_holder] -->          \/\/ 50% or more is visible, start timer<!-- [et_pb_line_break_holder] -->          if (!visibilityTimer) {<!-- [et_pb_line_break_holder] -->            visibilityTimer = setTimeout(() => {<!-- [et_pb_line_break_holder] -->              \/\/ Send postMessage to iframe after 1 second<!-- [et_pb_line_break_holder] -->              const pageLoadType = (window.Exp?.trackingSettings?.spaIndex > 1) ? 'virtual page load' : 'page load';<!-- [et_pb_line_break_holder] -->              const messageData = {<!-- [et_pb_line_break_holder] -->                event: 'visibility_threshold_met',<!-- [et_pb_line_break_holder] -->                parentUrl: url,<!-- [et_pb_line_break_holder] -->                parentTitle: title,<!-- [et_pb_line_break_holder] -->                timestamp: Date.now(),<!-- [et_pb_line_break_holder] -->                pageLoadType: pageLoadType<!-- [et_pb_line_break_holder] -->              };<!-- [et_pb_line_break_holder] -->              iframe.contentWindow.postMessage(messageData, 'https:\/\/feapi.prod.c3.hjart-lungfonden.se');<!-- [et_pb_line_break_holder] -->              hasTriggered = true;<!-- [et_pb_line_break_holder] -->              observer.disconnect();<!-- [et_pb_line_break_holder] -->            }, 1000);<!-- [et_pb_line_break_holder] -->          }<!-- [et_pb_line_break_holder] -->        } else if (entry.intersectionRatio < 0.5 &#038;&#038; visibilityTimer) {<!-- [et_pb_line_break_holder] -->          \/\/ Less than 50% visible, clear timer<!-- [et_pb_line_break_holder] -->          clearTimeout(visibilityTimer);<!-- [et_pb_line_break_holder] -->          visibilityTimer = null;<!-- [et_pb_line_break_holder] -->        }<!-- [et_pb_line_break_holder] -->      });<!-- [et_pb_line_break_holder] -->    }, {<!-- [et_pb_line_break_holder] -->      threshold: 0.5<!-- [et_pb_line_break_holder] -->    });<!-- [et_pb_line_break_holder] -->    <!-- [et_pb_line_break_holder] -->    observer.observe(iframe);<!-- [et_pb_line_break_holder] -->}<!-- [et_pb_line_break_holder] -->  <!-- [et_pb_line_break_holder] -->  window.addEventListener(\"message\", (event) => {<!-- [et_pb_line_break_holder] -->  const allowedOrigins = [<!-- [et_pb_line_break_holder] -->    \"https:\/\/feapi.prod.c3.hjart-lungfonden.se\",<!-- [et_pb_line_break_holder] -->    \"https:\/\/feapi.dev.c3.hjart-lungfonden.se\"<!-- [et_pb_line_break_holder] -->  ];<!-- [et_pb_line_break_holder] --><!-- [et_pb_line_break_holder] -->  if (!allowedOrigins.includes(event.origin)) {<!-- [et_pb_line_break_holder] -->    return;<!-- [et_pb_line_break_holder] -->  }<!-- [et_pb_line_break_holder] --><!-- [et_pb_line_break_holder] -->  const iframe = document.querySelector(\"#hlf_iframe_widget > iframe\");<!-- [et_pb_line_break_holder] -->  if (!iframe) {<!-- [et_pb_line_break_holder] -->    return;<!-- [et_pb_line_break_holder] -->  }<!-- [et_pb_line_break_holder] --><!-- [et_pb_line_break_holder] -->  const data = event.data<!-- [et_pb_line_break_holder] -->  if (data && typeof data.clientHeight === \"number\") {<!-- [et_pb_line_break_holder] -->    iframe.setAttribute(\"height\", data.clientHeight);<!-- [et_pb_line_break_holder] -->  }<!-- [et_pb_line_break_holder] -->});<!-- [et_pb_line_break_holder] -->loadHLFIframe();<!-- [et_pb_line_break_holder] --><\/script>[\/et_pb_code][\/et_pb_column][\/et_pb_row][et_pb_row use_custom_gutter=&#8221;on&#8221; gutter_width=&#8221;1&#8243; make_equal=&#8221;on&#8221; custom_padding_last_edited=&#8221;off|phone&#8221; _builder_version=&#8221;4.27.4&#8243; _module_preset=&#8221;default&#8221; background_enable_color=&#8221;off&#8221; width_tablet=&#8221;80%&#8221; width_phone=&#8221;92%&#8221; width_last_edited=&#8221;on|desktop&#8221; max_width=&#8221;640px&#8221; max_width_last_edited=&#8221;off|desktop&#8221; module_alignment=&#8221;center&#8221; custom_margin=&#8221;||||false|false&#8221; custom_padding=&#8221;0px||0px||false|false&#8221; custom_padding_tablet=&#8221;24px|60px|0px|60px|false|true&#8221; custom_padding_phone=&#8221;|0px||0px|false|true&#8221; locked=&#8221;off&#8221; global_colors_info=&#8221;{}&#8221; global_module=&#8221;5389&#8243; theme_builder_area=&#8221;post_content&#8221;][et_pb_column type=&#8221;4_4&#8243; _builder_version=&#8221;4.27.4&#8243; _module_preset=&#8221;default&#8221; custom_padding_phone=&#8221;|||2px|false|false&#8221; custom_padding_last_edited=&#8221;off|phone&#8221; global_colors_info=&#8221;{}&#8221; theme_builder_area=&#8221;post_content&#8221;][et_pb_image src=&#8221;https:\/\/kampanj.expressen.se\/hjart-lungfonden\/wp-content\/uploads\/2025\/09\/HLF_Logotyp_RGB.png&#8221; title_text=&#8221;HLF_Logotyp_RGB&#8221; _builder_version=&#8221;4.27.4&#8243; _module_preset=&#8221;default&#8221; max_width=&#8221;140px&#8221; custom_css_main_element=&#8221;float: left;&#8221; global_colors_info=&#8221;{}&#8221; theme_builder_area=&#8221;post_content&#8221;][\/et_pb_image][et_pb_image src=&#8221;https:\/\/kampanj.expressen.se\/hjart-lungfonden\/wp-content\/uploads\/2023\/12\/90_Konto_Logo_RGB.png&#8221; title_text=&#8221;90_Konto_Logo_RGB&#8221; align=&#8221;right&#8221; _builder_version=&#8221;4.27.4&#8243; _module_preset=&#8221;default&#8221; max_width=&#8221;100px&#8221; max_width_tablet=&#8221;100px&#8221; max_width_last_edited=&#8221;off|phone&#8221; custom_margin=&#8221;0px||0px||false|false&#8221; animation_style=&#8221;fade&#8221; global_colors_info=&#8221;{}&#8221; theme_builder_area=&#8221;post_content&#8221;][\/et_pb_image][\/et_pb_column][\/et_pb_row][et_pb_row use_custom_gutter=&#8221;on&#8221; gutter_width=&#8221;2&#8243; custom_padding_last_edited=&#8221;off|phone&#8221; _builder_version=&#8221;4.24.2&#8243; _module_preset=&#8221;default&#8221; background_color=&#8221;RGBA(255,255,255,0)&#8221; width_tablet=&#8221;80%&#8221; width_phone=&#8221;90%&#8221; width_last_edited=&#8221;on|desktop&#8221; max_width=&#8221;640px&#8221; max_width_last_edited=&#8221;off|desktop&#8221; module_alignment=&#8221;center&#8221; custom_margin=&#8221;30px||||false|false&#8221; custom_padding=&#8221;0px|0px|0px|0px|true|true&#8221; custom_padding_tablet=&#8221;24px|60px|0px|60px|false|true&#8221; custom_padding_phone=&#8221;|0px||0px|false|true&#8221; locked=&#8221;off&#8221; global_colors_info=&#8221;{}&#8221; theme_builder_area=&#8221;post_content&#8221;][et_pb_column type=&#8221;4_4&#8243; _builder_version=&#8221;4.16&#8243; _module_preset=&#8221;default&#8221; global_colors_info=&#8221;{}&#8221; theme_builder_area=&#8221;post_content&#8221;][et_pb_text disabled_on=&#8221;on|on|on&#8221; module_class=&#8221;fakta&#8221; _builder_version=&#8221;4.27.2&#8243; _module_preset=&#8221;default&#8221; text_font=&#8221;Arial||||||||&#8221; text_text_color=&#8221;#141414&#8243; text_font_size=&#8221;18px&#8221; text_line_height=&#8221;1.5em&#8221; link_font=&#8221;Arial|300|||||||&#8221; link_text_color=&#8221;#0876b5&#8243; header_font_size=&#8221;24px&#8221; header_2_font=&#8221;||||||||&#8221; header_2_text_color=&#8221;#222222&#8243; header_2_font_size=&#8221;24px&#8221; module_alignment=&#8221;center&#8221; custom_margin=&#8221;0px||0px||false|false&#8221; custom_padding=&#8221;20px|20px|20px|20px|true|true&#8221; header_2_font_size_tablet=&#8221;&#8221; header_2_font_size_phone=&#8221;23px&#8221; header_2_font_size_last_edited=&#8221;on|phone&#8221; border_width_all=&#8221;1px&#8221; border_color_all=&#8221;#EBEBEB&#8221; disabled=&#8221;on&#8221; global_module=&#8221;3943&#8243; saved_tabs=&#8221;all&#8221; global_colors_info=&#8221;{}&#8221; theme_builder_area=&#8221;post_content&#8221;]<\/p>\n<h3>&#8221;\u00c5rets hj\u00e4rta\u201d \u2013 ett upprop mot v\u00e5ra st\u00f6rsta folksjukdomar<\/h3>\n<p>De senaste hundra \u00e5ren har vi i Sverige f\u00e5tt allt l\u00e4ngre och friskare liv, men nu har trenden v\u00e4nt f\u00f6r flera av hj\u00e4rt- och lungsjukdomarna. \u201c\u00c5rets hj\u00e4rta\u201d \u00e4r ett upprop f\u00f6r mer forskning som kan r\u00e4dda liv. Under en gala den 29:e september hyllades folkets engagemang och pengar samlades in till forskningen.<\/p>\n<p><a href=\"https:\/\/www.hjart-lungfonden.se\/stod-oss\/egen-insamling\/\" target=\"_blank\" rel=\"noopener\"><strong>EXTERN L\u00c4NK: <b>Se galan i sin helhet p\u00e5 \u00e5retshj\u00e4rta.se<\/b><\/strong><\/a><\/p>\n<p>[\/et_pb_text][\/et_pb_column][\/et_pb_row][\/et_pb_section][et_pb_section fb_built=&#8221;1&#8243; disabled_on=&#8221;off|off|off&#8221; _builder_version=&#8221;4.24.0&#8243; _module_preset=&#8221;default&#8221; background_color=&#8221;#FFFFFF&#8221; z_index=&#8221;99999&#8243; custom_margin=&#8221;0px||0px||true|false&#8221; custom_padding=&#8221;0px||0px||true|false&#8221; border_width_top=&#8221;2px&#8221; border_color_top=&#8221;#0076D6&#8243; global_module=&#8221;166&#8243; global_colors_info=&#8221;{}&#8221; theme_builder_area=&#8221;post_content&#8221;][et_pb_row _builder_version=&#8221;4.24.0&#8243; _module_preset=&#8221;default&#8221; background_enable_color=&#8221;off&#8221; width_tablet=&#8221;80%&#8221; width_phone=&#8221;90%&#8221; width_last_edited=&#8221;on|phone&#8221; max_width=&#8221;900px&#8221; module_alignment=&#8221;center&#8221; custom_margin=&#8221;0px||0px||true|false&#8221; custom_padding=&#8221;27px|0px|27px|0px|true|false&#8221; border_width_top=&#8221;0px&#8221; border_color_top=&#8221;#0076D6&#8243; global_colors_info=&#8221;{}&#8221; theme_builder_area=&#8221;post_content&#8221;][et_pb_column type=&#8221;4_4&#8243; _builder_version=&#8221;4.23&#8243; _module_preset=&#8221;default&#8221; global_colors_info=&#8221;{}&#8221; theme_builder_area=&#8221;post_content&#8221;][et_pb_text _builder_version=&#8221;4.24.0&#8243; _module_preset=&#8221;default&#8221; text_font=&#8221;|||on|||||&#8221; text_text_color=&#8221;#FFFFFF&#8221; text_line_height=&#8221;1.3em&#8221; background_color=&#8221;#EB0000&#8243; text_orientation=&#8221;center&#8221; custom_padding=&#8221;4px||2px||false|false&#8221; custom_css_main_element=&#8221;font-family:%22Siri%22, Helvetica, Arial, Lucida, sans-serif;||font-size:16px!important;&#8221; global_colors_info=&#8221;{}&#8221; theme_builder_area=&#8221;post_content&#8221;]<\/p>\n<p>Andra har ocks\u00e5 l\u00e4st<\/p>\n<p>[\/et_pb_text][et_pb_blog fullwidth=&#8221;off&#8221; posts_number=&#8221;100&#8243; include_categories=&#8221;12&#8243; show_author=&#8221;off&#8221; show_date=&#8221;off&#8221; show_categories=&#8221;off&#8221; show_excerpt=&#8221;off&#8221; show_pagination=&#8221;off&#8221; module_class=&#8221;more-articles et_blog_grid_equal_height&#8221; _builder_version=&#8221;4.24.0&#8243; _module_preset=&#8221;default&#8221; header_font=&#8221;||||||||&#8221; header_text_color=&#8221;#000000&#8243; header_font_size=&#8221;21px&#8221; body_font=&#8221;Source Sans Pro||||||||&#8221; read_more_font=&#8221;Arial|||on|||||&#8221; read_more_text_color=&#8221;#141414&#8243; read_more_font_size=&#8221;13px&#8221; custom_margin=&#8221;30px||0px||false|false&#8221; custom_padding=&#8221;0px||0px||false|false&#8221; custom_css_title=&#8221;font-family:%22Siri Expressen%22, Helvetica, Arial, Lucida, sans-serif!important;&#8221; custom_css_featured_image=&#8221;height:160px;&#8221; border_radii=&#8221;off|16px||16px|&#8221; border_width_all=&#8221;0px&#8221; box_shadow_style=&#8221;preset1&#8243; box_shadow_horizontal=&#8221;2px&#8221; box_shadow_blur=&#8221;6px&#8221; box_shadow_spread=&#8221;1px&#8221; box_shadow_color=&#8221;rgba(173,173,173,0.3)&#8221; locked=&#8221;off&#8221; global_colors_info=&#8221;{}&#8221; custom_css_featured_image_last_edited=&#8221;off|phone&#8221; theme_builder_area=&#8221;post_content&#8221;][\/et_pb_blog][\/et_pb_column][\/et_pb_row][\/et_pb_section]<\/p>\n","protected":false},"excerpt":{"rendered":"<p>Tv\u00e5barnsmamman Elin fick en stroke: \u201dAllt jag kunde t\u00e4nka p\u00e5 var att jag m\u00e5ste tr\u00e4ffa mina barn innan jag d\u00f6r\u201dEn vintermorgon tog livet en helt annan v\u00e4ndning f\u00f6r Elin Andersson. Hon skulle precis p\u00e5b\u00f6rja ett crossfit-pass p\u00e5 gymmet n\u00e4r n\u00e5got pl\u00f6tsligt k\u00e4ndes konstigt i huvudet.\u2013 Jag visste att n\u00e5got var v\u00e4ldigt fel. Jag fick extrem [&hellip;]<\/p>\n","protected":false},"author":2,"featured_media":4155,"comment_status":"closed","ping_status":"open","sticky":false,"template":"","format":"standard","meta":{"_et_pb_use_builder":"on","_et_pb_old_content":"","_et_gb_content_width":"","footnotes":""},"categories":[1],"tags":[],"class_list":["post-5240","post","type-post","status-publish","format-standard","has-post-thumbnail","hentry","category-okategoriserade"],"_links":{"self":[{"href":"https:\/\/kampanj.expressen.se\/hjart-lungfonden\/wp-json\/wp\/v2\/posts\/5240","targetHints":{"allow":["GET"]}}],"collection":[{"href":"https:\/\/kampanj.expressen.se\/hjart-lungfonden\/wp-json\/wp\/v2\/posts"}],"about":[{"href":"https:\/\/kampanj.expressen.se\/hjart-lungfonden\/wp-json\/wp\/v2\/types\/post"}],"author":[{"embeddable":true,"href":"https:\/\/kampanj.expressen.se\/hjart-lungfonden\/wp-json\/wp\/v2\/users\/2"}],"replies":[{"embeddable":true,"href":"https:\/\/kampanj.expressen.se\/hjart-lungfonden\/wp-json\/wp\/v2\/comments?post=5240"}],"version-history":[{"count":5,"href":"https:\/\/kampanj.expressen.se\/hjart-lungfonden\/wp-json\/wp\/v2\/posts\/5240\/revisions"}],"predecessor-version":[{"id":5395,"href":"https:\/\/kampanj.expressen.se\/hjart-lungfonden\/wp-json\/wp\/v2\/posts\/5240\/revisions\/5395"}],"wp:featuredmedia":[{"embeddable":true,"href":"https:\/\/kampanj.expressen.se\/hjart-lungfonden\/wp-json\/wp\/v2\/media\/4155"}],"wp:attachment":[{"href":"https:\/\/kampanj.expressen.se\/hjart-lungfonden\/wp-json\/wp\/v2\/media?parent=5240"}],"wp:term":[{"taxonomy":"category","embeddable":true,"href":"https:\/\/kampanj.expressen.se\/hjart-lungfonden\/wp-json\/wp\/v2\/categories?post=5240"},{"taxonomy":"post_tag","embeddable":true,"href":"https:\/\/kampanj.expressen.se\/hjart-lungfonden\/wp-json\/wp\/v2\/tags?post=5240"}],"curies":[{"name":"wp","href":"https:\/\/api.w.org\/{rel}","templated":true}]}}