{"id":4656,"date":"2024-11-08T17:01:54","date_gmt":"2024-11-08T16:01:54","guid":{"rendered":"https:\/\/kampanj.expressen.se\/hjart-lungfonden\/?p=4656"},"modified":"2025-11-17T11:23:52","modified_gmt":"2025-11-17T10:23:52","slug":"systrarna-hedlund-pappa-hade-inte-tid-att-do-2","status":"publish","type":"post","link":"https:\/\/kampanj.expressen.se\/hjart-lungfonden\/systrarna-hedlund-pappa-hade-inte-tid-att-do-2\/","title":{"rendered":"Systrarna Hedlund: \u201dPappa hade inte tid att d\u00f6\u201d"},"content":{"rendered":"<p>[et_pb_section fb_built=&#8221;1&#8243; custom_padding_last_edited=&#8221;on|phone&#8221; disabled_on=&#8221;off|off|off&#8221; admin_label=&#8221;Hero \/ toppbild&#8221; _builder_version=&#8221;4.27.2&#8243; _module_preset=&#8221;default&#8221; background_color=&#8221;#000000&#8243; use_background_color_gradient=&#8221;on&#8221; background_color_gradient_stops=&#8221;rgba(255,255,255,0) 0%|rgba(0,0,0,0.4) 100%&#8221; background_image=&#8221;https:\/\/kampanj.expressen.se\/hjart-lungfonden\/wp-content\/uploads\/2024\/11\/hlf-hedlund-1.jpg&#8221; background_position=&#8221;top_center&#8221; background_vertical_offset=&#8221;8%&#8221; background_blend=&#8221;overlay&#8221; background_enable_video_mp4=&#8221;off&#8221; background_video_width=&#8221;100%&#8221; z_index=&#8221;99999&#8243; vertical_offset_tablet=&#8221;&#8221; vertical_offset_phone=&#8221;&#8221; vertical_offset_last_edited=&#8221;on|phone&#8221; position_origin_a_last_edited=&#8221;off|desktop&#8221; position_origin_f_phone=&#8221;top_center&#8221; position_origin_f_last_edited=&#8221;off|desktop&#8221; position_origin_r_last_edited=&#8221;off|desktop&#8221; min_height=&#8221;600px&#8221; min_height_tablet=&#8221;501px&#8221; min_height_phone=&#8221;320px&#8221; min_height_last_edited=&#8221;on|tablet&#8221; height=&#8221;90vh&#8221; height_tablet=&#8221;520px&#8221; height_phone=&#8221;400px&#8221; height_last_edited=&#8221;on|tablet&#8221; custom_padding=&#8221;73px||0px||false|false&#8221; custom_padding_tablet=&#8221;73px||0px||false|false&#8221; custom_padding_phone=&#8221;70px||0px||false|false&#8221; scroll_vertical_motion_enable=&#8221;off&#8221; motion_trigger_start=&#8221;bottom&#8221; background_last_edited=&#8221;off|phone&#8221; background_enable_image_tablet=&#8221;off&#8221; background_enable_image_phone=&#8221;off&#8221; background_video_mp4_phone=&#8221;https:\/\/kampanj.di.se\/sts-alpresor\/wp-content\/uploads\/2021\/08\/Bad-Gastein-4k-mobile.mp4&#8243; background_enable_video_mp4_phone=&#8221;on&#8221; positioning_phone=&#8221;relative&#8221; positioning_last_edited=&#8221;off|desktop&#8221; z_index_last_edited=&#8221;off|phone&#8221; sticky_position_phone=&#8221;none&#8221; sticky_position_last_edited=&#8221;off|phone&#8221; locked=&#8221;off&#8221; collapsed=&#8221;on&#8221; global_colors_info=&#8221;{}&#8221; theme_builder_area=&#8221;post_content&#8221;][et_pb_row _builder_version=&#8221;4.22.2&#8243; _module_preset=&#8221;default&#8221; positioning=&#8221;absolute&#8221; position_origin_a=&#8221;bottom_center&#8221; vertical_offset=&#8221;7%&#8221; vertical_offset_tablet=&#8221;40px&#8221; vertical_offset_phone=&#8221;10px&#8221; vertical_offset_last_edited=&#8221;on|phone&#8221; width=&#8221;100%&#8221; width_tablet=&#8221;80%&#8221; width_phone=&#8221;90%&#8221; width_last_edited=&#8221;on|phone&#8221; max_width=&#8221;850px&#8221; custom_margin=&#8221;0px||0px||false|false&#8221; custom_padding=&#8221;0px||0px||false|false&#8221; animation_style=&#8221;fade&#8221; global_colors_info=&#8221;{}&#8221; theme_builder_area=&#8221;post_content&#8221;][et_pb_column type=&#8221;4_4&#8243; _builder_version=&#8221;4.19.2&#8243; _module_preset=&#8221;default&#8221; global_colors_info=&#8221;{}&#8221; theme_builder_area=&#8221;post_content&#8221;][et_pb_text content_tablet=&#8221;<\/p>\n<h1>10 toppserier du m\u00e5ste se i h\u00f6st<\/h1>\n<p>&#8221; content_phone=&#8221;<\/p>\n<h1>10 toppserier du m\u00e5ste se i h\u00f6st<\/h1>\n<p>&#8221; content_last_edited=&#8221;off|desktop&#8221; _builder_version=&#8221;4.27.0&#8243; _module_preset=&#8221;default&#8221; header_font=&#8221;||||||||&#8221; header_text_align=&#8221;center&#8221; header_text_color=&#8221;#FFFFFF&#8221; header_font_size=&#8221;78px&#8221; custom_margin=&#8221;||20px||false|false&#8221; custom_margin_tablet=&#8221;||20px||false|false&#8221; custom_margin_phone=&#8221;||0px||false|false&#8221; custom_margin_last_edited=&#8221;on|phone&#8221; custom_padding=&#8221;||0px||false|false&#8221; header_font_size_tablet=&#8221;50px&#8221; header_font_size_phone=&#8221;34px&#8221; header_font_size_last_edited=&#8221;on|phone&#8221; header_text_shadow_style=&#8221;preset3&#8243; global_colors_info=&#8221;{}&#8221; theme_builder_area=&#8221;post_content&#8221;]<\/p>\n<h1>Systrarna Hedlund: \u201dPappa hade inte tid att d\u00f6\u201d<\/h1>\n<p>[\/et_pb_text][et_pb_icon font_icon=&#8221;&#x33;||divi||400&#8243; icon_color=&#8221;#FFFFFF&#8221; icon_width=&#8221;50px&#8221; icon_width_tablet=&#8221;50px&#8221; icon_width_phone=&#8221;50px&#8221; icon_width_last_edited=&#8221;on|phone&#8221; _builder_version=&#8221;4.22.2&#8243; _module_preset=&#8221;default&#8221; custom_margin=&#8221;||||false|false&#8221; custom_padding=&#8221;||||false|false&#8221; animation_style=&#8221;bounce&#8221; animation_delay=&#8221;500ms&#8221; global_colors_info=&#8221;{}&#8221; theme_builder_area=&#8221;post_content&#8221;][\/et_pb_icon][\/et_pb_column][\/et_pb_row][\/et_pb_section][et_pb_section fb_built=&#8221;1&#8243; custom_padding_last_edited=&#8221;on|phone&#8221; admin_label=&#8221;Artikel\/text 1&#8243; _builder_version=&#8221;4.19.2&#8243; _module_preset=&#8221;default&#8221; background_color=&#8221;#FFFFFF&#8221; custom_padding=&#8221;40px|0px|40px||true|false&#8221; custom_padding_tablet=&#8221;40px||40px||true|false&#8221; custom_padding_phone=&#8221;35px||40px||false|false&#8221; collapsed=&#8221;off&#8221; global_colors_info=&#8221;{}&#8221; theme_builder_area=&#8221;post_content&#8221;][et_pb_row custom_padding_last_edited=&#8221;off|desktop&#8221; _builder_version=&#8221;4.22.1&#8243; _module_preset=&#8221;default&#8221; background_enable_color=&#8221;off&#8221; width_tablet=&#8221;80%&#8221; width_phone=&#8221;90%&#8221; width_last_edited=&#8221;on|phone&#8221; max_width=&#8221;640px&#8221; max_width_last_edited=&#8221;off|desktop&#8221; module_alignment=&#8221;center&#8221; custom_padding=&#8221;0px||0px||false|false&#8221; custom_padding_tablet=&#8221;0px|60px|0px|60px|true|true&#8221; custom_padding_phone=&#8221;|0px||0px|true|true&#8221; global_colors_info=&#8221;{}&#8221; theme_builder_area=&#8221;post_content&#8221;][et_pb_column type=&#8221;4_4&#8243; _builder_version=&#8221;4.16&#8243; _module_preset=&#8221;default&#8221; global_colors_info=&#8221;{}&#8221; theme_builder_area=&#8221;post_content&#8221;][et_pb_text _builder_version=&#8221;4.27.0&#8243; _module_preset=&#8221;default&#8221; text_font=&#8221;Arial|700|||||||&#8221; text_text_color=&#8221;#212121&#8243; text_font_size=&#8221;20px&#8221; text_line_height=&#8221;1.5em&#8221; header_font_size=&#8221;50px&#8221; header_3_font=&#8221;Siri Expressen|700|||||||&#8221; header_3_text_color=&#8221;#222222&#8243; header_3_font_size=&#8221;62px&#8221; header_3_line_height=&#8221;1.1em&#8221; module_alignment=&#8221;center&#8221; custom_margin=&#8221;||25px||false|false&#8221; custom_padding=&#8221;||22px|||&#8221; custom_padding_tablet=&#8221;||22px||false|false&#8221; custom_padding_phone=&#8221;&#8221; custom_padding_last_edited=&#8221;on|tablet&#8221; text_font_size_tablet=&#8221;&#8221; text_font_size_phone=&#8221;18px&#8221; text_font_size_last_edited=&#8221;on|phone&#8221; text_line_height_tablet=&#8221;&#8221; text_line_height_phone=&#8221;&#8221; text_line_height_last_edited=&#8221;on|desktop&#8221; header_font_size_tablet=&#8221;45px&#8221; header_font_size_phone=&#8221;30px&#8221; header_font_size_last_edited=&#8221;on|phone&#8221; header_3_font_size_tablet=&#8221;&#8221; header_3_font_size_phone=&#8221;18px&#8221; header_3_font_size_last_edited=&#8221;on|phone&#8221; border_width_bottom=&#8221;1px&#8221; border_color_bottom=&#8221;rgba(0,0,0,0.15)&#8221; inline_fonts=&#8221;Siri Expressen,Benton Sans,Helvetica Neue Bold&#8221; global_colors_info=&#8221;{}&#8221; theme_builder_area=&#8221;post_content&#8221;]Musiken fick systrarna Hanna och Lina Hedlund av pappa Lars-G\u00f6ran, deras klippa i livet som p\u00e5 grund av hj\u00e4rtproblem l\u00e4mnade jordelivet alldeles f\u00f6r tidigt. Nu sjunger de f\u00f6r att bevara hans minne \u2013 och r\u00e4dda livet p\u00e5 andra.<br \/>\n<span class=\"indenta\">\u2013 Jag minns att han l\u00e5g p\u00e5 sjukhuset och sa till oss \u201dMen jag har ju gig n\u00e4sta vecka.\u201d Han hade inte tid att d\u00f6, ber\u00e4ttar Hanna Hedlund.<\/span>[\/et_pb_text][et_pb_text _builder_version=&#8221;4.27.0&#8243; _module_preset=&#8221;default&#8221; text_font=&#8221;Arial||||||||&#8221; text_text_color=&#8221;#212121&#8243; text_font_size=&#8221;18px&#8221; text_line_height=&#8221;1.5em&#8221; link_font=&#8221;Arial|300|||||||&#8221; link_text_color=&#8221;#0876b5&#8243; header_font_size=&#8221;24px&#8221; header_2_font=&#8221;di-benton-bold||||||||&#8221; header_2_text_color=&#8221;#222222&#8243; header_2_font_size=&#8221;24px&#8221; module_alignment=&#8221;center&#8221; custom_margin=&#8221;||||false|false&#8221; custom_padding=&#8221;||||false|false&#8221; header_2_font_size_tablet=&#8221;&#8221; header_2_font_size_phone=&#8221;23px&#8221; header_2_font_size_last_edited=&#8221;on|phone&#8221; global_colors_info=&#8221;{}&#8221; theme_builder_area=&#8221;post_content&#8221;]<\/p>\n<p><span style=\"font-weight: 400;\">Lina och Hanna Hedlund \u00e4r k\u00e4nda fr\u00e5n landets st\u00f6rsta scener, men en vecka om \u00e5ret \u00e5terv\u00e4nder de till uppv\u00e4xtorten Kilafors i H\u00e4lsingland och anordnar uppskattade alls\u00e5ngskv\u00e4llar p\u00e5 hembygdsg\u00e5rden. De g\u00f6r det f\u00f6r att hedra sin pappa, som gick bort alldeles f\u00f6r tidigt p\u00e5 grund av hj\u00e4rtproblem.<\/span><\/p>\n<p><span style=\"font-weight: 400;\">\u2013 Om pappa hade sett det h\u00e4r, d\u00e5 tror jag att han hade lutat sig tillbaka och sagt \u201dYeah!\u201d, s\u00e4ger Lina Hedlund och f\u00e5r medh\u00e5ll av systern Hanna:<\/span><\/p>\n<p><span style=\"font-weight: 400;\">\u2013 Jag tror att han sitter och tittar ner p\u00e5 oss och skulle vilja vara med.\u00a0<\/span><\/p>\n<p><span style=\"font-weight: 400;\">Det \u00e4r i sj\u00e4lva verket systrarnas pappa som indirekt \u00e4r anledningen till att k\u00f6n ringlar sig flera hundra meter utanf\u00f6r H\u00e5rgas hembygdsg\u00e5rd i utkanten av Kilafors. Platserna framf\u00f6r scenen \u00e4r onumrerade och m\u00e5nga \u00e4r de som vill \u00e5t de \u00e5tr\u00e5v\u00e4rda platserna p\u00e5 f\u00f6rsta raden.\u00a0<\/span><\/p>\n<p><span style=\"font-weight: 400;\">\u2013 Ig\u00e5r fick vi sl\u00e4ppa in dem tio minuter innan vi egentligen \u00f6ppnar eftersom vi var r\u00e4dda att de skulle f\u00f6rg\u00e5s i v\u00e4rmen, ber\u00e4ttar en av de \u00e4ldre kvinnorna som arbetar med evenemanget. <\/span><\/p>\n<p>[\/et_pb_text][et_pb_image src=&#8221;https:\/\/kampanj.expressen.se\/hjart-lungfonden\/wp-content\/uploads\/2024\/09\/P1177695-scaled.jpg&#8221; title_text=&#8221;P1177695&#8243; force_fullwidth=&#8221;on&#8221; _builder_version=&#8221;4.27.0&#8243; _module_preset=&#8221;default&#8221; custom_margin=&#8221;25px||8px||false|false&#8221; custom_padding=&#8221;0px||0px||true|false&#8221; animation_style=&#8221;fade&#8221; border_radii=&#8221;on|16px|16px|16px|16px&#8221; global_colors_info=&#8221;{}&#8221; theme_builder_area=&#8221;post_content&#8221;][\/et_pb_image][et_pb_text _builder_version=&#8221;4.27.0&#8243; _module_preset=&#8221;default&#8221; text_text_color=&#8221;#757575&#8243; text_font_size=&#8221;16px&#8221; text_line_height=&#8221;1.3em&#8221; custom_margin=&#8221;||30px||false|false&#8221; custom_padding=&#8221;||0px||false|false&#8221; locked=&#8221;off&#8221; global_colors_info=&#8221;{}&#8221; theme_builder_area=&#8221;post_content&#8221;]<\/p>\n<p>Systrarna Hanna och Lina Hedlund hyllar sin pappa &#8221;Latta&#8221; Hedlund &#8211; och samlar in pengar till f\u00f6rm\u00e5n f\u00f6r Hj\u00e4rt-Lungfonden.\u00a0<\/p>\n<p>[\/et_pb_text][et_pb_text _builder_version=&#8221;4.27.0&#8243; _module_preset=&#8221;default&#8221; text_font=&#8221;Arial||||||||&#8221; text_text_color=&#8221;#212121&#8243; text_font_size=&#8221;18px&#8221; text_line_height=&#8221;1.5em&#8221; link_font=&#8221;Arial|300|||||||&#8221; link_text_color=&#8221;#0876b5&#8243; header_font_size=&#8221;24px&#8221; header_2_font=&#8221;||||||||&#8221; header_2_text_color=&#8221;#222222&#8243; header_2_font_size=&#8221;24px&#8221; module_alignment=&#8221;center&#8221; custom_margin=&#8221;||||false|false&#8221; custom_padding=&#8221;||||false|false&#8221; header_2_font_size_tablet=&#8221;&#8221; header_2_font_size_phone=&#8221;23px&#8221; header_2_font_size_last_edited=&#8221;on|phone&#8221; global_colors_info=&#8221;{}&#8221; theme_builder_area=&#8221;post_content&#8221;]<\/p>\n<h2>&#8221;Pappa var fantastisk&#8221;<\/h2>\n<p>Lars-G\u00f6ran &#8221;Latta&#8221; Hedlund var h\u00f6gstadiel\u00e4rare till yrket, och brann f\u00f6r det \u2013 men det var nog \u00e4nd\u00e5 f\u00f6r musiken hans hj\u00e4rta slog allra h\u00e5rdast.<\/p>\n<p>\u2013 Pappa var ju fantastisk. Han \u00e4lskade jazz och han \u00e4lskade m\u00e4nniskor och hade en v\u00e4ldig humor, ber\u00e4ttar Lina Hedlund och systern Hanna utvecklar:<\/p>\n<p>\u2013 Han startade ett storband i lilla Kilafors, som har 2000 inv\u00e5nare. Man kan t\u00e4nka sig att folk verkligen spelade hellre \u00e4n bra till en b\u00f6rjan, men han fick liksom alla att spela, och pl\u00f6tsligt l\u00e4t det r\u00e4tt bra.<\/p>\n<p>[\/et_pb_text][et_pb_text _builder_version=&#8221;4.27.0&#8243; _module_preset=&#8221;default&#8221; text_font=&#8221;Arial||||||||&#8221; text_text_color=&#8221;#212121&#8243; text_font_size=&#8221;18px&#8221; text_line_height=&#8221;1.5em&#8221; link_font=&#8221;Arial|300|||||||&#8221; link_text_color=&#8221;#0876b5&#8243; header_font_size=&#8221;24px&#8221; header_2_font=&#8221;||||||||&#8221; header_2_text_color=&#8221;#222222&#8243; header_2_font_size=&#8221;24px&#8221; module_alignment=&#8221;center&#8221; custom_margin=&#8221;||||false|false&#8221; custom_padding=&#8221;||||false|false&#8221; header_2_font_size_tablet=&#8221;&#8221; header_2_font_size_phone=&#8221;23px&#8221; header_2_font_size_last_edited=&#8221;on|phone&#8221; global_colors_info=&#8221;{}&#8221; theme_builder_area=&#8221;post_content&#8221;]<\/p>\n<h2>&#8221;Orkade inte lyfta min resv\u00e4ska&#8221;<\/h2>\n<p>\u201dLatta\u201d Hedlund fick hj\u00e4rtproblem innan Hanna och Lina hade flyttat hemifr\u00e5n. Det b\u00f6rjade med k\u00e4rlkramp, sedan gjorde han b\u00e5de en stor bypassoperation och ballongspr\u00e4ngningar, men till slut dog han trots allt av en hj\u00e4rtinfarkt.<\/p>\n<p>\u2013 Jag minns att pappa insjuknade ungef\u00e4r samtidigt som jag skulle flytta hemifr\u00e5n. Jag hade kommit in p\u00e5 en skola i G\u00f6teborg. Pappa hade alltid varit s\u00e5 stark. Nu orkade han inte lyfta in min resv\u00e4ska i bilen. Jag f\u00f6rstod inte varf\u00f6r, eftersom han hade h\u00e5llit det lite hemligt, s\u00e4ger Hanna Hedlund och forts\u00e4tter:<\/p>\n<p>\u2013 N\u00e4r han dog hade han tidigare samma \u00e5r \u00f6verlevt en hj\u00e4rtinfarkt. Vi k\u00e4nde att pappa \u00f6verlevde allt. D\u00e5 hade han levt med k\u00e4rlkrampen i 20 \u00e5r. Vi trodde att han skulle fixa det, men man g\u00f6r inte det till slut.<\/p>\n<p>[\/et_pb_text][et_pb_code _builder_version=&#8221;4.27.2&#8243; _module_preset=&#8221;default&#8221; custom_margin=&#8221;30px||10px||false|false&#8221; border_radii=&#8221;on|8px|8px|8px|8px&#8221; global_colors_info=&#8221;{}&#8221; theme_builder_area=&#8221;post_content&#8221;]<script src=\"https:\/\/www.expressen.se\/video-player\/include.min.js\" data-video-player=\"true\" data-link-url=\"\/tv\/brand-studio\/hjart-lungfonden\/annons-hjart-lungfonden-lina-hedlund\/\" data-autoplay=\"false\"><\/script>[\/et_pb_code][et_pb_text _builder_version=&#8221;4.27.2&#8243; _module_preset=&#8221;default&#8221; text_text_color=&#8221;#757575&#8243; text_font_size=&#8221;16px&#8221; text_line_height=&#8221;1.3em&#8221; custom_margin=&#8221;||30px||false|false&#8221; custom_padding=&#8221;||0px||false|false&#8221; locked=&#8221;off&#8221; global_colors_info=&#8221;{}&#8221; theme_builder_area=&#8221;post_content&#8221;]Se Lina Hedlunds gripande ber\u00e4ttelse fr\u00e5n galan \u00c5rets Hj\u00e4rta.[\/et_pb_text][et_pb_text _builder_version=&#8221;4.27.0&#8243; _module_preset=&#8221;default&#8221; text_font=&#8221;Arial||||||||&#8221; text_text_color=&#8221;#212121&#8243; text_font_size=&#8221;18px&#8221; text_line_height=&#8221;1.5em&#8221; link_font=&#8221;Arial|300|||||||&#8221; link_text_color=&#8221;#0876b5&#8243; header_font_size=&#8221;24px&#8221; header_2_font=&#8221;||||||||&#8221; header_2_text_color=&#8221;#222222&#8243; header_2_font_size=&#8221;24px&#8221; module_alignment=&#8221;center&#8221; custom_margin=&#8221;||||false|false&#8221; custom_padding=&#8221;||||false|false&#8221; header_2_font_size_tablet=&#8221;&#8221; header_2_font_size_phone=&#8221;23px&#8221; header_2_font_size_last_edited=&#8221;on|phone&#8221; global_colors_info=&#8221;{}&#8221; theme_builder_area=&#8221;post_content&#8221;]<\/p>\n<h2>Hittade alls\u00e5ngsh\u00e4ften<\/h2>\n<p>N\u00e4r han hade g\u00e5tt bort och de st\u00e4dade efter honom gjorde systrarna en uppt\u00e4ckt.<\/p>\n<p>\u2013 Vi hittade m\u00e4ngder av alls\u00e5ngsh\u00e4ften. Vi ins\u00e5g att han gjorde alls\u00e5ngsh\u00e4ften n\u00e4r det var surstr\u00f6mmingsskiva, midsommaraftnar eller kalas. D\u00e5 kom vi p\u00e5 hur vi skulle kunna hylla honom och v\u00e5rt arv, ber\u00e4ttar Hanna Hedlund.<\/p>\n<p>\u2013 Det blev \u201dAlls\u00e5ng f\u00f6r hela familjen med Lattas D\u00f6ttrar\u201d, och det b\u00f6rjade vi med \u00e5ret efter att han gick bort 2017, s\u00e4ger Lina Hedlund.<\/p>\n<p>Lina Hedlund ber\u00e4ttar att de blev \u00f6verrumplade av det stora intresset f\u00f6rsta \u00e5ret. \u00d6ver 1000 bes\u00f6kare kom till det f\u00f6rsta tillf\u00e4llet. Sedan dess har de ut\u00f6kat till tre kv\u00e4llar under samma vecka. Numera kommer det ungef\u00e4r 600 personer per kv\u00e4ll. Med denna plattform s\u00e5g systrarna sin chans att hj\u00e4lpa forskningen kring v\u00e5ra d\u00f6dligaste sjukdomar.<\/p>\n<p>\u2013 Att vi har n\u00e4ra sl\u00e4ktingar med hj\u00e4rt- och k\u00e4rlsjukdomar och att vi f\u00f6rlorade v\u00e5r pappa till f\u00f6ljd av det g\u00f6r att man t\u00e4nker lite extra. Forskningen p\u00e5 det h\u00e4r omr\u00e5det \u00e4r s\u00e5 viktig, s\u00e4ger hon och forts\u00e4tter:<\/p>\n<p>\u2013 Att Hj\u00e4rt-Lungfonden nu \u00e4r med p\u00e5 v\u00e5r alls\u00e5ng \u00e4r starten p\u00e5 v\u00e5r b\u00f6ssa som vi startar f\u00f6r att samla in pengar till forskningen. Vi vill att folk h\u00e4r ska bli engagerade. Jag brukar s\u00e4ga att man kan swisha 50 kronor, det \u00e4r inte mer \u00e4n en latte p\u00e5 stan, t\u00e4nker jag.<\/p>\n<p>[\/et_pb_text][et_pb_text disabled_on=&#8221;on|on|on&#8221; _builder_version=&#8221;4.24.2&#8243; _module_preset=&#8221;default&#8221; text_font=&#8221;Arial||||||||&#8221; text_text_color=&#8221;#141414&#8243; text_font_size=&#8221;18px&#8221; text_line_height=&#8221;1.5em&#8221; link_font=&#8221;Arial|700|||||||&#8221; link_text_color=&#8221;#0076D6&#8243; header_font_size=&#8221;24px&#8221; header_2_font=&#8221;||||||||&#8221; header_2_text_color=&#8221;#222222&#8243; header_2_font_size=&#8221;24px&#8221; header_6_font=&#8221;Arial||||||||&#8221; header_6_text_color=&#8221;#FFFFFF&#8221; header_6_font_size=&#8221;18px&#8221; header_6_line_height=&#8221;1.5em&#8221; background_color=&#8221;#0076D6&#8243; module_alignment=&#8221;center&#8221; custom_margin=&#8221;||0px||false|false&#8221; custom_padding=&#8221;10px|10px|10px|10px|true|true&#8221; header_2_font_size_tablet=&#8221;&#8221; header_2_font_size_phone=&#8221;23px&#8221; header_2_font_size_last_edited=&#8221;on|phone&#8221; border_color_all=&#8221;#EBEBEB&#8221; disabled=&#8221;on&#8221; locked=&#8221;off&#8221; global_colors_info=&#8221;{}&#8221; theme_builder_area=&#8221;post_content&#8221;]<\/p>\n<h2 style=\"color: #fff!important;\">Starta en egen insamling<\/h2>\n<p style=\"color: #fff!important;\">Hj\u00e4rt- och lungsjukdomar \u00e4r den vanligaste d\u00f6dsorsaken i Sverige idag. N\u00e5gra av v\u00e4rldens fr\u00e4msta forskare inom omr\u00e5det finns i Sverige \u2013 men det saknas pengar. Just nu v\u00e4xer en r\u00f6relse fram i Sverige d\u00e4r alla kan hj\u00e4lpa till, antingen genom att st\u00f6dja n\u00e5gon annans insamlingsinitiativ eller att starta ett eget. M\u00e5l: Att finansiera forskarnas livsviktiga arbete.<\/p>\n<p style=\"color: #fff!important;\"><a href=\"https:\/\/www.hjart-lungfonden.se\/stod-oss\/egen-insamling\/?utm_source=bonnierfaktaruta&amp;utm_medium=native&amp;utm_campaign=egeninsamling&amp;utm_content=banner\" target=\"_blank\" rel=\"noopener\"><span style=\"color: #fff!important; text-decoration: underline;\">EXTERN L\u00c4NK: Starta en egen insamling p\u00e5 \u00e5retshj\u00e4rta.se<\/span><\/a><\/p>\n<p>[\/et_pb_text][et_pb_image src=&#8221;https:\/\/kampanj.expressen.se\/hjart-lungfonden\/wp-content\/uploads\/2023\/09\/640-stars.png&#8221; title_text=&#8221;640-stars&#8221; align=&#8221;center&#8221; _builder_version=&#8221;4.22.1&#8243; _module_preset=&#8221;default&#8221; custom_margin=&#8221;30px||30px||true|false&#8221; locked=&#8221;off&#8221; global_colors_info=&#8221;{}&#8221; theme_builder_area=&#8221;post_content&#8221;][\/et_pb_image][\/et_pb_column][\/et_pb_row][et_pb_row disabled_on=&#8221;off|off|off&#8221; admin_label=&#8221;GAM Banner Slot 1&#8243; _builder_version=&#8221;4.26.0&#8243; _module_preset=&#8221;default&#8221; background_color=&#8221;#FFFFFF&#8221; positioning=&#8221;none&#8221; width_tablet=&#8221;&#8221; width_phone=&#8221;92%&#8221; width_last_edited=&#8221;on|phone&#8221; max_width=&#8221;980px&#8221; module_alignment=&#8221;center&#8221; custom_margin=&#8221;0px|0px|0px|0px|false|true&#8221; custom_padding=&#8221;0px|0px|30px|0px|false|false&#8221; locked=&#8221;off&#8221; global_colors_info=&#8221;{}&#8221; theme_builder_area=&#8221;post_content&#8221;][et_pb_column type=&#8221;4_4&#8243; _builder_version=&#8221;4.20.1&#8243; _module_preset=&#8221;default&#8221; custom_padding=&#8221;|0px||0px|false|false&#8221; global_colors_info=&#8221;{}&#8221; theme_builder_area=&#8221;post_content&#8221;][et_pb_text _builder_version=&#8221;4.25.1&#8243; _module_preset=&#8221;default&#8221; text_font=&#8221;Arial||||||||&#8221; text_text_color=&#8221;#212121&#8243; text_font_size=&#8221;18px&#8221; text_line_height=&#8221;1.5em&#8221; link_font=&#8221;Arial|300|||||||&#8221; link_text_color=&#8221;#0876b5&#8243; header_text_color=&#8221;#141414&#8243; header_font_size=&#8221;40px&#8221; header_2_font=&#8221;||||||||&#8221; header_2_text_color=&#8221;#222222&#8243; width_phone=&#8221;90%&#8221; width_last_edited=&#8221;off|phone&#8221; max_width=&#8221;640px&#8221; module_alignment=&#8221;center&#8221; custom_margin=&#8221;0px||10px||false|false&#8221; custom_padding=&#8221;0px||0px||false|false&#8221; header_font_size_tablet=&#8221;38px&#8221; header_font_size_phone=&#8221;36px&#8221; header_font_size_last_edited=&#8221;on|phone&#8221; header_2_font_size_tablet=&#8221;&#8221; header_2_font_size_phone=&#8221;23px&#8221; header_2_font_size_last_edited=&#8221;on|phone&#8221; global_colors_info=&#8221;{}&#8221; theme_builder_area=&#8221;post_content&#8221;]<\/p>\n<h1>Vill du st\u00f6dja systrarna Hedlunds insamling?<\/h1>\n<p>[\/et_pb_text][et_pb_text _builder_version=&#8221;4.27.0&#8243; _module_preset=&#8221;default&#8221; max_width=&#8221;640px&#8221; module_alignment=&#8221;center&#8221; global_colors_info=&#8221;{}&#8221; theme_builder_area=&#8221;post_content&#8221;]<\/p>\n<p><span>Swisha i s\u00e5 fall en g\u00e5va till Hj\u00e4rt-Lungfonden. Det tar bara n\u00e5gon minut och du v\u00e4ljer s\u00e5klart sj\u00e4lv vad du vill bidra med.<\/span><\/p>\n<p>[\/et_pb_text][et_pb_code _builder_version=&#8221;4.27.3&#8243; _module_preset=&#8221;default&#8221; max_width=&#8221;640px&#8221; module_alignment=&#8221;center&#8221; global_colors_info=&#8221;{}&#8221; theme_builder_area=&#8221;post_content&#8221; locked=&#8221;off&#8221;]\t\t<div class=\"bau-ad-container bau-ad-container-module-320\" id=\"bau-fallback-49919239484\">\n\t\t\t<b-a-d slotname=\"module\"  targeting-tags='modul-white-a'slotsizes='640x360,640x320,640x240'><\/b-a-d>\n\t\t<\/div>\n\t\t\t\t<script>\n\t\t\tsetTimeout(() => {\n\t\t\t\twindow.hasAcceptedGAMCookies = window.Didomi.getCurrentUserStatus().vendors.google['enabled'];\n\t\t\t\tif(hasAdBlocker || !hasAcceptedGAMCookies){\n\t\t\t\t\tdocument.getElementById('bau-fallback-49919239484').innerHTML = '<a href=\\\"https:\/\/www.hjart-lungfonden.se\/det-galler-oss-alla\/forskning-ar-losningen\/\\\" rel=\\\"sponsored\\\"><img class=\\\"bau-fallback bau-fallback-module-320\\\" src=\\\"https:\/\/kampanj.expressen.se\/hjart-lungfonden\/wp-content\/uploads\/2024\/11\/640_ny-2.png\\\" alt=\\\"Fallback\\\" \/><\/a>';\n\t\t\t\t}\n\t\t\t},8000);\n\t\t<\/script>\n\t\t[\/et_pb_code][\/et_pb_column][\/et_pb_row][et_pb_row use_custom_gutter=&#8221;on&#8221; gutter_width=&#8221;2&#8243; custom_padding_last_edited=&#8221;off|phone&#8221; _builder_version=&#8221;4.23.1&#8243; _module_preset=&#8221;default&#8221; background_enable_color=&#8221;off&#8221; width_tablet=&#8221;80%&#8221; width_phone=&#8221;90%&#8221; width_last_edited=&#8221;on|desktop&#8221; max_width=&#8221;640px&#8221; max_width_last_edited=&#8221;off|desktop&#8221; module_alignment=&#8221;center&#8221; custom_margin=&#8221;||||false|false&#8221; custom_padding=&#8221;0px||0px||false|false&#8221; custom_padding_tablet=&#8221;24px|60px|0px|60px|false|true&#8221; custom_padding_phone=&#8221;|0px||0px|false|true&#8221; locked=&#8221;off&#8221; global_colors_info=&#8221;{}&#8221; theme_builder_area=&#8221;post_content&#8221;][et_pb_column type=&#8221;4_4&#8243; _builder_version=&#8221;4.16&#8243; _module_preset=&#8221;default&#8221; global_colors_info=&#8221;{}&#8221; theme_builder_area=&#8221;post_content&#8221;][et_pb_image src=&#8221;https:\/\/kampanj.expressen.se\/hjart-lungfonden\/wp-content\/uploads\/2023\/12\/90_Konto_Logo_RGB.png&#8221; title_text=&#8221;90_Konto_Logo_RGB&#8221; align=&#8221;right&#8221; _builder_version=&#8221;4.27.0&#8243; _module_preset=&#8221;default&#8221; max_width=&#8221;100px&#8221; max_width_tablet=&#8221;100px&#8221; max_width_last_edited=&#8221;off|phone&#8221; custom_margin=&#8221;0px||0px||false|false&#8221; animation_style=&#8221;fade&#8221; global_colors_info=&#8221;{}&#8221; theme_builder_area=&#8221;post_content&#8221;][\/et_pb_image][\/et_pb_column][\/et_pb_row][et_pb_row use_custom_gutter=&#8221;on&#8221; gutter_width=&#8221;2&#8243; custom_padding_last_edited=&#8221;off|phone&#8221; _builder_version=&#8221;4.25.1&#8243; _module_preset=&#8221;default&#8221; background_color=&#8221;RGBA(255,255,255,0)&#8221; width_tablet=&#8221;80%&#8221; width_phone=&#8221;90%&#8221; width_last_edited=&#8221;on|desktop&#8221; max_width=&#8221;640px&#8221; max_width_last_edited=&#8221;off|desktop&#8221; module_alignment=&#8221;center&#8221; custom_margin=&#8221;0px||0px||true|false&#8221; custom_padding=&#8221;30px|0px|30px|0px|true|true&#8221; custom_padding_tablet=&#8221;24px|60px|0px|60px|false|true&#8221; custom_padding_phone=&#8221;|0px||0px|false|true&#8221; locked=&#8221;off&#8221; global_colors_info=&#8221;{}&#8221; theme_builder_area=&#8221;post_content&#8221;][et_pb_column type=&#8221;4_4&#8243; _builder_version=&#8221;4.16&#8243; _module_preset=&#8221;default&#8221; global_colors_info=&#8221;{}&#8221; theme_builder_area=&#8221;post_content&#8221;][et_pb_text module_class=&#8221;fakta&#8221; _builder_version=&#8221;4.27.2&#8243; _module_preset=&#8221;default&#8221; text_font=&#8221;Arial||||||||&#8221; text_text_color=&#8221;#141414&#8243; text_font_size=&#8221;18px&#8221; text_line_height=&#8221;1.5em&#8221; link_font=&#8221;Arial|300|||||||&#8221; link_text_color=&#8221;#0876b5&#8243; header_font_size=&#8221;24px&#8221; header_2_font=&#8221;||||||||&#8221; header_2_text_color=&#8221;#222222&#8243; header_2_font_size=&#8221;24px&#8221; module_alignment=&#8221;center&#8221; custom_margin=&#8221;0px||0px||false|false&#8221; custom_padding=&#8221;20px|20px|20px|20px|true|true&#8221; header_2_font_size_tablet=&#8221;&#8221; header_2_font_size_phone=&#8221;23px&#8221; header_2_font_size_last_edited=&#8221;on|phone&#8221; border_width_all=&#8221;1px&#8221; border_color_all=&#8221;#EBEBEB&#8221; global_module=&#8221;3943&#8243; saved_tabs=&#8221;all&#8221; global_colors_info=&#8221;{}&#8221; theme_builder_area=&#8221;post_content&#8221;]<\/p>\n<h3>&#8221;\u00c5rets hj\u00e4rta\u201d \u2013 ett upprop mot v\u00e5ra st\u00f6rsta folksjukdomar<\/h3>\n<p>De senaste hundra \u00e5ren har vi i Sverige f\u00e5tt allt l\u00e4ngre och friskare liv, men nu har trenden v\u00e4nt f\u00f6r flera av hj\u00e4rt- och lungsjukdomarna. \u201c\u00c5rets hj\u00e4rta\u201d \u00e4r ett upprop f\u00f6r mer forskning som kan r\u00e4dda liv. Under en gala den 29:e september hyllades folkets engagemang och pengar samlades in till forskningen.<\/p>\n<p><a href=\"https:\/\/www.hjart-lungfonden.se\/stod-oss\/egen-insamling\/\" target=\"_blank\" rel=\"noopener\"><strong>EXTERN L\u00c4NK: <b>Se galan i sin helhet p\u00e5 \u00e5retshj\u00e4rta.se<\/b><\/strong><\/a><\/p>\n<p>[\/et_pb_text][\/et_pb_column][\/et_pb_row][et_pb_row disabled_on=&#8221;on|on|on&#8221; _builder_version=&#8221;4.25.1&#8243; _module_preset=&#8221;default&#8221; background_color=&#8221;#dbdcde&#8221; max_width=&#8221;640px&#8221; custom_padding=&#8221;20px|16px|0px|16px|false|true&#8221; border_radii=&#8221;on|8px|8px|8px|8px&#8221; disabled=&#8221;on&#8221; global_module=&#8221;3508&#8243; global_colors_info=&#8221;{}&#8221; theme_builder_area=&#8221;post_content&#8221;][et_pb_column type=&#8221;4_4&#8243; _builder_version=&#8221;4.25.0&#8243; _module_preset=&#8221;default&#8221; global_colors_info=&#8221;{}&#8221; theme_builder_area=&#8221;post_content&#8221;][et_pb_text _builder_version=&#8221;4.25.1&#8243; _module_preset=&#8221;default&#8221; text_orientation=&#8221;center&#8221; custom_margin=&#8221;||0px||false|false&#8221; custom_padding=&#8221;||0px||false|false&#8221; global_colors_info=&#8221;{}&#8221; theme_builder_area=&#8221;post_content&#8221;]<\/p>\n<h2>Initiativtagare<\/h2>\n<p>[\/et_pb_text][dica_divi_carousel show_items_desktop=&#8221;3&#8243; show_items_tablet=&#8221;2&#8243; multislide=&#8221;on&#8221; loop=&#8221;on&#8221; arrow_nav=&#8221;on&#8221; item_spacing=&#8221;20&#8243; equal_height=&#8221;on&#8221; advanced_effect=&#8221;1&#8243; arrow_nav_color=&#8221;#FFFFFF&#8221; arrow_bg_color=&#8221;rgba(0,0,0,0.6)&#8221; arrow_alignment=&#8221;center&#8221; arrow_font_size=&#8221;30px&#8221; _builder_version=&#8221;4.25.1&#8243; _module_preset=&#8221;default&#8221; title_font_size=&#8221;0px&#8221; global_colors_info=&#8221;{}&#8221; theme_builder_area=&#8221;post_content&#8221;][dica_divi_carouselitem title=&#8221;Thomas Ravelli&#8221; button_url_new_window=&#8221;1&#8243; image=&#8221;https:\/\/kampanj.expressen.se\/hjart-lungfonden\/wp-content\/uploads\/2024\/04\/HLF-AH-Initiativtagare-Thomas-Ravelli.jpg&#8221; _builder_version=&#8221;4.25.1&#8243; _dynamic_attributes=&#8221;link_option_url&#8221; _module_preset=&#8221;default&#8221; link_option_url=&#8221;@ET-DC@eyJkeW5hbWljIjp0cnVlLCJjb250ZW50IjoicG9zdF9saW5rX3VybF9wb3N0Iiwic2V0dGluZ3MiOnsicG9zdF9pZCI6IjQwNDcifX0=@&#8221; global_colors_info=&#8221;{}&#8221; theme_builder_area=&#8221;post_content&#8221;][\/dica_divi_carouselitem][dica_divi_carouselitem title=&#8221;Jessica Almen\u00e4s&#8221; button_url_new_window=&#8221;1&#8243; image=&#8221;https:\/\/kampanj.expressen.se\/hjart-lungfonden\/wp-content\/uploads\/2024\/04\/HLF-AH-Initiativtagare-Jessica-Almenaas.jpg&#8221; _builder_version=&#8221;4.25.1&#8243; _dynamic_attributes=&#8221;link_option_url&#8221; _module_preset=&#8221;default&#8221; link_option_url=&#8221;@ET-DC@eyJkeW5hbWljIjp0cnVlLCJjb250ZW50IjoicG9zdF9saW5rX3VybF9wb3N0Iiwic2V0dGluZ3MiOnsicG9zdF9pZCI6IjM5MjAifX0=@&#8221; global_colors_info=&#8221;{}&#8221; theme_builder_area=&#8221;post_content&#8221;][\/dica_divi_carouselitem][dica_divi_carouselitem title=&#8221;Danyel Couet&#8221; button_url_new_window=&#8221;1&#8243; image=&#8221;https:\/\/kampanj.expressen.se\/hjart-lungfonden\/wp-content\/uploads\/2024\/04\/HLF-AH-Initiativtagare-Danyel-Couet.jpg&#8221; _builder_version=&#8221;4.25.1&#8243; _dynamic_attributes=&#8221;link_option_url&#8221; _module_preset=&#8221;default&#8221; link_option_url=&#8221;@ET-DC@eyJkeW5hbWljIjp0cnVlLCJjb250ZW50IjoicG9zdF9saW5rX3VybF9wb3N0Iiwic2V0dGluZ3MiOnsicG9zdF9pZCI6IjM5OTAifX0=@&#8221; global_colors_info=&#8221;{}&#8221; theme_builder_area=&#8221;post_content&#8221;][\/dica_divi_carouselitem][dica_divi_carouselitem title=&#8221;Nanne Gr\u00f6nvall&#8221; button_url_new_window=&#8221;1&#8243; image=&#8221;https:\/\/kampanj.expressen.se\/hjart-lungfonden\/wp-content\/uploads\/2024\/04\/HLF-AH-Initiativtagare-Nanne-Gronvall-ny.jpg&#8221; _builder_version=&#8221;4.25.1&#8243; _dynamic_attributes=&#8221;link_option_url&#8221; _module_preset=&#8221;default&#8221; link_option_url=&#8221;@ET-DC@eyJkeW5hbWljIjp0cnVlLCJjb250ZW50IjoicG9zdF9saW5rX3VybF9wb3N0Iiwic2V0dGluZ3MiOnsicG9zdF9pZCI6IjM4NTUifX0=@&#8221; global_colors_info=&#8221;{}&#8221; theme_builder_area=&#8221;post_content&#8221;][\/dica_divi_carouselitem][dica_divi_carouselitem title=&#8221;Henrik Lundqvist&#8221; button_url_new_window=&#8221;1&#8243; image=&#8221;https:\/\/kampanj.expressen.se\/hjart-lungfonden\/wp-content\/uploads\/2024\/04\/HLF-AH-Initiativtagare-Henrik-Lundqvist-ny.jpg&#8221; _builder_version=&#8221;4.25.1&#8243; _dynamic_attributes=&#8221;link_option_url&#8221; _module_preset=&#8221;default&#8221; link_option_url=&#8221;@ET-DC@eyJkeW5hbWljIjp0cnVlLCJjb250ZW50IjoicG9zdF9saW5rX3VybF9wb3N0Iiwic2V0dGluZ3MiOnsicG9zdF9pZCI6IjM1NzUifX0=@&#8221; global_colors_info=&#8221;{}&#8221; theme_builder_area=&#8221;post_content&#8221;][\/dica_divi_carouselitem][dica_divi_carouselitem title=&#8221;Caroline af Ugglas&#8221; button_url_new_window=&#8221;1&#8243; image=&#8221;https:\/\/kampanj.expressen.se\/hjart-lungfonden\/wp-content\/uploads\/2024\/04\/HLF-AH-Initiativtagare-Caroline-af-Ugglas-ny.jpg&#8221; _builder_version=&#8221;4.25.1&#8243; _dynamic_attributes=&#8221;link_option_url&#8221; _module_preset=&#8221;default&#8221; link_option_url=&#8221;@ET-DC@eyJkeW5hbWljIjp0cnVlLCJjb250ZW50IjoicG9zdF9saW5rX3VybF9wb3N0Iiwic2V0dGluZ3MiOnsicG9zdF9pZCI6IjM2ODEifX0=@&#8221; global_colors_info=&#8221;{}&#8221; theme_builder_area=&#8221;post_content&#8221;][\/dica_divi_carouselitem][dica_divi_carouselitem title=&#8221;Mark Levengood&#8221; button_url_new_window=&#8221;1&#8243; image=&#8221;https:\/\/kampanj.expressen.se\/hjart-lungfonden\/wp-content\/uploads\/2024\/04\/HLF-AH-Initiativtagare-Mark-Levengood-ny.jpg&#8221; _builder_version=&#8221;4.25.1&#8243; _dynamic_attributes=&#8221;link_option_url&#8221; _module_preset=&#8221;default&#8221; link_option_url=&#8221;@ET-DC@eyJkeW5hbWljIjp0cnVlLCJjb250ZW50IjoicG9zdF9saW5rX3VybF9wb3N0Iiwic2V0dGluZ3MiOnsicG9zdF9pZCI6IjMyMDgifX0=@&#8221; global_colors_info=&#8221;{}&#8221; theme_builder_area=&#8221;post_content&#8221;][\/dica_divi_carouselitem][dica_divi_carouselitem title=&#8221;Fritte Fritzson&#8221; button_url_new_window=&#8221;1&#8243; image=&#8221;https:\/\/kampanj.expressen.se\/hjart-lungfonden\/wp-content\/uploads\/2024\/04\/HLF-AH-Initiativtagare-Fritte-Fritzson.jpg&#8221; _builder_version=&#8221;4.25.1&#8243; _dynamic_attributes=&#8221;link_option_url&#8221; _module_preset=&#8221;default&#8221; link_option_url=&#8221;@ET-DC@eyJkeW5hbWljIjp0cnVlLCJjb250ZW50IjoicG9zdF9saW5rX3VybF9wb3N0Iiwic2V0dGluZ3MiOnsicG9zdF9pZCI6IjM0NjIifX0=@&#8221; global_colors_info=&#8221;{}&#8221; theme_builder_area=&#8221;post_content&#8221;][\/dica_divi_carouselitem][\/dica_divi_carousel][\/et_pb_column][\/et_pb_row][\/et_pb_section][et_pb_section fb_built=&#8221;1&#8243; disabled_on=&#8221;off|off|off&#8221; _builder_version=&#8221;4.24.0&#8243; _module_preset=&#8221;default&#8221; background_color=&#8221;#FFFFFF&#8221; z_index=&#8221;99999&#8243; custom_margin=&#8221;0px||0px||true|false&#8221; custom_padding=&#8221;0px||0px||true|false&#8221; border_width_top=&#8221;2px&#8221; border_color_top=&#8221;#0076D6&#8243; global_module=&#8221;166&#8243; global_colors_info=&#8221;{}&#8221; theme_builder_area=&#8221;post_content&#8221;][et_pb_row _builder_version=&#8221;4.24.0&#8243; _module_preset=&#8221;default&#8221; background_enable_color=&#8221;off&#8221; width_tablet=&#8221;80%&#8221; width_phone=&#8221;90%&#8221; width_last_edited=&#8221;on|phone&#8221; max_width=&#8221;900px&#8221; module_alignment=&#8221;center&#8221; custom_margin=&#8221;0px||0px||true|false&#8221; custom_padding=&#8221;27px|0px|27px|0px|true|false&#8221; border_width_top=&#8221;0px&#8221; border_color_top=&#8221;#0076D6&#8243; global_colors_info=&#8221;{}&#8221; theme_builder_area=&#8221;post_content&#8221;][et_pb_column type=&#8221;4_4&#8243; _builder_version=&#8221;4.23&#8243; _module_preset=&#8221;default&#8221; global_colors_info=&#8221;{}&#8221; theme_builder_area=&#8221;post_content&#8221;][et_pb_text _builder_version=&#8221;4.24.0&#8243; _module_preset=&#8221;default&#8221; text_font=&#8221;|||on|||||&#8221; text_text_color=&#8221;#FFFFFF&#8221; text_line_height=&#8221;1.3em&#8221; background_color=&#8221;#EB0000&#8243; text_orientation=&#8221;center&#8221; custom_padding=&#8221;4px||2px||false|false&#8221; custom_css_main_element=&#8221;font-family:%22Siri%22, Helvetica, Arial, Lucida, sans-serif;||font-size:16px!important;&#8221; global_colors_info=&#8221;{}&#8221; theme_builder_area=&#8221;post_content&#8221;]<\/p>\n<p>Andra har ocks\u00e5 l\u00e4st<\/p>\n<p>[\/et_pb_text][et_pb_blog fullwidth=&#8221;off&#8221; posts_number=&#8221;100&#8243; include_categories=&#8221;12&#8243; show_author=&#8221;off&#8221; show_date=&#8221;off&#8221; show_categories=&#8221;off&#8221; show_excerpt=&#8221;off&#8221; show_pagination=&#8221;off&#8221; module_class=&#8221;more-articles et_blog_grid_equal_height&#8221; _builder_version=&#8221;4.24.0&#8243; _module_preset=&#8221;default&#8221; header_font=&#8221;||||||||&#8221; header_text_color=&#8221;#000000&#8243; header_font_size=&#8221;21px&#8221; body_font=&#8221;Source Sans Pro||||||||&#8221; read_more_font=&#8221;Arial|||on|||||&#8221; read_more_text_color=&#8221;#141414&#8243; read_more_font_size=&#8221;13px&#8221; custom_margin=&#8221;30px||0px||false|false&#8221; custom_padding=&#8221;0px||0px||false|false&#8221; custom_css_title=&#8221;font-family:%22Siri Expressen%22, Helvetica, Arial, Lucida, sans-serif!important;&#8221; custom_css_featured_image=&#8221;height:160px;&#8221; border_radii=&#8221;off|16px||16px|&#8221; border_width_all=&#8221;0px&#8221; box_shadow_style=&#8221;preset1&#8243; box_shadow_horizontal=&#8221;2px&#8221; box_shadow_blur=&#8221;6px&#8221; box_shadow_spread=&#8221;1px&#8221; box_shadow_color=&#8221;rgba(173,173,173,0.3)&#8221; locked=&#8221;off&#8221; global_colors_info=&#8221;{}&#8221; custom_css_featured_image_last_edited=&#8221;off|phone&#8221; theme_builder_area=&#8221;post_content&#8221;][\/et_pb_blog][\/et_pb_column][\/et_pb_row][\/et_pb_section]<\/p>\n","protected":false},"excerpt":{"rendered":"<p>Systrarna Hedlund: \u201dPappa hade inte tid att d\u00f6\u201dMusiken fick systrarna Hanna och Lina Hedlund av pappa Lars-G\u00f6ran, deras klippa i livet som p\u00e5 grund av hj\u00e4rtproblem l\u00e4mnade jordelivet alldeles f\u00f6r tidigt. Nu sjunger de f\u00f6r att bevara hans minne \u2013 och r\u00e4dda livet p\u00e5 andra. \u2013 Jag minns att han l\u00e5g p\u00e5 sjukhuset och sa [&hellip;]<\/p>\n","protected":false},"author":1,"featured_media":4657,"comment_status":"closed","ping_status":"open","sticky":false,"template":"","format":"standard","meta":{"_et_pb_use_builder":"on","_et_pb_old_content":"","_et_gb_content_width":"","footnotes":""},"categories":[1],"tags":[],"class_list":["post-4656","post","type-post","status-publish","format-standard","has-post-thumbnail","hentry","category-okategoriserade"],"_links":{"self":[{"href":"https:\/\/kampanj.expressen.se\/hjart-lungfonden\/wp-json\/wp\/v2\/posts\/4656","targetHints":{"allow":["GET"]}}],"collection":[{"href":"https:\/\/kampanj.expressen.se\/hjart-lungfonden\/wp-json\/wp\/v2\/posts"}],"about":[{"href":"https:\/\/kampanj.expressen.se\/hjart-lungfonden\/wp-json\/wp\/v2\/types\/post"}],"author":[{"embeddable":true,"href":"https:\/\/kampanj.expressen.se\/hjart-lungfonden\/wp-json\/wp\/v2\/users\/1"}],"replies":[{"embeddable":true,"href":"https:\/\/kampanj.expressen.se\/hjart-lungfonden\/wp-json\/wp\/v2\/comments?post=4656"}],"version-history":[{"count":11,"href":"https:\/\/kampanj.expressen.se\/hjart-lungfonden\/wp-json\/wp\/v2\/posts\/4656\/revisions"}],"predecessor-version":[{"id":4847,"href":"https:\/\/kampanj.expressen.se\/hjart-lungfonden\/wp-json\/wp\/v2\/posts\/4656\/revisions\/4847"}],"wp:featuredmedia":[{"embeddable":true,"href":"https:\/\/kampanj.expressen.se\/hjart-lungfonden\/wp-json\/wp\/v2\/media\/4657"}],"wp:attachment":[{"href":"https:\/\/kampanj.expressen.se\/hjart-lungfonden\/wp-json\/wp\/v2\/media?parent=4656"}],"wp:term":[{"taxonomy":"category","embeddable":true,"href":"https:\/\/kampanj.expressen.se\/hjart-lungfonden\/wp-json\/wp\/v2\/categories?post=4656"},{"taxonomy":"post_tag","embeddable":true,"href":"https:\/\/kampanj.expressen.se\/hjart-lungfonden\/wp-json\/wp\/v2\/tags?post=4656"}],"curies":[{"name":"wp","href":"https:\/\/api.w.org\/{rel}","templated":true}]}}