{"id":2770,"date":"2023-12-14T15:04:32","date_gmt":"2023-12-14T14:04:32","guid":{"rendered":"https:\/\/kampanj.expressen.se\/hjart-lungfonden\/?p=2770"},"modified":"2024-11-26T10:47:52","modified_gmt":"2024-11-26T09:47:52","slug":"amelia-adamo-jag-visste-inte-att-min-son-hade-ett-hjartfel","status":"publish","type":"post","link":"https:\/\/kampanj.expressen.se\/hjart-lungfonden\/amelia-adamo-jag-visste-inte-att-min-son-hade-ett-hjartfel\/","title":{"rendered":"Amelia Adamo: \u201dJag visste inte att min son hade ett hj\u00e4rtfel\u201d"},"content":{"rendered":"<p>[et_pb_section fb_built=&#8221;1&#8243; custom_padding_last_edited=&#8221;off|phone&#8221; admin_label=&#8221;Artikel\/text 1&#8243; _builder_version=&#8221;4.23.1&#8243; _module_preset=&#8221;default&#8221; background_color=&#8221;#FFFFFF&#8221; custom_padding=&#8221;20px|0px|0px||false|false&#8221; custom_padding_tablet=&#8221;40px||40px||true|false&#8221; custom_padding_phone=&#8221;35px||40px||false|false&#8221; collapsed=&#8221;off&#8221; global_colors_info=&#8221;{}&#8221; theme_builder_area=&#8221;post_content&#8221;][et_pb_row custom_padding_last_edited=&#8221;off|desktop&#8221; _builder_version=&#8221;4.23.1&#8243; _module_preset=&#8221;default&#8221; background_enable_color=&#8221;off&#8221; width_tablet=&#8221;80%&#8221; width_phone=&#8221;90%&#8221; width_last_edited=&#8221;on|phone&#8221; max_width=&#8221;640px&#8221; max_width_last_edited=&#8221;off|desktop&#8221; module_alignment=&#8221;center&#8221; custom_margin=&#8221;0px||0px||true|false&#8221; custom_padding=&#8221;0px||0px||false|false&#8221; custom_padding_tablet=&#8221;0px|60px|0px|60px|true|true&#8221; custom_padding_phone=&#8221;|0px||0px|true|true&#8221; global_colors_info=&#8221;{}&#8221; theme_builder_area=&#8221;post_content&#8221;][et_pb_column type=&#8221;4_4&#8243; _builder_version=&#8221;4.16&#8243; _module_preset=&#8221;default&#8221; global_colors_info=&#8221;{}&#8221; theme_builder_area=&#8221;post_content&#8221;][et_pb_text _builder_version=&#8221;4.23.1&#8243; _module_preset=&#8221;default&#8221; header_text_color=&#8221;#141414&#8243; header_font_size=&#8221;64px&#8221; header_2_font=&#8221;|||on|on|||#EB0000|&#8221; custom_margin=&#8221;||0px||false|false&#8221; custom_padding=&#8221;||0px||false|false&#8221; header_font_size_tablet=&#8221;62px&#8221; header_font_size_phone=&#8221;38px&#8221; header_font_size_last_edited=&#8221;on|phone&#8221; custom_css_free_form=&#8221;@media only screen and (max-width: 768px){||  .kronika{||    text-decoration-thickness:4px!important;||  margin-bottom:0px!important;||  padding-bottom:0px!important;||  }||}||||@media only screen and (min-width: 769px){||.kronika {||\ttext-decoration: underline solid #eb0000 4px;||  margin-bottom:0px!important;||  padding-bottom:0px!important;||}||}||||h1{||  padding-bottom:0px;||}&#8221; global_colors_info=&#8221;{}&#8221; theme_builder_area=&#8221;post_content&#8221;]<\/p>\n<div class=\"kronika\">\n<h2>Amelia Adamo<\/h2>\n<\/div>\n<h1>\u201dJag visste inte att min son hade ett hj\u00e4rtfel\u201d<\/h1>\n<p>[\/et_pb_text][et_pb_text _builder_version=&#8221;4.23.1&#8243; _module_preset=&#8221;default&#8221; text_text_color=&#8221;#757575&#8243; text_font_size=&#8221;12px&#8221; custom_margin=&#8221;10px||0px||false|false&#8221; custom_padding=&#8221;0px||0px||true|false&#8221; global_colors_info=&#8221;{}&#8221; theme_builder_area=&#8221;post_content&#8221;]<\/p>\n<p><strong><span class=\"blue\">AMELIA ADAMO<\/span><\/strong> Publicerad 14 december 2023<\/p>\n<p>[\/et_pb_text][et_pb_image src=&#8221;https:\/\/kampanj.expressen.se\/hjart-lungfonden\/wp-content\/uploads\/2023\/12\/hlf-amelia-adamo-barnbarn-2.jpg&#8221; title_text=&#8221;hlf-amelia-adamo-barnbarn-2&#8243; _builder_version=&#8221;4.23.1&#8243; _module_preset=&#8221;default&#8221; custom_margin=&#8221;10px||0px||false|false&#8221; custom_padding=&#8221;0px||0px||true|false&#8221; global_colors_info=&#8221;{}&#8221; theme_builder_area=&#8221;post_content&#8221;][\/et_pb_image][et_pb_text _builder_version=&#8221;4.23.1&#8243; _module_preset=&#8221;default&#8221; text_font=&#8221;Arial||||||||&#8221; text_text_color=&#8221;#FFFFFF&#8221; background_color=&#8221;#141414&#8243; custom_margin=&#8221;0px||27px||false|false&#8221; custom_padding=&#8221;4px|8px|4px|8px|true|true&#8221; custom_css_main_element=&#8221;font-size:14px;||line-height:1.3;&#8221; global_colors_info=&#8221;{}&#8221; theme_builder_area=&#8221;post_content&#8221;]<\/p>\n<p>Amelia Adamo med sina tv\u00e5 barnbarn.<\/p>\n<p>[\/et_pb_text][et_pb_text _builder_version=&#8221;4.23.1&#8243; _module_preset=&#8221;default&#8221; text_font=&#8221;Arial||||||||&#8221; text_text_color=&#8221;#212121&#8243; text_font_size=&#8221;18px&#8221; text_line_height=&#8221;1.3em&#8221; link_font=&#8221;Arial|300|||||||&#8221; link_text_color=&#8221;#0876b5&#8243; header_font_size=&#8221;24px&#8221; header_2_font=&#8221;di-benton-bold||||||||&#8221; header_2_text_color=&#8221;#222222&#8243; header_2_font_size=&#8221;24px&#8221; module_alignment=&#8221;center&#8221; custom_margin=&#8221;||||false|false&#8221; custom_padding=&#8221;||||false|false&#8221; header_2_font_size_tablet=&#8221;&#8221; header_2_font_size_phone=&#8221;23px&#8221; header_2_font_size_last_edited=&#8221;on|phone&#8221; custom_css_main_element=&#8221;line-height:1.3!important;&#8221; global_colors_info=&#8221;{}&#8221; theme_builder_area=&#8221;post_content&#8221;]<\/p>\n<p><strong>Sonen ringde fr\u00e5n Vietnam. Det var tv\u00e5 dagar f\u00f6re julafton. Han var 23 \u00e5r och p\u00e5 backpackerresa.<\/strong><br \/><strong><span class=\"indenta\">\u2013 Mamma, jag m\u00e5ste till sjukhus det \u00e4r n\u00e5got med mitt hj\u00e4rta, det rusar och rusar, pulsen sl\u00e5r i taket. F\u00e5r jag anv\u00e4nda kortet? Jag vet inte vad det kostar.<\/span><\/strong><\/p>\n<p>[\/et_pb_text][et_pb_text _builder_version=&#8221;4.23.1&#8243; _module_preset=&#8221;default&#8221; text_font=&#8221;Arial||||||||&#8221; text_text_color=&#8221;#212121&#8243; text_line_height=&#8221;1.5em&#8221; link_font=&#8221;Arial|300|||||||&#8221; link_text_color=&#8221;#0876b5&#8243; header_font_size=&#8221;24px&#8221; header_2_font=&#8221;di-benton-bold||||||||&#8221; header_2_text_color=&#8221;#222222&#8243; header_2_font_size=&#8221;24px&#8221; header_5_text_color=&#8221;#757575&#8243; header_5_font_size=&#8221;15px&#8221; module_alignment=&#8221;center&#8221; custom_margin=&#8221;||||false|false&#8221; custom_padding=&#8221;15px||6px||false|false&#8221; header_2_font_size_tablet=&#8221;&#8221; header_2_font_size_phone=&#8221;23px&#8221; header_2_font_size_last_edited=&#8221;on|phone&#8221; border_width_top=&#8221;1px&#8221; border_color_top=&#8221;#EBEBEB&#8221; border_width_bottom=&#8221;1px&#8221; border_color_bottom=&#8221;#EBEBEB&#8221; global_colors_info=&#8221;{}&#8221; theme_builder_area=&#8221;post_content&#8221;]<\/p>\n<h5><em>Detta \u00e4r en kr\u00f6nika. Analys och st\u00e4llningstaganden \u00e4r skribentens.<\/em><\/h5>\n<p>[\/et_pb_text][\/et_pb_column][\/et_pb_row][et_pb_row column_structure=&#8221;2_3,1_3&#8243; custom_padding_last_edited=&#8221;off|desktop&#8221; _builder_version=&#8221;4.23.1&#8243; _module_preset=&#8221;default&#8221; background_enable_color=&#8221;off&#8221; width_tablet=&#8221;80%&#8221; width_phone=&#8221;90%&#8221; width_last_edited=&#8221;on|phone&#8221; max_width=&#8221;640px&#8221; max_width_last_edited=&#8221;off|desktop&#8221; module_alignment=&#8221;center&#8221; custom_margin=&#8221;0px||0px||true|false&#8221; custom_padding=&#8221;18px||4px||false|false&#8221; custom_padding_tablet=&#8221;0px|60px|0px|60px|true|true&#8221; custom_padding_phone=&#8221;|0px||0px|true|true&#8221; global_colors_info=&#8221;{}&#8221; theme_builder_area=&#8221;post_content&#8221;][et_pb_column type=&#8221;2_3&#8243; _builder_version=&#8221;4.16&#8243; _module_preset=&#8221;default&#8221; global_colors_info=&#8221;{}&#8221; theme_builder_area=&#8221;post_content&#8221;][et_pb_text _builder_version=&#8221;4.23.1&#8243; _module_preset=&#8221;default&#8221; text_font=&#8221;Arial||||||||&#8221; text_text_color=&#8221;#212121&#8243; text_font_size=&#8221;18px&#8221; text_line_height=&#8221;1.5em&#8221; link_font=&#8221;Arial|300|||||||&#8221; link_text_color=&#8221;#0876b5&#8243; header_font_size=&#8221;24px&#8221; header_2_font=&#8221;di-benton-bold||||||||&#8221; header_2_text_color=&#8221;#222222&#8243; header_2_font_size=&#8221;24px&#8221; module_alignment=&#8221;center&#8221; custom_margin=&#8221;||||false|false&#8221; custom_padding=&#8221;||||false|false&#8221; header_2_font_size_tablet=&#8221;&#8221; header_2_font_size_phone=&#8221;23px&#8221; header_2_font_size_last_edited=&#8221;on|phone&#8221; global_colors_info=&#8221;{}&#8221; theme_builder_area=&#8221;post_content&#8221;]<\/p>\n<p>Kortet var mitt kreditkort han hade f\u00e5tt med f\u00f6r exceptionella h\u00e4ndelser.<\/p>\n<p>\u2013 F\u00f6rst trodde de p\u00e5 sjukhuset att jag hade panik\u00e5ngestattack, men det var hj\u00e4rtat som gick bananas, n\u00e5got elektriskt, sa dom. Fruktansv\u00e4rt obehagligt, jag trodde jag skulle d\u00f6, ber\u00e4ttade sonen n\u00e4sta dag.<\/p>\n<p>Han dog inte, sjukv\u00e5rdspersonalen p\u00e5 sjukhuset i Hanoi fick stopp p\u00e5 hj\u00e4rtrusningen och sa \u00e5t honom att bes\u00f6ka en specialist n\u00e4r han kom hem.<\/p>\n<p>[\/et_pb_text][\/et_pb_column][et_pb_column type=&#8221;1_3&#8243; admin_label=&#8221;Bild&#8221; disabled_on=&#8221;off|off|off&#8221; _builder_version=&#8221;4.23.1&#8243; _module_preset=&#8221;default&#8221; global_colors_info=&#8221;{}&#8221; custom_css_main_element_last_edited=&#8221;on|phone&#8221; custom_css_main_element_tablet=&#8221;width:180px!important;&#8221; custom_css_main_element_phone=&#8221;width:180px!important;&#8221; theme_builder_area=&#8221;post_content&#8221;][et_pb_image src=&#8221;https:\/\/kampanj.expressen.se\/hjart-lungfonden\/wp-content\/uploads\/2023\/12\/amelia-byline.jpg&#8221; title_text=&#8221;amelia-byline&#8221; _builder_version=&#8221;4.23.1&#8243; _module_preset=&#8221;default&#8221; background_enable_image=&#8221;off&#8221; custom_margin=&#8221;4px||4px||false|false&#8221; custom_padding=&#8221;||0px||false|false&#8221; border_width_bottom=&#8221;4px&#8221; border_color_bottom=&#8221;#EB0000&#8243; global_colors_info=&#8221;{}&#8221; custom_css_main_element_last_edited=&#8221;off|tablet&#8221; custom_css_main_element_tablet=&#8221;height:350px;&#8221; theme_builder_area=&#8221;post_content&#8221;][\/et_pb_image][et_pb_text _builder_version=&#8221;4.23.1&#8243; _module_preset=&#8221;default&#8221; header_2_font=&#8221;|||on|||||&#8221; custom_margin=&#8221;0px||0px||false|false&#8221; custom_padding=&#8221;0px||0px||true|false&#8221; global_colors_info=&#8221;{}&#8221; theme_builder_area=&#8221;post_content&#8221;]<\/p>\n<h2>Amelia Adamo<\/h2>\n<p>[\/et_pb_text][\/et_pb_column][\/et_pb_row][et_pb_row custom_padding_last_edited=&#8221;off|desktop&#8221; _builder_version=&#8221;4.27.0&#8243; _module_preset=&#8221;default&#8221; background_enable_color=&#8221;off&#8221; width_tablet=&#8221;80%&#8221; width_phone=&#8221;90%&#8221; width_last_edited=&#8221;on|phone&#8221; max_width=&#8221;640px&#8221; max_width_last_edited=&#8221;off|desktop&#8221; module_alignment=&#8221;center&#8221; custom_padding=&#8221;0px||10px||false|false&#8221; custom_padding_tablet=&#8221;0px|60px|0px|60px|true|true&#8221; custom_padding_phone=&#8221;|0px||0px|true|true&#8221; global_colors_info=&#8221;{}&#8221; theme_builder_area=&#8221;post_content&#8221;][et_pb_column type=&#8221;4_4&#8243; _builder_version=&#8221;4.16&#8243; _module_preset=&#8221;default&#8221; global_colors_info=&#8221;{}&#8221; theme_builder_area=&#8221;post_content&#8221;][et_pb_text _builder_version=&#8221;4.23.1&#8243; _module_preset=&#8221;default&#8221; text_font=&#8221;Arial||||||||&#8221; text_text_color=&#8221;#212121&#8243; text_font_size=&#8221;18px&#8221; text_line_height=&#8221;1.5em&#8221; link_font=&#8221;Arial|300|||||||&#8221; link_text_color=&#8221;#0876b5&#8243; header_font_size=&#8221;24px&#8221; header_2_font=&#8221;di-benton-bold||||||||&#8221; header_2_text_color=&#8221;#222222&#8243; header_2_font_size=&#8221;24px&#8221; module_alignment=&#8221;center&#8221; custom_margin=&#8221;||||false|false&#8221; custom_padding=&#8221;||||false|false&#8221; header_2_font_size_tablet=&#8221;&#8221; header_2_font_size_phone=&#8221;23px&#8221; header_2_font_size_last_edited=&#8221;on|phone&#8221; global_colors_info=&#8221;{}&#8221; theme_builder_area=&#8221;post_content&#8221;]<\/p>\n<p>Jag hade ingen om aning om att min son hade ett medf\u00f6tt hj\u00e4rtfel. Hans diagnos var Takykardi, ett fel i hj\u00e4rtats elektriska impulsbildning eller i \u00f6verledning av den, WPW-syndrom (efter herrarna Wolff, Parkinson och White) n\u00e5got som 200-300 barn f\u00f6ds med per \u00e5r.<\/p>\n<p>Om man har Takykardi-attacker ska man ta sig till specialist f\u00f6r det kan vara livshotande. Och det allra b\u00e4sta \u00e4r att br\u00e4nna bort den extra banan runt hj\u00e4rtat som \u00e5stadkommer hj\u00e4rtrubbningen (ablation). V\u00e4l hemma i Stockholm s\u00e5 var det exakt vad som h\u00e4nde med honom, hj\u00e4rtdoktorn opererade bort hans extra bana.<\/p>\n<p>[\/et_pb_text][et_pb_text _builder_version=&#8221;4.23.1&#8243; _module_preset=&#8221;default&#8221; header_text_align=&#8221;center&#8221; header_text_color=&#8221;#141414&#8243; header_font_size=&#8221;40px&#8221; custom_margin=&#8221;75px||27px||false|false&#8221; header_font_size_phone=&#8221;40px&#8221; header_font_size_last_edited=&#8221;off|phone&#8221; custom_css_before=&#8221;color: #007ee5;||content: %22\u201d%22;||display: block;||font-size: 120px;||line-height: 0;||font-weight: 900;||font-family: %22Siri Expressen%22,Helvetica,Arial,Lucida,sans-serif;||text-align:center;&#8221; global_colors_info=&#8221;{}&#8221; theme_builder_area=&#8221;post_content&#8221;]<\/p>\n<h1>Det var hj\u00e4rtat som gick bananas.<\/h1>\n<p>[\/et_pb_text][et_pb_text _builder_version=&#8221;4.23.1&#8243; _module_preset=&#8221;default&#8221; text_font=&#8221;Arial||||||||&#8221; text_text_color=&#8221;#212121&#8243; text_font_size=&#8221;18px&#8221; text_line_height=&#8221;1.5em&#8221; link_font=&#8221;Arial|300|||||||&#8221; link_text_color=&#8221;#0876b5&#8243; header_font_size=&#8221;24px&#8221; header_2_font=&#8221;di-benton-bold||||||||&#8221; header_2_text_color=&#8221;#222222&#8243; header_2_font_size=&#8221;24px&#8221; module_alignment=&#8221;center&#8221; custom_margin=&#8221;||||false|false&#8221; custom_padding=&#8221;||||false|false&#8221; header_2_font_size_tablet=&#8221;&#8221; header_2_font_size_phone=&#8221;23px&#8221; header_2_font_size_last_edited=&#8221;on|phone&#8221; global_colors_info=&#8221;{}&#8221; theme_builder_area=&#8221;post_content&#8221;]<\/p>\n<p>Femton \u00e5r senare f\u00e5r hans dotter, d\u00e5 tolv \u00e5r, samma symptom och m\u00e5ste \u00e5ka in till sjukhus upprepade g\u00e5nger f\u00f6r att h\u00e4va sina hj\u00e4rtrusningar. Men hon beh\u00f6vde inte vara livr\u00e4dd, f\u00f6r pappa visste vad hon drabbats av och att hj\u00e4rtdoktorerna skulle fixa till hennes rusande hj\u00e4rta. Ett halv\u00e5r senare opererades hon och blev helt utom fara, precis som pappa.<\/p>\n<p>Takykardi \u00e4r enda riskfaktorn f\u00f6r hj\u00e4rtstopp och pl\u00f6tsligt hj\u00e4rtd\u00f6d som man kan bota. Ett dr\u00f6ml\u00e4ge vore, tycker professor Lennart Bergfeldt som \u00e4r b\u00e4st p\u00e5 omr\u00e5det, att hitta riskpersoner med en extra bana (som min son och barnbarn), och i f\u00f6rebyggande syfte operera och eliminera risken f\u00f6r hj\u00e4rtstopp.<\/p>\n<p>H\u00e4ndelsen i Vietnam gjorde att jag uppt\u00e4ckte Hj\u00e4rt-Lungfonden och att deras framg\u00e5ngsrika arbete st\u00e5r och faller med bidragen fr\u00e5n vanliga givare. En s\u00e5dan som jag ocks\u00e5 blev just den julen. Och nu \u00e4r det jul igen. Och till alla er som har barn och barnbarn som knappt f\u00e5r ihop en \u00f6nskelista f\u00f6r de redan har det mesta s\u00e5 har jag ett bra f\u00f6rslag, v\u00e4lj att vid sidan om dina julklappar ocks\u00e5 st\u00f6dja n\u00e5gon organisation som jobbar f\u00f6r n\u00e5got du tycker \u00e4r viktigt.<\/p>\n<p>[\/et_pb_text][et_pb_image src=&#8221;https:\/\/kampanj.expressen.se\/hjart-lungfonden\/wp-content\/uploads\/2023\/12\/hlf-amelia-adamo-portratt-farg.jpg&#8221; title_text=&#8221;hlf-amelia-adamo-portratt-farg&#8221; src_phone=&#8221;https:\/\/kampanj.expressen.se\/hjart-lungfonden\/wp-content\/uploads\/2023\/12\/hlf-amelia-adamo-portratt-sv-1&#215;1-1.jpg&#8221; src_last_edited=&#8221;off|phone&#8221; _builder_version=&#8221;4.23.1&#8243; _module_preset=&#8221;default&#8221; width=&#8221;100%&#8221; max_width=&#8221;640px&#8221; module_alignment=&#8221;center&#8221; custom_margin=&#8221;27px||18px||false|false&#8221; custom_padding=&#8221;||0px||false|false&#8221; global_colors_info=&#8221;{}&#8221; theme_builder_area=&#8221;post_content&#8221;][\/et_pb_image][et_pb_text _builder_version=&#8221;4.23.1&#8243; _module_preset=&#8221;default&#8221; global_colors_info=&#8221;{}&#8221; theme_builder_area=&#8221;post_content&#8221;]<\/p>\n<p><strong>Jag har valt Hj\u00e4rt-Lungfonden.<\/strong><\/p>\n<p>De hj\u00e4lper miljontals m\u00e4nniskor runt om i Sverige som har sjukdom i hj\u00e4rta eller lungor. Jag har inte bara dem att tacka f\u00f6r att det gick s\u00e5 l\u00e4tt f\u00f6r min son och barnbarn att operera deras medf\u00f6dda hj\u00e4rtfel, min egen tia (liten stroke) avhj\u00e4lptes p\u00e5 det allra b\u00e4sta s\u00e4tt av hj\u00e4rtl\u00e4kare i Bolln\u00e4s. D\u00e4rf\u00f6r g\u00e5r min julg\u00e5va till forskningen som bek\u00e4mpar hj\u00e4rtats sjukdomar. V\u00e5ra hj\u00e4rtan sl\u00e5r 100 000 slag varje dag. Men inte f\u00f6r alla. Det ska forskningen \u00e4ndra p\u00e5.<\/p>\n<p><em>Ge g\u00e4rna en g\u00e5va du ocks\u00e5.<\/em><\/p>\n<p>[\/et_pb_text][\/et_pb_column][\/et_pb_row][\/et_pb_section][et_pb_section fb_built=&#8221;1&#8243; custom_padding_last_edited=&#8221;off|desktop&#8221; admin_label=&#8221;Artikel\/text 1&#8243; _builder_version=&#8221;4.23.1&#8243; _module_preset=&#8221;default&#8221; background_color=&#8221;#FFFFFF&#8221; custom_padding=&#8221;0px|0px|40px||false|false&#8221; custom_padding_tablet=&#8221;40px||40px||true|false&#8221; custom_padding_phone=&#8221;35px||40px||false|false&#8221; collapsed=&#8221;off&#8221; global_colors_info=&#8221;{}&#8221; theme_builder_area=&#8221;post_content&#8221;][et_pb_row disabled_on=&#8221;off|off|off&#8221; admin_label=&#8221;GAM Banner Slot 1&#8243; _builder_version=&#8221;4.27.0&#8243; _module_preset=&#8221;default&#8221; background_color=&#8221;#FFFFFF&#8221; positioning=&#8221;none&#8221; width_tablet=&#8221;&#8221; width_phone=&#8221;92%&#8221; width_last_edited=&#8221;on|phone&#8221; max_width=&#8221;980px&#8221; module_alignment=&#8221;center&#8221; custom_margin=&#8221;0px|0px|0px|0px|false|true&#8221; custom_padding=&#8221;0px|0px|0px|0px|false|false&#8221; locked=&#8221;off&#8221; global_colors_info=&#8221;{}&#8221; theme_builder_area=&#8221;post_content&#8221;][et_pb_column type=&#8221;4_4&#8243; _builder_version=&#8221;4.20.1&#8243; _module_preset=&#8221;default&#8221; custom_padding=&#8221;|0px||0px|false|false&#8221; global_colors_info=&#8221;{}&#8221; theme_builder_area=&#8221;post_content&#8221;][et_pb_code _builder_version=&#8221;4.27.3&#8243; _module_preset=&#8221;default&#8221; max_width=&#8221;640px&#8221; module_alignment=&#8221;center&#8221; locked=&#8221;off&#8221; global_colors_info=&#8221;{}&#8221; theme_builder_area=&#8221;post_content&#8221;]\t\t<div class=\"bau-ad-container bau-ad-container-module-320\" id=\"bau-fallback-89284108336\">\n\t\t\t<b-a-d slotname=\"module\"  targeting-tags='modul-white-a'slotsizes='640x360,640x320,640x240'><\/b-a-d>\n\t\t<\/div>\n\t\t\t\t<script>\n\t\t\tsetTimeout(() => {\n\t\t\t\twindow.hasAcceptedGAMCookies = window.Didomi.getCurrentUserStatus().vendors.google['enabled'];\n\t\t\t\tif(hasAdBlocker || !hasAcceptedGAMCookies){\n\t\t\t\t\tdocument.getElementById('bau-fallback-89284108336').innerHTML = '<a href=\\\"https:\/\/www.hjart-lungfonden.se\/det-galler-oss-alla\/forskning-ar-losningen\/\\\" rel=\\\"sponsored\\\"><img class=\\\"bau-fallback bau-fallback-module-320\\\" src=\\\"https:\/\/kampanj.expressen.se\/hjart-lungfonden\/wp-content\/uploads\/2024\/11\/640_ny-2.png\\\" alt=\\\"Fallback\\\" \/><\/a>';\n\t\t\t\t}\n\t\t\t},8000);\n\t\t<\/script>\n\t\t[\/et_pb_code][\/et_pb_column][\/et_pb_row][et_pb_row use_custom_gutter=&#8221;on&#8221; gutter_width=&#8221;2&#8243; custom_padding_last_edited=&#8221;off|phone&#8221; _builder_version=&#8221;4.23.1&#8243; _module_preset=&#8221;default&#8221; background_enable_color=&#8221;off&#8221; width_tablet=&#8221;80%&#8221; width_phone=&#8221;90%&#8221; width_last_edited=&#8221;on|desktop&#8221; max_width=&#8221;640px&#8221; max_width_last_edited=&#8221;off|desktop&#8221; module_alignment=&#8221;center&#8221; custom_margin=&#8221;||||false|false&#8221; custom_padding=&#8221;0px||0px||false|false&#8221; custom_padding_tablet=&#8221;24px|60px|0px|60px|false|true&#8221; custom_padding_phone=&#8221;|0px||0px|false|true&#8221; locked=&#8221;off&#8221; global_colors_info=&#8221;{}&#8221; theme_builder_area=&#8221;post_content&#8221;][et_pb_column type=&#8221;4_4&#8243; _builder_version=&#8221;4.16&#8243; _module_preset=&#8221;default&#8221; global_colors_info=&#8221;{}&#8221; theme_builder_area=&#8221;post_content&#8221;][et_pb_image src=&#8221;https:\/\/kampanj.expressen.se\/hjart-lungfonden\/wp-content\/uploads\/2023\/12\/90_Konto_Logo_RGB.png&#8221; title_text=&#8221;90_Konto_Logo_RGB&#8221; align=&#8221;right&#8221; _builder_version=&#8221;4.23.1&#8243; _module_preset=&#8221;default&#8221; max_width=&#8221;100px&#8221; max_width_tablet=&#8221;100px&#8221; max_width_last_edited=&#8221;off|phone&#8221; custom_margin=&#8221;20px||0px||false|false&#8221; animation_style=&#8221;fade&#8221; global_colors_info=&#8221;{}&#8221; theme_builder_area=&#8221;post_content&#8221;][\/et_pb_image][\/et_pb_column][\/et_pb_row][\/et_pb_section][et_pb_section fb_built=&#8221;1&#8243; disabled_on=&#8221;off|off|off&#8221; _builder_version=&#8221;4.24.0&#8243; _module_preset=&#8221;default&#8221; background_color=&#8221;#FFFFFF&#8221; z_index=&#8221;99999&#8243; custom_margin=&#8221;0px||0px||true|false&#8221; custom_padding=&#8221;0px||0px||true|false&#8221; border_width_top=&#8221;2px&#8221; border_color_top=&#8221;#0076D6&#8243; global_module=&#8221;166&#8243; global_colors_info=&#8221;{}&#8221; theme_builder_area=&#8221;post_content&#8221;][et_pb_row _builder_version=&#8221;4.24.0&#8243; _module_preset=&#8221;default&#8221; background_enable_color=&#8221;off&#8221; width_tablet=&#8221;80%&#8221; width_phone=&#8221;90%&#8221; width_last_edited=&#8221;on|phone&#8221; max_width=&#8221;900px&#8221; module_alignment=&#8221;center&#8221; custom_margin=&#8221;0px||0px||true|false&#8221; custom_padding=&#8221;27px|0px|27px|0px|true|false&#8221; border_width_top=&#8221;0px&#8221; border_color_top=&#8221;#0076D6&#8243; global_colors_info=&#8221;{}&#8221; theme_builder_area=&#8221;post_content&#8221;][et_pb_column type=&#8221;4_4&#8243; _builder_version=&#8221;4.23&#8243; _module_preset=&#8221;default&#8221; global_colors_info=&#8221;{}&#8221; theme_builder_area=&#8221;post_content&#8221;][et_pb_text _builder_version=&#8221;4.24.0&#8243; _module_preset=&#8221;default&#8221; text_font=&#8221;|||on|||||&#8221; text_text_color=&#8221;#FFFFFF&#8221; text_line_height=&#8221;1.3em&#8221; background_color=&#8221;#EB0000&#8243; text_orientation=&#8221;center&#8221; custom_padding=&#8221;4px||2px||false|false&#8221; custom_css_main_element=&#8221;font-family:%22Siri%22, Helvetica, Arial, Lucida, sans-serif;||font-size:16px!important;&#8221; global_colors_info=&#8221;{}&#8221; theme_builder_area=&#8221;post_content&#8221;]<\/p>\n<p>Andra har ocks\u00e5 l\u00e4st<\/p>\n<p>[\/et_pb_text][et_pb_blog fullwidth=&#8221;off&#8221; posts_number=&#8221;100&#8243; include_categories=&#8221;12&#8243; show_author=&#8221;off&#8221; show_date=&#8221;off&#8221; show_categories=&#8221;off&#8221; show_excerpt=&#8221;off&#8221; show_pagination=&#8221;off&#8221; module_class=&#8221;more-articles et_blog_grid_equal_height&#8221; _builder_version=&#8221;4.24.0&#8243; _module_preset=&#8221;default&#8221; header_font=&#8221;||||||||&#8221; header_text_color=&#8221;#000000&#8243; header_font_size=&#8221;21px&#8221; body_font=&#8221;Source Sans Pro||||||||&#8221; read_more_font=&#8221;Arial|||on|||||&#8221; read_more_text_color=&#8221;#141414&#8243; read_more_font_size=&#8221;13px&#8221; custom_margin=&#8221;30px||0px||false|false&#8221; custom_padding=&#8221;0px||0px||false|false&#8221; custom_css_title=&#8221;font-family:%22Siri Expressen%22, Helvetica, Arial, Lucida, sans-serif!important;&#8221; custom_css_featured_image=&#8221;height:160px;&#8221; border_radii=&#8221;off|16px||16px|&#8221; border_width_all=&#8221;0px&#8221; box_shadow_style=&#8221;preset1&#8243; box_shadow_horizontal=&#8221;2px&#8221; box_shadow_blur=&#8221;6px&#8221; box_shadow_spread=&#8221;1px&#8221; box_shadow_color=&#8221;rgba(173,173,173,0.3)&#8221; locked=&#8221;off&#8221; global_colors_info=&#8221;{}&#8221; custom_css_featured_image_last_edited=&#8221;off|phone&#8221; theme_builder_area=&#8221;post_content&#8221;][\/et_pb_blog][\/et_pb_column][\/et_pb_row][\/et_pb_section]<\/p>\n","protected":false},"excerpt":{"rendered":"<p>Amelia Adamo \u201dJag visste inte att min son hade ett hj\u00e4rtfel\u201dAMELIA ADAMO Publicerad 14 december 2023Amelia Adamo med sina tv\u00e5 barnbarn.Sonen ringde fr\u00e5n Vietnam. Det var tv\u00e5 dagar f\u00f6re julafton. Han var 23 \u00e5r och p\u00e5 backpackerresa.\u2013 Mamma, jag m\u00e5ste till sjukhus det \u00e4r n\u00e5got med mitt hj\u00e4rta, det rusar och rusar, pulsen sl\u00e5r i [&hellip;]<\/p>\n","protected":false},"author":1,"featured_media":2776,"comment_status":"closed","ping_status":"open","sticky":false,"template":"","format":"standard","meta":{"_et_pb_use_builder":"on","_et_pb_old_content":"","_et_gb_content_width":"","footnotes":""},"categories":[1],"tags":[],"class_list":["post-2770","post","type-post","status-publish","format-standard","has-post-thumbnail","hentry","category-okategoriserade"],"_links":{"self":[{"href":"https:\/\/kampanj.expressen.se\/hjart-lungfonden\/wp-json\/wp\/v2\/posts\/2770","targetHints":{"allow":["GET"]}}],"collection":[{"href":"https:\/\/kampanj.expressen.se\/hjart-lungfonden\/wp-json\/wp\/v2\/posts"}],"about":[{"href":"https:\/\/kampanj.expressen.se\/hjart-lungfonden\/wp-json\/wp\/v2\/types\/post"}],"author":[{"embeddable":true,"href":"https:\/\/kampanj.expressen.se\/hjart-lungfonden\/wp-json\/wp\/v2\/users\/1"}],"replies":[{"embeddable":true,"href":"https:\/\/kampanj.expressen.se\/hjart-lungfonden\/wp-json\/wp\/v2\/comments?post=2770"}],"version-history":[{"count":45,"href":"https:\/\/kampanj.expressen.se\/hjart-lungfonden\/wp-json\/wp\/v2\/posts\/2770\/revisions"}],"predecessor-version":[{"id":4898,"href":"https:\/\/kampanj.expressen.se\/hjart-lungfonden\/wp-json\/wp\/v2\/posts\/2770\/revisions\/4898"}],"wp:featuredmedia":[{"embeddable":true,"href":"https:\/\/kampanj.expressen.se\/hjart-lungfonden\/wp-json\/wp\/v2\/media\/2776"}],"wp:attachment":[{"href":"https:\/\/kampanj.expressen.se\/hjart-lungfonden\/wp-json\/wp\/v2\/media?parent=2770"}],"wp:term":[{"taxonomy":"category","embeddable":true,"href":"https:\/\/kampanj.expressen.se\/hjart-lungfonden\/wp-json\/wp\/v2\/categories?post=2770"},{"taxonomy":"post_tag","embeddable":true,"href":"https:\/\/kampanj.expressen.se\/hjart-lungfonden\/wp-json\/wp\/v2\/tags?post=2770"}],"curies":[{"name":"wp","href":"https:\/\/api.w.org\/{rel}","templated":true}]}}